{"id":667854,"date":"2026-01-16T14:20:09","date_gmt":"2026-01-16T14:20:09","guid":{"rendered":"https:\/\/www.europesays.com\/fr\/667854\/"},"modified":"2026-01-16T14:20:09","modified_gmt":"2026-01-16T14:20:09","slug":"a-rennes-alexandra-lance-une-soiree-speciale-pour-les-mamans","status":"publish","type":"post","link":"https:\/\/www.europesays.com\/fr\/667854\/","title":{"rendered":"\u00e0 Rennes, Alexandra lance une soir\u00e9e sp\u00e9ciale pour les mamans"},"content":{"rendered":"<p>                    Par<br \/>\n        <strong><br \/>\n            <a href=\"https:\/\/actu.fr\/auteur\/laurene-fertin\" title=\"Consulter tous les articles de Laur\u00e8ne Fertin\" target=\"_blank\" rel=\"noopener\">Laur\u00e8ne Fertin<\/a><br \/>\n                    <\/strong><\/p>\n<p>        Publi\u00e9 le<\/p>\n<p>            16 janv. 2026 \u00e0 14h12        <\/p>\n<p>\u00ab\u2009J\u2019ai remarqu\u00e9 que c\u2019\u00e9tait souvent les maris qui sortaient, et non les mamans\u2009\u00bb, raconte Alexandra Blondeau. La maman de cinq enfants, qui habitante \u00e0 Vezin-le-Coquet, pr\u00e8s de Rennes, a d\u00e9cid\u00e9 de renverser la vapeur et de permettre \u00e0 celles qui c\u00e8dent souvent le pas \u00e0 leur mari question soir\u00e9es, de <strong>s\u2019amuser,<\/strong> <strong>elles aussi.<\/strong><\/p>\n<p>Passer \u00ab\u2009un moment convivial\u2009\u00bb<\/p>\n<p class=\" wall-content\">\u00ab\u2009C\u2019est<strong> la premi\u00e8re fois<\/strong> que j\u2019organise une \u00e9dition Maman bouge et elle aura lieu Aux pigeons blancs, \u00e0 Saint-Jacques-de-la-Lande\u2009\u00bb, pr\u00e9cise-t-elle \u00e0 la r\u00e9daction d\u2019actu Rennes.<\/p>\n<p class=\" wall-content\">L\u2019objectif\u2009: passer \u00ab\u2009un moment convivial\u2009\u00bb entre femmes, et \u00ab\u2009rien que pour les femmes\u2009\u00bb. \u00ab\u2009Le seul homme de la soir\u00e9e sera mon mari\u2009\u00bb, rit Alexandra Blondeau, \u00ab\u2009il est DJ et passera de la musique dans le bar dont une moiti\u00e9 sera privatis\u00e9e.\u2009\u00bb Le format est <strong>adapt\u00e9<\/strong> aux mamans puisque l\u2019\u00e9v\u00e9nement se d\u00e9roule<strong> de 19h \u00e0 00h<\/strong>, <strong>vendredi 23\u00a0janvier 2026.<\/strong><\/p>\n<p>Jusqu\u2019\u00e0 100\u00a0personnes<\/p>\n<p class=\" wall-content\">Au total, <strong>entre 80 et 100\u00a0personnes<\/strong> pourront r\u00e9server leur place (20\u00a0euros)* pour \u00e9couter du son des ann\u00e9es 80 \u00e0 2000 \u00ab\u2009et pourquoi pas donner le micro rose et partir en battle\u2009\u00bb, ajoute le mari d\u2019Alexandra, alias DJ Talio.<\/p>\n<p class=\" wall-content\">Lors de la soir\u00e9e, il y aura \u00e9galement un stand de <strong>tattoo shop<\/strong> avec Tattoo-Lili ainsi qu\u2019un<strong> stand bien-\u00eatre\/lingerie<\/strong> avec R\u00e9cr\u00e9co. Une <strong>tombola<\/strong> sera par ailleurs propos\u00e9e.<\/p>\n<p>*Le billet, \u00e0 hauteur de 20\u00a0euros, comprend le pass pour la soir\u00e9e ainsi qu\u2019une boisson alcoolis\u00e9e ou non alcoolis\u00e9e, sans oublier une planche ap\u00e9ro. R\u00e9servations <a href=\"https:\/\/l.facebook.com\/l.php?u=https%3A%2F%2Fbuy.stripe.com%2F00w4gzfKv2zqcJ22AQ9R600%3Ffbclid%3DIwZXh0bgNhZW0CMTAAYnJpZBExa0RpcjhubHRrVXZoYWZnNnNydGMGYXBwX2lkEDIyMjAzOTE3ODgyMDA4OTIAAR6V-3yUdhZV6cxCvhfWqi2EaMeiCBlNrbl3xDcphTIliv6Fh-qk9JMejvPHFA_aem_M1sEauLW3L4j_IM0d9nKeg&amp;h=AT2UBY3maSKIeu3OLSnWATijJ9slrTax-vMZafoz3s8pvsfbFGOTnADVYYUD4NAp45tet7Q4IOsULXFWqlGofkSp0shxs-dUw_YQvEcx1-aY2RLDCgbywtbA5bTsW8-bcl2hW0QDOsb9TppiZA&amp;__tn__=-UK-R&amp;c%5B0%5D=AT2wLCV_0NRCVuYQPoQCfCZRkRU_OjEv5IjohrijXseST0lGFCLypSOf-UrT6hH__vU1Vj5q5LcDgA2CTbX_BORzzFpf3U6_gp0dgGX-0nbl0huS7gIuOePV33KehEHwlYsVEoxiButgrX5I7zObSunxSJKJF5VE5CgOf2WV6l_FuUEc3f3IwuxZbwn-VqRWkZLJtwJRbAstc2o_rYlCZeEGzL6Ipk65-i6AF70_lc8bc3rBUYhabzHZ\" target=\"_blank\" rel=\"noopener\">ici<\/a>. Aux pigeons blancs, <a href=\"https:\/\/www.google.com\/maps\/place\/\/data=!4m2!3m1!1s0x480edfdf00cb10e7:0x6a49d1debb3ccb15?sa=X&amp;ved=1t:8290&amp;ictx=111\" target=\"_blank\" rel=\"noopener\">au 321, rue de Nantes, 35136 Saint-Jacques-de-la-Lande.<\/a><\/p>\n<p class=\" wall-content\">Personnalisez votre actualit\u00e9 en ajoutant vos villes et m\u00e9dias en favori avec <a href=\"https:\/\/moncompte.actu.fr\" title=\"D\u00e9couvez Mon Actu\" rel=\"nofollow noopener\" data-trk=\"{&quot;cta&quot;:{&quot;action&quot;:&quot;https:\\\/\\\/moncompte.actu.fr&quot;,&quot;category&quot;:&quot;mon compte&quot;,&quot;from&quot;:&quot;article footer&quot;,&quot;name&quot;:&quot;Mon actu&quot;,&quot;type&quot;:&quot;cta&quot;}}\" target=\"_blank\">Mon Actu<\/a>.<\/p>\n","protected":false},"excerpt":{"rendered":"Par Laur\u00e8ne Fertin Publi\u00e9 le 16 janv. 2026 \u00e0 14h12 \u00ab\u2009J\u2019ai remarqu\u00e9 que c\u2019\u00e9tait souvent les maris qui&hellip;\n","protected":false},"author":2,"featured_media":667855,"comment_status":"","ping_status":"","sticky":false,"template":"","format":"standard","meta":{"footnotes":""},"categories":[2821],"tags":[1111,11,829,1777,674,1011,27,1652,12,584,25],"class_list":{"0":"post-667854","1":"post","2":"type-post","3":"status-publish","4":"format-standard","5":"has-post-thumbnail","7":"category-rennes","8":"tag-actu","9":"tag-actualites","10":"tag-bretagne","11":"tag-eu","12":"tag-europe","13":"tag-fr","14":"tag-france","15":"tag-loisirs-culture","16":"tag-news","17":"tag-rennes","18":"tag-republique-francaise"},"share_on_mastodon":{"url":"https:\/\/pubeurope.com\/@fr\/115905221451176284","error":""},"_links":{"self":[{"href":"https:\/\/www.europesays.com\/fr\/wp-json\/wp\/v2\/posts\/667854","targetHints":{"allow":["GET"]}}],"collection":[{"href":"https:\/\/www.europesays.com\/fr\/wp-json\/wp\/v2\/posts"}],"about":[{"href":"https:\/\/www.europesays.com\/fr\/wp-json\/wp\/v2\/types\/post"}],"author":[{"embeddable":true,"href":"https:\/\/www.europesays.com\/fr\/wp-json\/wp\/v2\/users\/2"}],"replies":[{"embeddable":true,"href":"https:\/\/www.europesays.com\/fr\/wp-json\/wp\/v2\/comments?post=667854"}],"version-history":[{"count":0,"href":"https:\/\/www.europesays.com\/fr\/wp-json\/wp\/v2\/posts\/667854\/revisions"}],"wp:featuredmedia":[{"embeddable":true,"href":"https:\/\/www.europesays.com\/fr\/wp-json\/wp\/v2\/media\/667855"}],"wp:attachment":[{"href":"https:\/\/www.europesays.com\/fr\/wp-json\/wp\/v2\/media?parent=667854"}],"wp:term":[{"taxonomy":"category","embeddable":true,"href":"https:\/\/www.europesays.com\/fr\/wp-json\/wp\/v2\/categories?post=667854"},{"taxonomy":"post_tag","embeddable":true,"href":"https:\/\/www.europesays.com\/fr\/wp-json\/wp\/v2\/tags?post=667854"}],"curies":[{"name":"wp","href":"https:\/\/api.w.org\/{rel}","templated":true}]}}