{"id":667856,"date":"2026-01-16T14:21:12","date_gmt":"2026-01-16T14:21:12","guid":{"rendered":"https:\/\/www.europesays.com\/fr\/667856\/"},"modified":"2026-01-16T14:21:12","modified_gmt":"2026-01-16T14:21:12","slug":"programme-de-renouvellement-urbain-et-de-creation-de-logements-dans-le-quartier-cleunay-a-rennes","status":"publish","type":"post","link":"https:\/\/www.europesays.com\/fr\/667856\/","title":{"rendered":"programme de renouvellement urbain et de cr\u00e9ation de logements dans le quartier Cleunay \u00e0 Rennes"},"content":{"rendered":"<p>Le quartier de Cleunay, \u00e0 Rennes, dans le d\u00e9partement d\u2019Ille-et-Vilaine, va faire l\u2019objet d\u2019un vaste programme de renouvellement urbain pr\u00e9voyant plus de 400 logements neufs ou r\u00e9habilit\u00e9s d\u2019ici \u00e0 2035.<\/p>\n<p class=\"c-paragraph\">Rennes M\u00e9tropole et N\u00e9otoa engagent un programme portant sur plus de 400 logements dans le quartier de Cleunay, avec des r\u00e9alisations planifi\u00e9es jusqu\u2019en 2035. Ce projet associe constructions neuves et r\u00e9habilitations afin d\u2019\u00e9largir l\u2019offre r\u00e9sidentielle. Il int\u00e9grera des logements sociaux, des habitations en accession sociale et des biens en bail r\u00e9el solidaire pour renforcer la vocation sociale du quartier.<\/p>\n<p class=\"c-paragraph\">Les premi\u00e8res interventions d\u00e9buteront par la d\u00e9molition de l\u2019ancien b\u00e2timent Antipode, qui sera remplac\u00e9 par un immeuble de 28 logements financ\u00e9s en Pr\u00eat locatif aid\u00e9 d\u2019int\u00e9gration et en Pr\u00eat locatif \u00e0 usage social. Une r\u00e9sidence de 19 logements, int\u00e9grant une salle associative, sera \u00e9galement \u00e9difi\u00e9e. \u00c0 l\u2019angle des rues Andr\u00e9-Trasbot et Jules-Lallemand, un programme de 28 logements sera construit afin de densifier l\u2019offre existante.<\/p>\n<p class=\"c-paragraph\">Le b\u00e2timent voisin sera sur\u00e9lev\u00e9 pour accueillir 56 appartements suppl\u00e9mentaires. Une r\u00e9sidence pour seniors et un \u00eelot de 63 logements compl\u00e9teront les r\u00e9alisations pr\u00e9vues. Enfin, les immeubles situ\u00e9s au 34-36, rue Ferdinand-de-Lesseps seront d\u00e9molis pour permettre la cr\u00e9ation d\u2019une r\u00e9sidence de 80 logements destin\u00e9e aux jeunes. L\u2019ensemble du chantier s\u2019\u00e9tendra jusqu\u2019en 2035.<\/p>\n","protected":false},"excerpt":{"rendered":"Le quartier de Cleunay, \u00e0 Rennes, dans le d\u00e9partement d\u2019Ille-et-Vilaine, va faire l\u2019objet d\u2019un vaste programme de renouvellement&hellip;\n","protected":false},"author":2,"featured_media":667388,"comment_status":"","ping_status":"","sticky":false,"template":"","format":"standard","meta":{"footnotes":""},"categories":[2821],"tags":[1111,11,829,1777,674,1011,27,848,12,584,25,7333],"class_list":{"0":"post-667856","1":"post","2":"type-post","3":"status-publish","4":"format-standard","5":"has-post-thumbnail","7":"category-rennes","8":"tag-actu","9":"tag-actualites","10":"tag-bretagne","11":"tag-eu","12":"tag-europe","13":"tag-fr","14":"tag-france","15":"tag-ille-et-vilaine","16":"tag-news","17":"tag-rennes","18":"tag-republique-francaise","19":"tag-vie-du-btp"},"share_on_mastodon":{"url":"https:\/\/pubeurope.com\/@fr\/115905225386967671","error":""},"_links":{"self":[{"href":"https:\/\/www.europesays.com\/fr\/wp-json\/wp\/v2\/posts\/667856","targetHints":{"allow":["GET"]}}],"collection":[{"href":"https:\/\/www.europesays.com\/fr\/wp-json\/wp\/v2\/posts"}],"about":[{"href":"https:\/\/www.europesays.com\/fr\/wp-json\/wp\/v2\/types\/post"}],"author":[{"embeddable":true,"href":"https:\/\/www.europesays.com\/fr\/wp-json\/wp\/v2\/users\/2"}],"replies":[{"embeddable":true,"href":"https:\/\/www.europesays.com\/fr\/wp-json\/wp\/v2\/comments?post=667856"}],"version-history":[{"count":0,"href":"https:\/\/www.europesays.com\/fr\/wp-json\/wp\/v2\/posts\/667856\/revisions"}],"wp:featuredmedia":[{"embeddable":true,"href":"https:\/\/www.europesays.com\/fr\/wp-json\/wp\/v2\/media\/667388"}],"wp:attachment":[{"href":"https:\/\/www.europesays.com\/fr\/wp-json\/wp\/v2\/media?parent=667856"}],"wp:term":[{"taxonomy":"category","embeddable":true,"href":"https:\/\/www.europesays.com\/fr\/wp-json\/wp\/v2\/categories?post=667856"},{"taxonomy":"post_tag","embeddable":true,"href":"https:\/\/www.europesays.com\/fr\/wp-json\/wp\/v2\/tags?post=667856"}],"curies":[{"name":"wp","href":"https:\/\/api.w.org\/{rel}","templated":true}]}}