{"id":667857,"date":"2026-01-16T14:22:09","date_gmt":"2026-01-16T14:22:09","guid":{"rendered":"https:\/\/www.europesays.com\/fr\/667857\/"},"modified":"2026-01-16T14:22:09","modified_gmt":"2026-01-16T14:22:09","slug":"a-strasbourg-la-comptable-fraichement-arrivee-dans-lentreprise-detournait-de-largent","status":"publish","type":"post","link":"https:\/\/www.europesays.com\/fr\/667857\/","title":{"rendered":"\u00e0 Strasbourg, la comptable fra\u00eechement arriv\u00e9e dans l&rsquo;entreprise d\u00e9tournait de l&rsquo;argent"},"content":{"rendered":"<p>                    Par<br \/>\n        <strong><br \/>\n            <a href=\"https:\/\/actu.fr\/auteur\/redaction-strasbourg\" title=\"Consulter tous les articles de R\u00e9daction Strasbourg\" target=\"_blank\" rel=\"noopener\">R\u00e9daction Strasbourg<\/a><br \/>\n                    <\/strong><\/p>\n<p>        Publi\u00e9 le<\/p>\n<p>            16 janv. 2026 \u00e0 14h43        <\/p>\n<p>Entre juin et novembre 2023, ce sont plus de <strong>23 000 euros<\/strong> pay\u00e9s par les patients des cliniques Sainte-Anne, Sainte-Barbe et de la Toussaint \u00e0 <strong>Strasbourg<\/strong> qui se sont <strong>volatilis\u00e9s<\/strong>. \u00c0 la suite d\u2019un contr\u00f4le men\u00e9 \u00e0 la fin de l\u2019ann\u00e9e 2023, une \u00ab s\u00e9rie d\u2019\u00e9l\u00e9ments troublants \u00bb, selon l\u2019avocat du groupe hospitalier Saint-Vincent, d\u00e9signe <strong>une jeune comptable arriv\u00e9e dans l\u2019entreprise quelques mois plus t\u00f4t<\/strong>.<\/p>\n<p class=\" wall-content\">Cette m\u00e8re de famille de 28 ans, arriv\u00e9e en mai 2023, \u00e9tait charg\u00e9e de r\u00e9cup\u00e9rer l\u2019<a href=\"https:\/\/actu.fr\/tag\/argent\" target=\"_blank\" rel=\"noopener\">argent<\/a> liquide des trois cliniques strasbourgeoises g\u00e9r\u00e9es par la fondation Vincent de Paul pour le d\u00e9poser \u00e0 la banque. Mais probl\u00e8me : <strong>certaines sommes n\u2019apparaissent pas sur les comptes du groupe hospitalier<\/strong>.<\/p>\n<p>\u00ab Quelqu\u2019un voulait peut-\u00eatre me nuire \u00bb<\/p>\n<p class=\" wall-content\">Devant le tribunal correctionnel de Strasbourg, la comptable licenci\u00e9e en janvier 2024 pour faute grave a fermement ni\u00e9 les faits. \u00ab\u00a0Je ne m\u2019explique pas la situation, \u00e0 moins que quelqu\u2019un veuille me nuire\u00a0\u00bb, s\u2019est-elle d\u00e9fendue face \u00e0 la pr\u00e9sidente qui a soulev\u00e9 certaines incoh\u00e9rences.<\/p>\n<p class=\" wall-content\">Les importantes sommes d\u2019agent liquide d\u00e9pos\u00e9es sur son compte personnel durant la p\u00e9riode ? Issues de l\u2019argent des loyers per\u00e7us par ses grands-parents et qu\u2019ils lui reversent. Les maquillages comptables r\u00e9alis\u00e9s avec ses identifiants juste apr\u00e8s l\u2019annonce d\u2019un contr\u00f4le fin 2023 ? On aurait pu facilement avoir acc\u00e8s \u00e0 ses mots de passe.<\/p>\n<p class=\" wall-content\">Reconnue coupable, la jeune femme a \u00e9t\u00e9 <strong>condamn\u00e9e \u00e0 quatre mois de prison avec sursis probatoire<\/strong>. Elle devra rembourser \u00e0 la fondation l\u2019int\u00e9gralit\u00e9 de la somme d\u00e9tourn\u00e9e et a en outre <strong>l\u2019interdiction d\u2019exercer son m\u00e9tier de comptable durant trois ans<\/strong>.<\/p>\n<p class=\" wall-content\"><strong>Olivia Kouassi<\/strong><\/p>\n<p class=\" wall-content\">Personnalisez votre actualit\u00e9 en ajoutant vos villes et m\u00e9dias en favori avec <a href=\"https:\/\/moncompte.actu.fr\" title=\"D\u00e9couvez Mon Actu\" rel=\"nofollow noopener\" data-trk=\"{&quot;cta&quot;:{&quot;action&quot;:&quot;https:\\\/\\\/moncompte.actu.fr&quot;,&quot;category&quot;:&quot;mon compte&quot;,&quot;from&quot;:&quot;article footer&quot;,&quot;name&quot;:&quot;Mon actu&quot;,&quot;type&quot;:&quot;cta&quot;}}\" target=\"_blank\">Mon Actu<\/a>.<\/p>\n","protected":false},"excerpt":{"rendered":"Par R\u00e9daction Strasbourg Publi\u00e9 le 16 janv. 2026 \u00e0 14h43 Entre juin et novembre 2023, ce sont plus&hellip;\n","protected":false},"author":2,"featured_media":667858,"comment_status":"","ping_status":"","sticky":false,"template":"","format":"standard","meta":{"footnotes":""},"categories":[2820],"tags":[1111,11,1261,1777,674,118,1011,27,775,303,12,25,640],"class_list":{"0":"post-667857","1":"post","2":"type-post","3":"status-publish","4":"format-standard","5":"has-post-thumbnail","7":"category-strasbourg","8":"tag-actu","9":"tag-actualites","10":"tag-argent","11":"tag-eu","12":"tag-europe","13":"tag-faits-divers","14":"tag-fr","15":"tag-france","16":"tag-grand-est","17":"tag-justice","18":"tag-news","19":"tag-republique-francaise","20":"tag-strasbourg"},"share_on_mastodon":{"url":"https:\/\/pubeurope.com\/@fr\/115905229331235729","error":""},"_links":{"self":[{"href":"https:\/\/www.europesays.com\/fr\/wp-json\/wp\/v2\/posts\/667857","targetHints":{"allow":["GET"]}}],"collection":[{"href":"https:\/\/www.europesays.com\/fr\/wp-json\/wp\/v2\/posts"}],"about":[{"href":"https:\/\/www.europesays.com\/fr\/wp-json\/wp\/v2\/types\/post"}],"author":[{"embeddable":true,"href":"https:\/\/www.europesays.com\/fr\/wp-json\/wp\/v2\/users\/2"}],"replies":[{"embeddable":true,"href":"https:\/\/www.europesays.com\/fr\/wp-json\/wp\/v2\/comments?post=667857"}],"version-history":[{"count":0,"href":"https:\/\/www.europesays.com\/fr\/wp-json\/wp\/v2\/posts\/667857\/revisions"}],"wp:featuredmedia":[{"embeddable":true,"href":"https:\/\/www.europesays.com\/fr\/wp-json\/wp\/v2\/media\/667858"}],"wp:attachment":[{"href":"https:\/\/www.europesays.com\/fr\/wp-json\/wp\/v2\/media?parent=667857"}],"wp:term":[{"taxonomy":"category","embeddable":true,"href":"https:\/\/www.europesays.com\/fr\/wp-json\/wp\/v2\/categories?post=667857"},{"taxonomy":"post_tag","embeddable":true,"href":"https:\/\/www.europesays.com\/fr\/wp-json\/wp\/v2\/tags?post=667857"}],"curies":[{"name":"wp","href":"https:\/\/api.w.org\/{rel}","templated":true}]}}