{"id":667859,"date":"2026-01-16T14:23:22","date_gmt":"2026-01-16T14:23:22","guid":{"rendered":"https:\/\/www.europesays.com\/fr\/667859\/"},"modified":"2026-01-16T14:23:22","modified_gmt":"2026-01-16T14:23:22","slug":"lantenne-inria-de-luniversite-de-strasbourg-est-creee","status":"publish","type":"post","link":"https:\/\/www.europesays.com\/fr\/667859\/","title":{"rendered":"\u00ab\u00a0l\u2019Antenne Inria de l\u2019universit\u00e9 de Strasbourg\u00a0\u00bb est cr\u00e9\u00e9e,&#8230;"},"content":{"rendered":"<p>Inria et l\u2019universit\u00e9 de Strasbourg signent un accord-cadre renfor\u00e7ant leur partenariat \u00ab\u00a0dans une vision int\u00e9gr\u00e9e du num\u00e9rique, \u00e0 travers la recherche, la formation et l\u2019innovation\u00a0\u00bb, vendredi 16\u00a0janvier\u00a02026. L\u2019antenne Inria locale devient \u00ab\u00a0Antenne Inria de l\u2019universit\u00e9 de Strasbourg\u00a0\u00bb, avec l\u2019ambition de \u00ab\u00a0faire du site strasbourgeois un p\u00f4le d\u2019excellence en sciences et technologies du num\u00e9rique\u00a0\u00bb. Les deux partenaires peuvent s\u2019appuyer sur quatre \u00e9quipes-projets, un acc\u00e8s mutualis\u00e9 \u00e0 leurs plateformes technologiques, et le partage de ressources d\u00e9di\u00e9es au transfert.\t\t\t\t\t<\/p>\n<p><b>Cette d\u00e9p\u00eache est r\u00e9serv\u00e9e aux abonn\u00e9s<\/b><\/p>\n<p>Il vous reste 94 % de cette d\u00e9p\u00eache \u00e0 d\u00e9couvrir.<\/p>\n<p><\/p>\n<ul>\n<li>Retrouver l\u2019int\u00e9gralit\u00e9 de cette d\u00e9p\u00eache et tous les contenus de la m\u00eame th\u00e9matique<\/li>\n<li>Toute l\u2019actualit\u00e9 strat\u00e9gique d\u00e9crypt\u00e9e par nos journalistes experts<\/li>\n<li>Information fiable, neutre et r\u00e9active<\/li>\n<li>R\u00e9ception par email personnalisable<\/li>\n<\/ul>\n<p>\n\t\t\t\t\t\t\t\t\tTESTER GRATUITEMENT PENDANT 1 MOIS\n\t\t\t\t\t\t\t\t<\/p>\n<p>\t\t\t\t\t\t\t\tTest gratuit et sans engagement<\/p>\n<p>\n\t\t\t\t\t\t\t\t\tD\u00e9j\u00e0 abonn\u00e9(e) ? Je me connecte\n\t\t\t\t\t\t\t\t<\/p>\n","protected":false},"excerpt":{"rendered":"Inria et l\u2019universit\u00e9 de Strasbourg signent un accord-cadre renfor\u00e7ant leur partenariat \u00ab\u00a0dans une vision int\u00e9gr\u00e9e du num\u00e9rique, \u00e0&hellip;\n","protected":false},"author":2,"featured_media":667860,"comment_status":"","ping_status":"","sticky":false,"template":"","format":"standard","meta":{"footnotes":""},"categories":[2820],"tags":[1111,11,1777,674,1011,27,775,12,25,640],"class_list":{"0":"post-667859","1":"post","2":"type-post","3":"status-publish","4":"format-standard","5":"has-post-thumbnail","7":"category-strasbourg","8":"tag-actu","9":"tag-actualites","10":"tag-eu","11":"tag-europe","12":"tag-fr","13":"tag-france","14":"tag-grand-est","15":"tag-news","16":"tag-republique-francaise","17":"tag-strasbourg"},"share_on_mastodon":{"url":"https:\/\/pubeurope.com\/@fr\/115905233324176112","error":""},"_links":{"self":[{"href":"https:\/\/www.europesays.com\/fr\/wp-json\/wp\/v2\/posts\/667859","targetHints":{"allow":["GET"]}}],"collection":[{"href":"https:\/\/www.europesays.com\/fr\/wp-json\/wp\/v2\/posts"}],"about":[{"href":"https:\/\/www.europesays.com\/fr\/wp-json\/wp\/v2\/types\/post"}],"author":[{"embeddable":true,"href":"https:\/\/www.europesays.com\/fr\/wp-json\/wp\/v2\/users\/2"}],"replies":[{"embeddable":true,"href":"https:\/\/www.europesays.com\/fr\/wp-json\/wp\/v2\/comments?post=667859"}],"version-history":[{"count":0,"href":"https:\/\/www.europesays.com\/fr\/wp-json\/wp\/v2\/posts\/667859\/revisions"}],"wp:featuredmedia":[{"embeddable":true,"href":"https:\/\/www.europesays.com\/fr\/wp-json\/wp\/v2\/media\/667860"}],"wp:attachment":[{"href":"https:\/\/www.europesays.com\/fr\/wp-json\/wp\/v2\/media?parent=667859"}],"wp:term":[{"taxonomy":"category","embeddable":true,"href":"https:\/\/www.europesays.com\/fr\/wp-json\/wp\/v2\/categories?post=667859"},{"taxonomy":"post_tag","embeddable":true,"href":"https:\/\/www.europesays.com\/fr\/wp-json\/wp\/v2\/tags?post=667859"}],"curies":[{"name":"wp","href":"https:\/\/api.w.org\/{rel}","templated":true}]}}