{"id":667885,"date":"2026-01-16T14:36:10","date_gmt":"2026-01-16T14:36:10","guid":{"rendered":"https:\/\/www.europesays.com\/fr\/667885\/"},"modified":"2026-01-16T14:36:10","modified_gmt":"2026-01-16T14:36:10","slug":"lepicerie-des-halles-de-la-martiniere-en-liquidation-judiciaire","status":"publish","type":"post","link":"https:\/\/www.europesays.com\/fr\/667885\/","title":{"rendered":"l&rsquo;\u00e9picerie des Halles de la Martini\u00e8re en liquidation judiciaire"},"content":{"rendered":"<p itemprop=\"description\"><strong>Ouverte en 2017, l&rsquo;\u00e9picerie des Halles de la Martini\u00e8re est en passe de fermer d\u00e9finitivement ses portes.<\/strong><\/p>\n<p>Une audience au tribunal de commerce de Lyon est pr\u00e9vue ce 20 janvier comme le r\u00e9v\u00e8le <a href=\"https:\/\/www.rue89lyon.fr\/2026\/01\/16\/epicerie-halles-martiniere-risque-fermeture\/\" target=\"_blank\" rel=\"noopener\">Rue89Lyon<\/a>, alors qu&rsquo;une proc\u00e9dure de liquidation judiciaire a \u00e9t\u00e9 engag\u00e9e il y a quelques jours.<\/p>\n<p>Une annonce difficile \u00e0 encaisser pour les clients de l&rsquo;enseigne, install\u00e9e dans la c\u00e9l\u00e8bre halle du 1er arrondissement.<\/p>\n<p>G\u00e9r\u00e9e en Scop par ses salari\u00e9es, l&rsquo;\u00e9picerie aurait fait face \u00e0 une chute abyssale de son chiffre d&rsquo;affaires l&rsquo;an dernier, passant de 850 000 euros en 2024 \u00e0 570 000 en 2025.<\/p>\n<p>De plus, les relations avec l&rsquo;entreprise qui portait le projet de r\u00e9ouverture des Halles et qui b\u00e9n\u00e9ficie d&rsquo;un bail emphyt\u00e9otique de 40 ans pass\u00e9 avec la Ville de Lyon se sont d\u00e9grad\u00e9es, Etic r\u00e9clamant un loyer et des charges jug\u00e9s trop \u00e9lev\u00e9s.<\/p>\n<p>Du c\u00f4t\u00e9 de la mairie \u00e9cologiste, on ne peut que regarder le navire sombrer. La proposition d&rsquo;encadrement des loyers commerciaux n&rsquo;a jamais trouv\u00e9 l&rsquo;\u00e9cho n\u00e9cessaire malgr\u00e9 le courrier adress\u00e9 par Gr\u00e9gory Doucet et son homologue de Bordeaux Pierre Hurmic au Premier ministre. La M\u00e9tropole de son c\u00f4t\u00e9 finance le Grap (Groupement r\u00e9gional alimentaire de proximit\u00e9), qui soutient les Scop.<\/p>\n<p>Mais difficile d&rsquo;imaginer une autre issue que la fermeture d\u00e9finitive, d&rsquo;autant que les \u00e9tals ne sont plus renouvel\u00e9s pour liquider le stock.<\/p>\n<p>L&rsquo;Epicerie des Halles laisserait un vide immense au sein des Halles, qui ont d\u00e9j\u00e0 perdu en 2022 La Cri\u00e9e des Monts d&rsquo;Or, jamais remplac\u00e9e.<\/p>\n<p>Les Halles de la Martini\u00e8re s&rsquo;en rel\u00e8veront-elles ?<\/p>\n","protected":false},"excerpt":{"rendered":"Ouverte en 2017, l&rsquo;\u00e9picerie des Halles de la Martini\u00e8re est en passe de fermer d\u00e9finitivement ses portes. Une&hellip;\n","protected":false},"author":2,"featured_media":667886,"comment_status":"","ping_status":"","sticky":false,"template":"","format":"standard","meta":{"footnotes":""},"categories":[1889],"tags":[1111,11,2813,2190,2430,1109,251,1112,2811,1777,674,118,1011,27,1922,1110,1114,2428,2810,12,241,316,25,2812,517,800],"class_list":{"0":"post-667885","1":"post","2":"type-post","3":"status-publish","4":"format-standard","5":"has-post-thumbnail","7":"category-lyon","8":"tag-actu","9":"tag-actualites","10":"tag-article","11":"tag-asvel","12":"tag-auvergne-rhone-alpes","13":"tag-breves","14":"tag-culture","15":"tag-depeches","16":"tag-economique","17":"tag-eu","18":"tag-europe","19":"tag-faits-divers","20":"tag-fr","21":"tag-france","22":"tag-info","23":"tag-informations","24":"tag-infos","25":"tag-lyon","26":"tag-lyonmag","27":"tag-news","28":"tag-ol","29":"tag-politique","30":"tag-republique-francaise","31":"tag-sociale","32":"tag-sport","33":"tag-transports"},"share_on_mastodon":{"url":"https:\/\/pubeurope.com\/@fr\/115905284401701590","error":""},"_links":{"self":[{"href":"https:\/\/www.europesays.com\/fr\/wp-json\/wp\/v2\/posts\/667885","targetHints":{"allow":["GET"]}}],"collection":[{"href":"https:\/\/www.europesays.com\/fr\/wp-json\/wp\/v2\/posts"}],"about":[{"href":"https:\/\/www.europesays.com\/fr\/wp-json\/wp\/v2\/types\/post"}],"author":[{"embeddable":true,"href":"https:\/\/www.europesays.com\/fr\/wp-json\/wp\/v2\/users\/2"}],"replies":[{"embeddable":true,"href":"https:\/\/www.europesays.com\/fr\/wp-json\/wp\/v2\/comments?post=667885"}],"version-history":[{"count":0,"href":"https:\/\/www.europesays.com\/fr\/wp-json\/wp\/v2\/posts\/667885\/revisions"}],"wp:featuredmedia":[{"embeddable":true,"href":"https:\/\/www.europesays.com\/fr\/wp-json\/wp\/v2\/media\/667886"}],"wp:attachment":[{"href":"https:\/\/www.europesays.com\/fr\/wp-json\/wp\/v2\/media?parent=667885"}],"wp:term":[{"taxonomy":"category","embeddable":true,"href":"https:\/\/www.europesays.com\/fr\/wp-json\/wp\/v2\/categories?post=667885"},{"taxonomy":"post_tag","embeddable":true,"href":"https:\/\/www.europesays.com\/fr\/wp-json\/wp\/v2\/tags?post=667885"}],"curies":[{"name":"wp","href":"https:\/\/api.w.org\/{rel}","templated":true}]}}