{"id":667887,"date":"2026-01-16T14:37:20","date_gmt":"2026-01-16T14:37:20","guid":{"rendered":"https:\/\/www.europesays.com\/fr\/667887\/"},"modified":"2026-01-16T14:37:20","modified_gmt":"2026-01-16T14:37:20","slug":"grave-accident-sur-la46-pres-de-lyon-lautoroute-fermee-un-mort-helicoptere-mobilise","status":"publish","type":"post","link":"https:\/\/www.europesays.com\/fr\/667887\/","title":{"rendered":"Grave accident sur l&rsquo;A46 pr\u00e8s de Lyon, l&rsquo;autoroute ferm\u00e9e : un mort, h\u00e9licopt\u00e8re mobilis\u00e9"},"content":{"rendered":"<p>                    Par<br \/>\n        <strong><br \/>\n            <a href=\"https:\/\/actu.fr\/auteur\/nicolas-zaugra\" title=\"Consulter tous les articles de Nicolas Zaugra\" target=\"_blank\" rel=\"noopener\">Nicolas Zaugra<\/a><br \/>\n                    <\/strong><\/p>\n<p>        Publi\u00e9 le<\/p>\n<p>            16 janv. 2026 \u00e0 13h55<br \/>\n        ; mis \u00e0 jour le 16 janv. 2026 \u00e0 13h59    <\/p>\n<p>Un grave accident s\u2019est produit peu avant 12h ce vendredi 16 janvier 2026 sur l\u2019<strong>A46 sud<\/strong> \u00e0 hauteur de Communay (Rh\u00f4ne) dans la m\u00e9tropole de <a href=\"https:\/\/actu.fr\/auvergne-rhone-alpes\/lyon_69123\" target=\"_blank\" rel=\"noopener\">Lyon<\/a> pr\u00e8s de l\u2019\u00e9changeur avec l\u2019A7. L\u2019accident <strong>entre un camion et un fourgon<\/strong> s\u2019est d\u00e9roul\u00e9 en direction de Marseille vers <a href=\"https:\/\/actu.fr\/auvergne-rhone-alpes\/saint-etienne_42218\" target=\"_blank\" rel=\"noopener\">Saint-Etienne<\/a>.<\/p>\n<p class=\" wall-content\">Selon nos informations, <strong>un mort est confirm\u00e9<\/strong> dans l\u2019accident. Il s\u2019agit d\u2019une personne \u00e2g\u00e9e de 38 ans. D\u2019importants moyens de secours sont d\u00e9ploy\u00e9s sur place dont un h\u00e9licopt\u00e8re du Samu.<\/p>\n<p>    <a href=\"https:\/\/www.google.com\/maps\/embed?pb=!1m18!1m12!1m3!1d200628.909753636!2d4.8119552765585345!3d45.66174301511009!2m3!1f0!2f0!3f0!3m2!1i1024!2i768!4f13.1!3m3!1m2!1s0x47f4e765cdfdbfcd%3A0x408ab2ae4bb18d0!2s69360%20Communay!5e1!3m2!1sfr!2sfr!4v1768567247688!5m2!1sfr!2sfr\" title=\"Ouvrie le lien\" target=\"_blank\" rel=\"noopener\">Cliquez ici pour visualiser le contenu<\/a><\/p>\n<p>L\u2019A46 coup\u00e9e dans un sens de circulation<\/p>\n<p class=\" wall-content\">Au moins 2 heures de bouchons sont encore pr\u00e9vus, selon nos informations. L\u2019A46 est ferm\u00e9e dans le sens Marseille\/ Saint-Etienne jusqu\u2019\u00e0 nouvel ordre et ce depuis 12h06.<\/p>\n<p class=\" wall-content\">Les mesures suivantes ont \u00e9t\u00e9 mises en place d\u00e8s 12h14 en direction de Marseille\/Saint-Etienne.<br \/>Pour contourner la difficult\u00e9 :<\/p>\n<ul class=\" wall-content\">\n<li>Sortie obligatoire et entr\u00e9e interdite \u00e0 tous les v\u00e9hicules Communay (n\u00b016)<\/li>\n<li>Sortie conseill\u00e9e \u00e0 V\u00e9nissieux (n\u00b014) \u00e0 tous les v\u00e9hicules<\/li>\n<li>D\u00e9viation par l\u2019aire de service de Communay Nord<\/li>\n<\/ul>\n<p class=\" wall-content\">Il est conseill\u00e9 d\u2019\u00e9viter le secteur ce vendredi apr\u00e8s-midi.<\/p>\n<p class=\" wall-content\">Personnalisez votre actualit\u00e9 en ajoutant vos villes et m\u00e9dias en favori avec <a href=\"https:\/\/moncompte.actu.fr\" title=\"D\u00e9couvez Mon Actu\" rel=\"nofollow noopener\" data-trk=\"{&quot;cta&quot;:{&quot;action&quot;:&quot;https:\\\/\\\/moncompte.actu.fr&quot;,&quot;category&quot;:&quot;mon compte&quot;,&quot;from&quot;:&quot;article footer&quot;,&quot;name&quot;:&quot;Mon actu&quot;,&quot;type&quot;:&quot;cta&quot;}}\" target=\"_blank\">Mon Actu<\/a>.<\/p>\n","protected":false},"excerpt":{"rendered":"Par Nicolas Zaugra Publi\u00e9 le 16 janv. 2026 \u00e0 13h55 ; mis \u00e0 jour le 16 janv. 2026&hellip;\n","protected":false},"author":2,"featured_media":667888,"comment_status":"","ping_status":"","sticky":false,"template":"","format":"standard","meta":{"footnotes":""},"categories":[1889],"tags":[119,1111,11,6423,2430,1777,674,118,1011,27,2428,12,1311,25],"class_list":{"0":"post-667887","1":"post","2":"type-post","3":"status-publish","4":"format-standard","5":"has-post-thumbnail","7":"category-lyon","8":"tag-accident","9":"tag-actu","10":"tag-actualites","11":"tag-autoroute-7-a7","12":"tag-auvergne-rhone-alpes","13":"tag-eu","14":"tag-europe","15":"tag-faits-divers","16":"tag-fr","17":"tag-france","18":"tag-lyon","19":"tag-news","20":"tag-pompiers","21":"tag-republique-francaise"},"share_on_mastodon":{"url":"https:\/\/pubeurope.com\/@fr\/115905288113251437","error":""},"_links":{"self":[{"href":"https:\/\/www.europesays.com\/fr\/wp-json\/wp\/v2\/posts\/667887","targetHints":{"allow":["GET"]}}],"collection":[{"href":"https:\/\/www.europesays.com\/fr\/wp-json\/wp\/v2\/posts"}],"about":[{"href":"https:\/\/www.europesays.com\/fr\/wp-json\/wp\/v2\/types\/post"}],"author":[{"embeddable":true,"href":"https:\/\/www.europesays.com\/fr\/wp-json\/wp\/v2\/users\/2"}],"replies":[{"embeddable":true,"href":"https:\/\/www.europesays.com\/fr\/wp-json\/wp\/v2\/comments?post=667887"}],"version-history":[{"count":0,"href":"https:\/\/www.europesays.com\/fr\/wp-json\/wp\/v2\/posts\/667887\/revisions"}],"wp:featuredmedia":[{"embeddable":true,"href":"https:\/\/www.europesays.com\/fr\/wp-json\/wp\/v2\/media\/667888"}],"wp:attachment":[{"href":"https:\/\/www.europesays.com\/fr\/wp-json\/wp\/v2\/media?parent=667887"}],"wp:term":[{"taxonomy":"category","embeddable":true,"href":"https:\/\/www.europesays.com\/fr\/wp-json\/wp\/v2\/categories?post=667887"},{"taxonomy":"post_tag","embeddable":true,"href":"https:\/\/www.europesays.com\/fr\/wp-json\/wp\/v2\/tags?post=667887"}],"curies":[{"name":"wp","href":"https:\/\/api.w.org\/{rel}","templated":true}]}}