{"id":667891,"date":"2026-01-16T14:40:11","date_gmt":"2026-01-16T14:40:11","guid":{"rendered":"https:\/\/www.europesays.com\/fr\/667891\/"},"modified":"2026-01-16T14:40:11","modified_gmt":"2026-01-16T14:40:11","slug":"perquisition-dans-la-librairie-violette-and-co-pour-saisir-un-album-de-coloriage-propalestinien","status":"publish","type":"post","link":"https:\/\/www.europesays.com\/fr\/667891\/","title":{"rendered":"Perquisition dans la librairie Violette and Co pour saisir un album de coloriage propalestinien"},"content":{"rendered":"<p>L\u2019histoire n\u2019\u00e9tonnerait plus dans les <a href=\"https:\/\/www.20minutes.fr\/monde\/etats-unis\/\" class=\"c-link c-link--is-underlined\" target=\"_blank\" rel=\"noopener\">Etats-Unis<\/a> de <a href=\"https:\/\/www.20minutes.fr\/dossier\/donald_trump\" class=\"c-link c-link--is-underlined\" target=\"_blank\" rel=\"noopener\">Donald Trump<\/a>. C\u2019est pourtant \u00e0 <a href=\"https:\/\/www.20minutes.fr\/paris\/\" class=\"c-link c-link--is-underlined\" target=\"_blank\" rel=\"noopener\">Paris<\/a> qu\u2019une librairie a \u00e9t\u00e9 perquisitionn\u00e9e mercredi matin. Alors que les employ\u00e9s arrivaient pour pr\u00e9parer l\u2019ouverture, ils \u00e9taient attendus par cinq <a href=\"https:\/\/www.20minutes.fr\/dossier\/police\" class=\"c-link c-link--is-underlined\" target=\"_blank\" rel=\"noopener\">policiers<\/a> et un substitut du procureur. La raison de leur pr\u00e9sence\u00a0? Une perquisition \u00e0 propos d\u2019un livre ill\u00e9gal, selon le t\u00e9moignage <a href=\"https:\/\/www.mediapart.fr\/journal\/france\/160126\/la-librairie-queer-violette-and-co-perquisitionnee-paris-pour-un-livre-de-coloriage-propalestinien\" rel=\"nofollow noopener\" target=\"_blank\" class=\"c-link c-link--is-underlined\">rapport\u00e9 par nos confr\u00e8res de Mediapart<\/a>.<\/p>\n<p>Apr\u00e8s un contr\u00f4le d\u2019identit\u00e9 des cinq employ\u00e9s, les forces de l\u2019ordre s\u2019affairent. \u00ab\u00a0Ils nous ont demand\u00e9 si on avait des exemplaires du livre <a href=\"https:\/\/socialbanditmedia.co.za\/social-bandit-media-3\/from-the-river-to-the-sea\/\" rel=\"nofollow noopener\" target=\"_blank\" class=\"c-link c-link--is-underlined\">From the River to the Sea<\/a> en stock, on a dit non. Puis ils ont fouill\u00e9 la salle jeunesse, sont descendus dans la cave, ont sorti les livres, un par un, pour les contr\u00f4ler. Ils ont d\u00fb ouvrir environ une trentaine de cartons. Ils ont fouill\u00e9 les rayonnages publics et les espaces r\u00e9serv\u00e9s aux personnels, la salle de pause\u2026 C\u2019\u00e9tait flippant\u00a0\u00bb, t\u00e9moigne Lu, la g\u00e9rante.<\/p>\n<p>Un livre d\u00e9j\u00e0 \u00e0 l\u2019origine de plusieurs pol\u00e9miques<\/p>\n<p>Selon elle, les agents pr\u00e9sents ont indiqu\u00e9 que le livre \u00e9tait interdit et qu\u2019il \u00e9tait \u00ab\u00a0ill\u00e9gal de le vendre\u00a0\u00bb.<\/p>\n<p>Ce livre a fait l\u2019objet de pol\u00e9miques depuis que Violette and Co l\u2019a affich\u00e9 en vitrine \u00e0 l\u2019\u00e9t\u00e9\u00a02025. Son titre d\u2019abord, (\u00ab\u00a0Du fleuve \u00e0 la mer\u00a0\u00bb en VF), est un slogan <a href=\"https:\/\/www.20minutes.fr\/high-tech\/by-the-web\/4073275-20240129-guerre-hamas-israel-quatre-questions-comprendre-affrontement-entre-animateur-arthur-juriste-rima-hassan\" class=\"c-link c-link--is-underlined\" target=\"_blank\" rel=\"noopener\">r\u00e9guli\u00e8rement repris dans les mobilisations propalestiniennes<\/a>.<\/p>\n<\/p>\n<p>Cat\u00e9goris\u00e9 \u00ab\u00a0jeunesse\u00a0\u00bb, destin\u00e9 aux \u00ab\u00a06 \u00e0 10 ans et plus\u00a0\u00bb, il affiche des positions antisionistes et a valu \u00e0 la librairie plusieurs probl\u00e8mes importants. Quelques semaines apr\u00e8s l\u2019avoir affich\u00e9 en vitrine, cette derni\u00e8re \u00e9tait vandalis\u00e9e avec les phrases \u00ab\u00a0Hamas violeur\u00a0\u00bb et \u00ab\u00a0islamo-complices\u00a0\u00bb grav\u00e9s sur la devanture.<\/p>\n<p>Un peu plus tard, en novembre\u00a02025, des \u00e9lus de la droite parisienne ont fait <a href=\"https:\/\/www.20minutes.fr\/arts-stars\/livres\/4188132-20251126-menaces-degradations-paris-comme-regions-librairies-victimes-campagnes-intimidation\" class=\"c-link c-link--is-underlined\" target=\"_blank\" rel=\"noopener\">rejeter une subvention de 500.000 euros<\/a> \u00e0 quarante librairies ind\u00e9pendantes et ont justifi\u00e9 cette man\u0153uvre par la mise en vente du livre propalestinien de Violette and Co. Une d\u00e9cision qui fera beaucoup de bruit au Conseil de Paris. Quelques jours plus tard, c\u2019est la r\u00e9gion \u00cele-de-France cette fois qui avait refus\u00e9 une subvention \u00e0 Violette and Co, accus\u00e9e de relayer des publications antis\u00e9mites.<\/p>\n<p>Pas d\u2019arr\u00eat d\u2019interdiction, mais un avis d\u00e9favorable de la Commission de surveillance<\/p>\n<p>Pourtant, le livre de coloriage \u00ab\u00a0n\u2019a \u00e9t\u00e9 frapp\u00e9 d\u2019aucun arr\u00eat d\u2019interdiction de vente par le minist\u00e8re de l\u2019int\u00e9rieur\u00a0\u00bb, pr\u00e9cise Mediapart. En ao\u00fbt\u00a02025, le <a href=\"https:\/\/www.20minutes.fr\/dossier\/minist_re_de_l_int_rieur\" class=\"c-link c-link--is-underlined\" target=\"_blank\" rel=\"noopener\">minist\u00e8re de l\u2019Int\u00e9rieur<\/a> a bien envoy\u00e9 un courriel au sujet de l\u2019ouvrage \u00e0 la Commission de surveillance et de contr\u00f4le des publications pour la jeunesse (CSCPJ) (qui d\u00e9pend du minist\u00e8re de la Justice) charg\u00e9e de v\u00e9rifier qu\u2019une publication ax\u00e9e jeunesse \u00ab\u00a0ne comporte aucun contenu pr\u00e9sentant un danger\u00a0\u00bb pour les enfants et adolescents.<\/p>\n<p>La CSCPJ avait alors \u00e9mis un \u00ab\u00a0avis d\u00e9favorable \u00e0 l\u2019importation de l\u2019ouvrage\u00a0\u00bb, au motif \u00ab\u00a0que son contenu est susceptible d\u2019inciter \u00e0 la haine envers un groupe de personnes, \u00e0 savoir la population isra\u00e9lienne, et de nuire \u00e0 l\u2019\u00e9panouissement moral de la jeunesse\u00a0\u00bb, transmis au minist\u00e8re de la Culture.<\/p>\n<p>Probl\u00e8me, la librairie n\u2019a jamais re\u00e7u cet avis d\u00e9favorable, pas plus que l\u2019\u00e9diteur sud-africain du livre, selon Mediapart. Les ouvrages ayant \u00e9t\u00e9 \u00ab\u00a0d\u00e9pos\u00e9s\u00a0\u00bb \u00e0 la librairie, c\u2019est l\u2019\u00e9diteur qui aurait d\u00fb faire la demande d\u2019autorisation de l\u2019importation. L\u2019enqu\u00eate de Mediapart met en avant le rapport d\u2019activit\u00e9 2018-2020 de la CSCPJ, o\u00f9 elle conc\u00e8de \u00eatre \u00ab\u00a0rarement sollicit\u00e9e pour les publications \u00e9trang\u00e8res import\u00e9es en France\u00a0\u00bb, m\u00eame si les \u00e9diteurs y sont normalement oblig\u00e9s.<\/p>\n<p>\u00ab\u00a0On se demande si ce n\u2019est pas de l\u2019intimidation\u00a0\u00bb<\/p>\n<p>Un imbroglio soulign\u00e9 par l\u2019avocat de la librairie Thibault Laforcade\u00a0: \u00ab\u00a0C\u2019est un vrai probl\u00e8me en droit. On a un acte administratif dont personne n\u2019est inform\u00e9 et qui n\u2019est donc susceptible d\u2019aucun recours\u00a0!\u00a0\u00bb<\/p>\n<p>La g\u00e9rante de la librairie assure de sa bonne foi sur le sujet. \u00ab\u00a0On ne commercialise pas de livres interdits. Notre lieu est beaucoup trop important pour qu\u2019on prenne ce genre de risque, on veut \u00eatre le plus carr\u00e9\u00b7es possible\u00a0\u00bb, assure-t-elle ajoutant qu\u2019elle se serait bien pass\u00e9e d\u2019une nouvelle pol\u00e9mique. \u00ab\u00a0Tous les deux mois, on se prend des attaques. D\u00e9j\u00e0 que de base, c\u2019est un m\u00e9tier fatigant\u2026 On aimerait bien le faire tranquillement.\u00a0\u00bb<\/p>\n<p><a href=\"https:\/\/www.20minutes.fr\/paris\/\" class=\"c-link c-btn c-btn--primary\" target=\"_blank\" rel=\"noopener\">Retrouvez ici toute l&rsquo;actualit\u00e9 de Paris et d&rsquo;\u00cele-de-France<\/a><\/p>\n<p>Elle s\u2019interroge toutefois sur l\u2019int\u00e9r\u00eat de cette op\u00e9ration. \u00ab\u00a0On se demande si ce n\u2019est pas de l\u2019intimidation ou une man\u0153uvre politique.\u00a0\u00bb Dans un communiqu\u00e9, la librairie se montre plus offensive\u00a0: \u00ab\u00a0L\u2019objectif ne semble pas avoir \u00e9t\u00e9 l\u2019application du droit, mais l\u2019envoi d\u2019un signal\u00a0: surveiller, intimider, dissuader. Le flou volontairement entretenu sur les proc\u00e9dures et le z\u00e8le d\u00e9ploy\u00e9 pour une accusation manifestement bancale contrastent violemment avec l\u2019inaction persistante face \u00e0 la plainte que nous avons d\u00e9pos\u00e9e en septembre\u00a02025 pour menaces, d\u00e9gradations et intimidations.\u00a0\u00bb<\/p>\n<p>L\u2019affaire a fait r\u00e9agir de nombreux \u00e9lus de gauche, parmi lesquels, David Belliard, adjoint <a href=\"https:\/\/www.20minutes.fr\/dossier\/anne_hidalgo\" class=\"c-link c-link--is-underlined\" target=\"_blank\" rel=\"noopener\">d\u2019Anne Hidalgo<\/a>, qui a tweet\u00e9 ce vendredi matin pour d\u00e9noncer l&rsquo;\u00ab\u00a0insupportable pression aupr\u00e8s des librairies ind\u00e9pendantes\u00a0\u00bb\u00a0: \u00ab\u00a0Un seuil suppl\u00e9mentaire a \u00e9t\u00e9 franchi avec cette mobilisation in\u00e9dite de l\u2019appareil judiciaire.\u00a0\u00bb Son alli\u00e9 dans l\u2019union de la gauche pour les municipales\u00a02026, le s\u00e9nateur communiste Ian Brossat a lui d\u00e9nonc\u00e9 \u00ab\u00a0l\u2019offensive trumpiste de la droite parisienne\u00a0\u00bb.<\/p>\n","protected":false},"excerpt":{"rendered":"L\u2019histoire n\u2019\u00e9tonnerait plus dans les Etats-Unis de Donald Trump. C\u2019est pourtant \u00e0 Paris qu\u2019une librairie a \u00e9t\u00e9 perquisitionn\u00e9e&hellip;\n","protected":false},"author":2,"featured_media":667892,"comment_status":"","ping_status":"","sticky":false,"template":"","format":"standard","meta":{"footnotes":""},"categories":[1888],"tags":[1111,1928,47,11,1927,6155,9006,3259,2617,1777,674,1011,27,3519,662,664,14783,21026,1014,12,1926,3518,626,1925,316,25,104],"class_list":{"0":"post-667891","1":"post","2":"type-post","3":"status-publish","4":"format-standard","5":"has-post-thumbnail","7":"category-paris","8":"tag-actu","9":"tag-actu-paris","10":"tag-actualite","11":"tag-actualites","12":"tag-actualites-paris","13":"tag-antisemitisme","14":"tag-censure","15":"tag-conflit-israelo-palestinien","16":"tag-conseil-de-paris","17":"tag-eu","18":"tag-europe","19":"tag-fr","20":"tag-france","21":"tag-hamas","22":"tag-ile-de-france","23":"tag-israel","24":"tag-librairie","25":"tag-mediapart","26":"tag-ministere-de-linterieur","27":"tag-news","28":"tag-news-paris","29":"tag-palestine","30":"tag-paris","31":"tag-paris-news","32":"tag-politique","33":"tag-republique-francaise","34":"tag-societe"},"share_on_mastodon":{"url":"https:\/\/pubeurope.com\/@fr\/115905300074659722","error":""},"_links":{"self":[{"href":"https:\/\/www.europesays.com\/fr\/wp-json\/wp\/v2\/posts\/667891","targetHints":{"allow":["GET"]}}],"collection":[{"href":"https:\/\/www.europesays.com\/fr\/wp-json\/wp\/v2\/posts"}],"about":[{"href":"https:\/\/www.europesays.com\/fr\/wp-json\/wp\/v2\/types\/post"}],"author":[{"embeddable":true,"href":"https:\/\/www.europesays.com\/fr\/wp-json\/wp\/v2\/users\/2"}],"replies":[{"embeddable":true,"href":"https:\/\/www.europesays.com\/fr\/wp-json\/wp\/v2\/comments?post=667891"}],"version-history":[{"count":0,"href":"https:\/\/www.europesays.com\/fr\/wp-json\/wp\/v2\/posts\/667891\/revisions"}],"wp:featuredmedia":[{"embeddable":true,"href":"https:\/\/www.europesays.com\/fr\/wp-json\/wp\/v2\/media\/667892"}],"wp:attachment":[{"href":"https:\/\/www.europesays.com\/fr\/wp-json\/wp\/v2\/media?parent=667891"}],"wp:term":[{"taxonomy":"category","embeddable":true,"href":"https:\/\/www.europesays.com\/fr\/wp-json\/wp\/v2\/categories?post=667891"},{"taxonomy":"post_tag","embeddable":true,"href":"https:\/\/www.europesays.com\/fr\/wp-json\/wp\/v2\/tags?post=667891"}],"curies":[{"name":"wp","href":"https:\/\/api.w.org\/{rel}","templated":true}]}}