{"id":667893,"date":"2026-01-16T14:41:11","date_gmt":"2026-01-16T14:41:11","guid":{"rendered":"https:\/\/www.europesays.com\/fr\/667893\/"},"modified":"2026-01-16T14:41:11","modified_gmt":"2026-01-16T14:41:11","slug":"semi-et-marathon-de-paris-2026-courez-pour-sauver-des-vies-avec-les-emplaques-%f0%9f%92%aa","status":"publish","type":"post","link":"https:\/\/www.europesays.com\/fr\/667893\/","title":{"rendered":"Semi et Marathon de Paris 2026 : courez pour sauver des vies avec Les Emplaqu\u00e9s ! \ud83d\udcaa"},"content":{"rendered":"<p>                                                                        <img decoding=\"async\" src=\"https:\/\/www.europesays.com\/fr\/wp-content\/uploads\/2026\/01\/Dossards Solidaires_Image de fond.jpg\" alt=\"Coureurs et coureuses portant le t-shirt rose des Emplaqu\u00e9s lors d'une course avec la mention &quot;courez pour le don de sang avec Les Emplaqu\u00e9s&quot; en dessous.\" typeof=\"foaf:Image\" class=\"image-style-large-actualites\"\/><\/p>\n<p>\n                                Coureurs et coureuses portant le t-shirt rose des Emplaqu\u00e9s lors d&rsquo;une course avec la mention \u00ab\u00a0courez pour le don de sang avec Les Emplaqu\u00e9s\u00a0\u00bb en dessous.\n                            <\/p>\n<p>                        \ud83e\ude78 Les Emplaqu\u00e9s : 17 ans d&rsquo;engagement<\/p>\n<p>Depuis 2009, Les Emplaqu\u00e9s \u0153uvrent inlassablement pour promouvoir le don de sang \u00e0 travers le sport. Notre mission ? Faire prendre conscience que chaque don, de sang, de plaquettes, de plasma compte. En France,\u00a0<strong>1 million de vies sont sauv\u00e9es chaque ann\u00e9e gr\u00e2ce \u00e0 ces dons<\/strong>.<\/p>\n<p>\ud83c\udfbd Procurez-vous votre dossard solidaire et brillez en rose !<\/p>\n<p>En rejoignant notre \u00e9quipe, vous recevrez notre embl\u00e9matique\u00a0<strong>t-shirt rose p\u00e9tant<\/strong>\u00a0qui vous fera briller sur tout le parcours ! Gr\u00e2ce \u00e0 votre course, des milliers de supporters et de coureurs penseront peut-\u00eatre \u00e0 s\u2019inscrire \u00e0 une collecte de sang pour sauver des vies.<\/p>\n<p>Chaque coureur\u00b7se inscrit\u00b7e avec un dossard solidaire r\u00e9colte minimum\u00a0<strong>10 \u20ac par kilom\u00e8tre<\/strong>\u00a0pour soutenir nos actions de sensibilisation. Ces dossards sont non seulement deux fois moins chers \u00e0 l\u2019achat que les dossards classiques, mais nous permettront de poursuivre et d&rsquo;amplifier nos campagnes de sensibilisation tout au long de l&rsquo;ann\u00e9e !<\/p>\n<p>Pour le semi-marathon (21 km), la collecte minimum est de <strong>210 \u20ac<\/strong> et pour le marathon (42 km), <strong>420 \u20ac<\/strong> minimum.<\/p>\n<p>\ud83d\udcd6 T\u00e9l\u00e9chargez notre ebook gratuit pour r\u00e9ussir votre course !<\/p>\n<p>Pour vous accompagner dans votre pr\u00e9paration, Les Emplaqu\u00e9s ont pr\u00e9par\u00e9 un tout nouvel\u00a0<strong>ebook gratuit<\/strong>\u00a0regroupant des conseils pr\u00e9cieux pour r\u00e9ussir le Semi et le Marathon de Paris. Entra\u00eenement, nutrition, gestion de course, r\u00e9cup\u00e9ration&#8230; Tous nos meilleurs tips sont r\u00e9unis dans ce guide complet !<\/p>\n<p><strong>\ud83d\udc49 Recevez gratuitement votre ebook par mail en cliquant ici :\u00a0<a href=\"https:\/\/tr.ee\/sPq56In1PI\" rel=\"nofollow noopener\" target=\"_blank\">https:\/\/tr.ee\/sPq56In1PI<\/a><\/strong><\/p>\n<p>\ud83d\ude80 Comment obtenir votre dossard solidaire ?<\/p>\n<p>Rejoindre l&rsquo;\u00e9quipe des Emplaqu\u00e9s pour le Semi et le Marathon de Paris 2026 est simple :<\/p>\n<ol>\n<li>Rendez-vous sur la plateforme des <a href=\"https:\/\/www.dossards-solidaires.org\" rel=\"nofollow noopener\" target=\"_blank\"><strong>Dossards solidaires.<\/strong><\/a><\/li>\n<li>Choisissez votre \u00e9preuve (Semi-Marathon ou Marathon).<\/li>\n<li>S\u00e9lectionnez l\u2019association <strong>Les Emplaqu\u00e9s.<\/strong><\/li>\n<li>Renseignez vos informations personnelles et proc\u00e9dez au paiement des frais d\u2019inscription.<\/li>\n<li>Votre page de collecte personnelle est cr\u00e9e ! Vous n\u2019avez plus qu\u2019\u00e0 collecter aupr\u00e8s de vos proches !<\/li>\n<\/ol>\n<p>En portant les couleurs des Emplaqu\u00e9s lors du Semi et du Marathon de Paris 2026, vous devenez un\u00b7e v\u00e9ritable ambassadeur\u00b7rice du don de sang. Chaque foul\u00e9e compte et chaque euro collect\u00e9 nous rapproche de notre objectif : sauver toujours plus de vies.<\/p>\n<p>Alors, pr\u00eat\u00b7e \u00e0 enfiler vos t-shirts roses et \u00e0 courir pour la bonne cause ? Rejoignez-nous d\u00e8s maintenant et transformez votre passion du running en un acte solidaire m\u00e9morable !<\/p>\n<p><strong>\ud83c\udfc3\u200d\u2642\ufe0f Inscrivez-vous maintenant et courez avec nous le 8 mars et le 12 avril 2026 !<\/strong><\/p>\n","protected":false},"excerpt":{"rendered":"Coureurs et coureuses portant le t-shirt rose des Emplaqu\u00e9s lors d&rsquo;une course avec la mention \u00ab\u00a0courez pour le&hellip;\n","protected":false},"author":2,"featured_media":667894,"comment_status":"","ping_status":"","sticky":false,"template":"","format":"standard","meta":{"footnotes":""},"categories":[1888],"tags":[1111,1928,11,1927,1777,674,1011,27,12,1926,626,1925,25],"class_list":{"0":"post-667893","1":"post","2":"type-post","3":"status-publish","4":"format-standard","5":"has-post-thumbnail","7":"category-paris","8":"tag-actu","9":"tag-actu-paris","10":"tag-actualites","11":"tag-actualites-paris","12":"tag-eu","13":"tag-europe","14":"tag-fr","15":"tag-france","16":"tag-news","17":"tag-news-paris","18":"tag-paris","19":"tag-paris-news","20":"tag-republique-francaise"},"share_on_mastodon":{"url":"https:\/\/pubeurope.com\/@fr\/115905303963801949","error":""},"_links":{"self":[{"href":"https:\/\/www.europesays.com\/fr\/wp-json\/wp\/v2\/posts\/667893","targetHints":{"allow":["GET"]}}],"collection":[{"href":"https:\/\/www.europesays.com\/fr\/wp-json\/wp\/v2\/posts"}],"about":[{"href":"https:\/\/www.europesays.com\/fr\/wp-json\/wp\/v2\/types\/post"}],"author":[{"embeddable":true,"href":"https:\/\/www.europesays.com\/fr\/wp-json\/wp\/v2\/users\/2"}],"replies":[{"embeddable":true,"href":"https:\/\/www.europesays.com\/fr\/wp-json\/wp\/v2\/comments?post=667893"}],"version-history":[{"count":0,"href":"https:\/\/www.europesays.com\/fr\/wp-json\/wp\/v2\/posts\/667893\/revisions"}],"wp:featuredmedia":[{"embeddable":true,"href":"https:\/\/www.europesays.com\/fr\/wp-json\/wp\/v2\/media\/667894"}],"wp:attachment":[{"href":"https:\/\/www.europesays.com\/fr\/wp-json\/wp\/v2\/media?parent=667893"}],"wp:term":[{"taxonomy":"category","embeddable":true,"href":"https:\/\/www.europesays.com\/fr\/wp-json\/wp\/v2\/categories?post=667893"},{"taxonomy":"post_tag","embeddable":true,"href":"https:\/\/www.europesays.com\/fr\/wp-json\/wp\/v2\/tags?post=667893"}],"curies":[{"name":"wp","href":"https:\/\/api.w.org\/{rel}","templated":true}]}}