{"id":667895,"date":"2026-01-16T14:42:10","date_gmt":"2026-01-16T14:42:10","guid":{"rendered":"https:\/\/www.europesays.com\/fr\/667895\/"},"modified":"2026-01-16T14:42:10","modified_gmt":"2026-01-16T14:42:10","slug":"jam-session-du-departement-jazz-a-la-peniche-le-son","status":"publish","type":"post","link":"https:\/\/www.europesays.com\/fr\/667895\/","title":{"rendered":"Jam session du d\u00e9partement Jazz \u00e0 la P\u00e9niche le Son"},"content":{"rendered":"<p>\n  Concert des Ateliers Jazz de David Patrois et Ensemble de cordes de Johan Renard suivi d&rsquo;une JAM session.\n<\/p>\n<p>\n  Ateliers Jazz (CMA5 et CMA6) et Ensemble de Cordes du d\u00e9partement Jazz du conservatoire Gabriel Faur\u00e9\n<\/p>\n<p>\n  <strong>Atelier 1 <br \/><\/strong>Hugo Manas\u00a0: trompette\n<\/p>\n<p>\n  Lancelot Kinkelin\u00a0: piano\n<\/p>\n<p>  Pierre Roudier\u00a0: contrebasse <\/p>\n<p><strong>Atelier 2 <br \/><\/strong>Louis Gabriel\u00a0: sax\n<\/p>\n<p>\n  Charles Desjonquieres\u00a0: batterie\n<\/p>\n<p>  Programme\u00a0:<\/p>\n<p>\n  I\u2019ll remember April, Gene De Paul\n<\/p>\n<p>\n  Bernie\u2019s tune, Bernie Miller\n<\/p>\n<p>\n  312 East 32nd street, Lennie Tristano\n<\/p>\n<p>\n  Recado Bossa, Djalma Ferreira\n<\/p>\n<p>\n  Never be another, David Patrois\n<\/p>\n<p>\n  Ensemble de Cordes du d\u00e9partement Jazz du conservatoire Gabriel Faur\u00e9\n<\/p>\n<p>\n  Programme\u00a0: Dramant\u00e9pique &#8211; Hyppolite Robichon<\/p>\n","protected":false},"excerpt":{"rendered":"Concert des Ateliers Jazz de David Patrois et Ensemble de cordes de Johan Renard suivi d&rsquo;une JAM session.&hellip;\n","protected":false},"author":2,"featured_media":667896,"comment_status":"","ping_status":"","sticky":false,"template":"","format":"standard","meta":{"footnotes":""},"categories":[1888],"tags":[11,1777,674,1011,27,12,626,25],"class_list":{"0":"post-667895","1":"post","2":"type-post","3":"status-publish","4":"format-standard","5":"has-post-thumbnail","7":"category-paris","8":"tag-actualites","9":"tag-eu","10":"tag-europe","11":"tag-fr","12":"tag-france","13":"tag-news","14":"tag-paris","15":"tag-republique-francaise"},"share_on_mastodon":{"url":"https:\/\/pubeurope.com\/@fr\/115905307944295774","error":""},"_links":{"self":[{"href":"https:\/\/www.europesays.com\/fr\/wp-json\/wp\/v2\/posts\/667895","targetHints":{"allow":["GET"]}}],"collection":[{"href":"https:\/\/www.europesays.com\/fr\/wp-json\/wp\/v2\/posts"}],"about":[{"href":"https:\/\/www.europesays.com\/fr\/wp-json\/wp\/v2\/types\/post"}],"author":[{"embeddable":true,"href":"https:\/\/www.europesays.com\/fr\/wp-json\/wp\/v2\/users\/2"}],"replies":[{"embeddable":true,"href":"https:\/\/www.europesays.com\/fr\/wp-json\/wp\/v2\/comments?post=667895"}],"version-history":[{"count":0,"href":"https:\/\/www.europesays.com\/fr\/wp-json\/wp\/v2\/posts\/667895\/revisions"}],"wp:featuredmedia":[{"embeddable":true,"href":"https:\/\/www.europesays.com\/fr\/wp-json\/wp\/v2\/media\/667896"}],"wp:attachment":[{"href":"https:\/\/www.europesays.com\/fr\/wp-json\/wp\/v2\/media?parent=667895"}],"wp:term":[{"taxonomy":"category","embeddable":true,"href":"https:\/\/www.europesays.com\/fr\/wp-json\/wp\/v2\/categories?post=667895"},{"taxonomy":"post_tag","embeddable":true,"href":"https:\/\/www.europesays.com\/fr\/wp-json\/wp\/v2\/tags?post=667895"}],"curies":[{"name":"wp","href":"https:\/\/api.w.org\/{rel}","templated":true}]}}