{"id":667897,"date":"2026-01-16T14:43:13","date_gmt":"2026-01-16T14:43:13","guid":{"rendered":"https:\/\/www.europesays.com\/fr\/667897\/"},"modified":"2026-01-16T14:43:13","modified_gmt":"2026-01-16T14:43:13","slug":"a-paris-la-vente-dun-livre-a-lorigine-dune-perquisition-dans-une-librairie","status":"publish","type":"post","link":"https:\/\/www.europesays.com\/fr\/667897\/","title":{"rendered":"\u00e0 Paris, la vente d&rsquo;un livre \u00e0 l&rsquo;origine d&rsquo;une perquisition dans une librairie"},"content":{"rendered":"<p>                    Par<br \/>\n        <strong><br \/>\n            <a href=\"https:\/\/actu.fr\/auteur\/sarah-coulet\" title=\"Consulter tous les articles de Sarah Coulet\" target=\"_blank\" rel=\"noopener\">Sarah Coulet<\/a><br \/>\n                    <\/strong><\/p>\n<p>        Publi\u00e9 le<\/p>\n<p>            16 janv. 2026 \u00e0 15h16        <\/p>\n<p>Nouvelle attaque contre Violette and Co. <a href=\"https:\/\/actu.fr\/ile-de-france\/paris_75056\/on-ne-se-laissera-pas-faire-a-paris-la-librairie-violette-amp-co-attaquee-pour-des-livres-sur-la-palestine_63026308.html\" target=\"_blank\" rel=\"noopener\">D\u00e9j\u00e0 cibl\u00e9e en juillet 2025<\/a> par des menaces de mort et des tags, la librairie f\u00e9ministe et <a href=\"https:\/\/actu.fr\/tag\/lgbt\" target=\"_blank\" rel=\"noopener\">LGBT<\/a> + a \u00e9t\u00e9 <strong>perquisitionn\u00e9e<\/strong>, mercredi 7 janvier 2026.\u00a0<\/p>\n<p>Une fouille de 45 minutes pour un livre pas en stock<\/p>\n<p class=\" wall-content\">L\u2019objet de cette perquisition est le m\u00eame que celui des attaques de l\u2019\u00e9t\u00e9 dernier : la vente du <strong>livre de coloriage<\/strong> From the river to the sea [slogan qui appelle \u00e0 la destruction de l\u2019\u00c9tat d\u2019Isra\u00ebl pour les uns, ou revendique un \u00c9tat o\u00f9 les Palestiniens et les Isra\u00e9liens cohabiteraient avec les m\u00eames droits pour les autres, comme le rappelle CheckNews], qui raconte l\u2019histoire de la Palestine. \u00ab Un ouvrage qui ne se trouvait plus en stock \u00bb, pr\u00e9cise la librairie sur Instagram ce vendredi 16 janvier 2026.<\/p>\n<p class=\" wall-content\">Dans ce post, les salari\u00e9s reviennent sur les faits. \u00c0 l\u2019ouverture de la librairie, <strong>cinq policiers en uniforme et arm\u00e9s<\/strong>, accompagn\u00e9s d\u2019un procureur de la R\u00e9publique, sont entr\u00e9s dans les locaux, situ\u00e9s rue Jean-Pierre Timbaud dans le 11e arrondissement.<\/p>\n<p class=\" wall-content\">\u00ab Pendant quarante-cinq minutes, la librairie a fait l\u2019objet d\u2019une <strong>fouille<\/strong> m\u00e9thodique : rayonnages inspect\u00e9s, cartons de livres ouverts un \u00e0 un, r\u00e9serves et salle de pause fouill\u00e9es devant les salari\u00e9\u00b7es pr\u00e9sent\u00b7es sur place, choqu\u00e9\u00b7es et impuissant\u00b7es. \u00bb\u00a0Dans le m\u00eame temps, deux policiers, dont un \u00e9tait masqu\u00e9, emp\u00eachaient les clients d\u2019entrer.<\/p>\n<p class=\" wall-content\"><a href=\"https:\/\/www.instagram.com\/p\/DTkH2EBjDFV\/embed\" title=\"Ouvrir le lien sur Instagram\" target=\"_blank\" rel=\"noopener\">Visualiser le contenu sur Instagram<\/a><\/p>\n<p>Plainte perdue et irr\u00e9gularit\u00e9s<\/p>\n<p class=\" wall-content\">\u00c0 l\u2019issue de la fouille, \u00ab le procureur nous informe que nous sommes convoqu\u00e9\u00b7es au commissariat du 11e arrondissement le jeudi 22 janvier pour une audition libre, dans le cadre d\u2019une enqu\u00eate pr\u00e9liminaire \u00bb, retracent les employ\u00e9\u00b7es de la librairie, qui en ont profit\u00e9 pour demander o\u00f9 en \u00e9tait la <strong>plainte d\u00e9pos\u00e9e<\/strong> en septembre pour les d\u00e9gradations et menaces de l\u2019\u00e9t\u00e9. \u00ab Apr\u00e8s une r\u00e9ponse tr\u00e8s floue, nous apprendrons quelques heures plus tard au t\u00e9l\u00e9phone que notre plainte a \u00e9t\u00e9 \u201cperdue\u201d \u00bb, d\u00e9plorent-elles et d\u00e9noncent \u00ab une descente de police disproportionn\u00e9e \u00bb et \u00ab une d\u00e9rive autoritaire in\u00e9dite et pr\u00e9occupante \u00bb.<\/p>\n<p class=\" wall-content\">Dans le m\u00eame temps, les g\u00e9rantes mettent en lumi\u00e8re plusieurs actions qui leur semblent \u00eatre des irr\u00e9gularit\u00e9s : \u00ab la perquisition a eu lieu sans notre consentement, ce qui, dans le cadre d\u2019une enqu\u00eate pr\u00e9liminaire, est <strong>ill\u00e9gal<\/strong>. Par ailleurs, malgr\u00e9 nos refus r\u00e9p\u00e9t\u00e9s et explicites de nous soumettre \u00e0 un contr\u00f4le d\u2019identit\u00e9, nos documents d\u2019identit\u00e9 ont \u00e9t\u00e9 pris en photo et nos informations personnelles collect\u00e9es. \u00bb<\/p>\n<p>Une descente de police \u00ab\u00a0in\u00e9dite en France\u00a0\u00bb<\/p>\n<p class=\" wall-content\">Interrog\u00e9 sur ce point, le parquet de Paris explique que la perquisition a \u00e9t\u00e9 d\u00e9cid\u00e9e \u00e0 la suite d\u2019un signalement du minist\u00e8re de l\u2019Int\u00e9rieur sur la vente du livre de coloriage. \u00ab Cet ouvrage, \u00e9dit\u00e9 en Afrique du Sud, avait en effet fait l\u2019objet d\u2019une interdiction d\u2019importation par la commission presse de la DPJJ. \u00bb Selon Violette and Co, la maison d\u2019\u00e9dition n\u2019a \u00e9t\u00e9 <strong>inform\u00e9e de cet avis que le lendemain<\/strong> de la descente des forces de l\u2019ordre.<\/p>\n<p>Votre r\u00e9gion, votre actu !<\/p>\n<p>Recevez chaque jour les infos qui comptent pour vous.<\/p>\n<p>\t<a href=\"https:\/\/actu.fr\/newsletter\" class=\"ac-btn ac-btn--corner ac-btn--medium ac-btn--blue800\" target=\"_blank\" rel=\"noopener\">S&rsquo;incrire<\/a><\/p>\n<p class=\" wall-content\">Le minist\u00e8re public aurait confi\u00e9 au commissariat du 11e une enqu\u00eate pour \u00ab importation de publication destin\u00e9e \u00e0 la jeunesse comportant un <strong>contenu dangereux<\/strong> pour elle en raison de son caract\u00e8re pornographique, ill\u00e9gal ou immoral \u00bb (d\u00e9lit faisant encourir un an d\u2019emprisonnement et 3 750 euros d\u2019amende).<\/p>\n<p class=\" wall-content\">La librairie a profit\u00e9 de sa publication pour justifier sa d\u00e9cision de proposer \u00e0 la vente l\u2019ouvrage \u00ab en plein g\u00e9nocide de la population gazaouie. Nous avons jug\u00e9 qu\u2019il s\u2019agissait d\u2019un <strong>livre important<\/strong>, bien document\u00e9, porteur d\u2019un id\u00e9al de justice et de paix \u00bb. Et de conclure : \u00ab Cette descente de police disproportionn\u00e9e dans un lieu culturel est <strong>in\u00e9dite en France<\/strong> et tr\u00e8s pr\u00e9occupante quant aux libert\u00e9s fondamentales des librairies. \u00bb<\/p>\n<p class=\" wall-content\">Personnalisez votre actualit\u00e9 en ajoutant vos villes et m\u00e9dias en favori avec <a href=\"https:\/\/moncompte.actu.fr\" title=\"D\u00e9couvez Mon Actu\" rel=\"nofollow noopener\" data-trk=\"{&quot;cta&quot;:{&quot;action&quot;:&quot;https:\\\/\\\/moncompte.actu.fr&quot;,&quot;category&quot;:&quot;mon compte&quot;,&quot;from&quot;:&quot;article footer&quot;,&quot;name&quot;:&quot;Mon actu&quot;,&quot;type&quot;:&quot;cta&quot;}}\" target=\"_blank\">Mon Actu<\/a>.<\/p>\n<p>                    <script async src=\"\/\/www.instagram.com\/embed.js\"><\/script><\/p>\n","protected":false},"excerpt":{"rendered":"Par Sarah Coulet Publi\u00e9 le 16 janv. 2026 \u00e0 15h16 Nouvelle attaque contre Violette and Co. D\u00e9j\u00e0 cibl\u00e9e&hellip;\n","protected":false},"author":2,"featured_media":667898,"comment_status":"","ping_status":"","sticky":false,"template":"","format":"standard","meta":{"footnotes":""},"categories":[1888],"tags":[11,1777,674,118,1011,27,12,626,25],"class_list":{"0":"post-667897","1":"post","2":"type-post","3":"status-publish","4":"format-standard","5":"has-post-thumbnail","7":"category-paris","8":"tag-actualites","9":"tag-eu","10":"tag-europe","11":"tag-faits-divers","12":"tag-fr","13":"tag-france","14":"tag-news","15":"tag-paris","16":"tag-republique-francaise"},"share_on_mastodon":{"url":"https:\/\/pubeurope.com\/@fr\/115905311829363648","error":""},"_links":{"self":[{"href":"https:\/\/www.europesays.com\/fr\/wp-json\/wp\/v2\/posts\/667897","targetHints":{"allow":["GET"]}}],"collection":[{"href":"https:\/\/www.europesays.com\/fr\/wp-json\/wp\/v2\/posts"}],"about":[{"href":"https:\/\/www.europesays.com\/fr\/wp-json\/wp\/v2\/types\/post"}],"author":[{"embeddable":true,"href":"https:\/\/www.europesays.com\/fr\/wp-json\/wp\/v2\/users\/2"}],"replies":[{"embeddable":true,"href":"https:\/\/www.europesays.com\/fr\/wp-json\/wp\/v2\/comments?post=667897"}],"version-history":[{"count":0,"href":"https:\/\/www.europesays.com\/fr\/wp-json\/wp\/v2\/posts\/667897\/revisions"}],"wp:featuredmedia":[{"embeddable":true,"href":"https:\/\/www.europesays.com\/fr\/wp-json\/wp\/v2\/media\/667898"}],"wp:attachment":[{"href":"https:\/\/www.europesays.com\/fr\/wp-json\/wp\/v2\/media?parent=667897"}],"wp:term":[{"taxonomy":"category","embeddable":true,"href":"https:\/\/www.europesays.com\/fr\/wp-json\/wp\/v2\/categories?post=667897"},{"taxonomy":"post_tag","embeddable":true,"href":"https:\/\/www.europesays.com\/fr\/wp-json\/wp\/v2\/tags?post=667897"}],"curies":[{"name":"wp","href":"https:\/\/api.w.org\/{rel}","templated":true}]}}