{"id":667907,"date":"2026-01-16T14:48:14","date_gmt":"2026-01-16T14:48:14","guid":{"rendered":"https:\/\/www.europesays.com\/fr\/667907\/"},"modified":"2026-01-16T14:48:14","modified_gmt":"2026-01-16T14:48:14","slug":"nouveau-podium-pour-lou-jeanmonnot-en-allemagne","status":"publish","type":"post","link":"https:\/\/www.europesays.com\/fr\/667907\/","title":{"rendered":"nouveau podium pour Lou Jeanmonnot en Allemagne"},"content":{"rendered":"<p>\t\t\t\t\t\t\t\t\t\t\t<img decoding=\"async\" src=\"https:\/\/www.europesays.com\/fr\/wp-content\/uploads\/2026\/01\/1280x720_biathlon-lou-jeanmonnot-retrouve-le-podium-en-allemagne_696a4c7519713.jpg\" alt=\"Biathlon : Lou Jeanmonnot retrouve le podium en Allemagne\" title=\"Biathlon : Lou Jeanmonnot retrouve le podium en Allemagne\" width=\"1280\" height=\"720\" class=\"img-fluid  mb-3\" loading=\"lazy\"\/>\t\t\t\t\t\t\t\t\t\t\t\t<\/p>\n<p>Lou Jeanmonnot garde la t\u00eate du classement g\u00e9n\u00e9ral<\/p>\n<p itemprop=\"description\"><strong>L&rsquo;\u00e9quipe de France de biathlon a de nouveau r\u00e9pondu pr\u00e9sente aux avant-poste du sprint de Ruhpolding avec une deuxi\u00e8me place pour la Fran\u00e7aise<\/strong><\/p>\n<p>Apr\u00e8s une semaine difficile \u00e0 Oberhof, Lou Jeanmonnot a remis les pendules \u00e0 l&rsquo;heure en r\u00e9alisant un sans-faute derri\u00e8re la carabine. Avec le troisi\u00e8me temps de ski, la Fran\u00e7aise est all\u00e9e chercher une deuxi\u00e8me place tr\u00e8s importante dans la lutte pour le globe de Crystal en fin de saison. Sa dauphine au classement, Suvi Minkkinen n&rsquo;a termin\u00e9 que sixi\u00e8me et partira vingt secondes derri\u00e8re Lou Jeanmonnot lors de la poursuite.\u00a0<br \/>A noter \u00e9galement la 8e place de la Savoyarde, Justine Braisaz-Bouchet, \u00e0 37 secondes de la t\u00eate.\u00a0<\/p>\n","protected":false},"excerpt":{"rendered":"Lou Jeanmonnot garde la t\u00eate du classement g\u00e9n\u00e9ral L&rsquo;\u00e9quipe de France de biathlon a de nouveau r\u00e9pondu pr\u00e9sente&hellip;\n","protected":false},"author":2,"featured_media":667908,"comment_status":"","ping_status":"","sticky":false,"template":"","format":"standard","meta":{"footnotes":""},"categories":[1587],"tags":[1111,68173,11,68174,68175,68172,672,3853,1804,650,1805,1803,7734,2889,2263,1777,674,68177,1801,4638,68176,6417,1114,68179,12,68170,7732,3725,1825,68169,68171,1802,5508,68178,68180],"class_list":{"0":"post-667907","1":"post","2":"type-post","3":"status-publish","4":"format-standard","5":"has-post-thumbnail","7":"category-allemagne","8":"tag-actu","9":"tag-actualite-savoie","10":"tag-actualites","11":"tag-actualites-alpes","12":"tag-actualites-annecy","13":"tag-actualites-haute-savoie","14":"tag-allemagne","15":"tag-annecy","16":"tag-bundesrepublik-deutschland","17":"tag-cinema","18":"tag-de","19":"tag-deutschland","20":"tag-ecoute","21":"tag-emission","22":"tag-equipe","23":"tag-eu","24":"tag-europe","25":"tag-evenements-annecy","26":"tag-germany","27":"tag-haute-savoie","28":"tag-info-annecy","29":"tag-information","30":"tag-infos","31":"tag-meteo-annecy","32":"tag-news","33":"tag-ods-annecy","34":"tag-odsradio","35":"tag-podcast","36":"tag-radio","37":"tag-radio-annecy","38":"tag-radio-haute-savoie","39":"tag-republique-federale-dallemagne","40":"tag-savoie","41":"tag-sorties-annecy","42":"tag-trafic-annecy"},"share_on_mastodon":{"url":"https:\/\/pubeurope.com\/@fr\/115905331565045021","error":""},"_links":{"self":[{"href":"https:\/\/www.europesays.com\/fr\/wp-json\/wp\/v2\/posts\/667907","targetHints":{"allow":["GET"]}}],"collection":[{"href":"https:\/\/www.europesays.com\/fr\/wp-json\/wp\/v2\/posts"}],"about":[{"href":"https:\/\/www.europesays.com\/fr\/wp-json\/wp\/v2\/types\/post"}],"author":[{"embeddable":true,"href":"https:\/\/www.europesays.com\/fr\/wp-json\/wp\/v2\/users\/2"}],"replies":[{"embeddable":true,"href":"https:\/\/www.europesays.com\/fr\/wp-json\/wp\/v2\/comments?post=667907"}],"version-history":[{"count":0,"href":"https:\/\/www.europesays.com\/fr\/wp-json\/wp\/v2\/posts\/667907\/revisions"}],"wp:featuredmedia":[{"embeddable":true,"href":"https:\/\/www.europesays.com\/fr\/wp-json\/wp\/v2\/media\/667908"}],"wp:attachment":[{"href":"https:\/\/www.europesays.com\/fr\/wp-json\/wp\/v2\/media?parent=667907"}],"wp:term":[{"taxonomy":"category","embeddable":true,"href":"https:\/\/www.europesays.com\/fr\/wp-json\/wp\/v2\/categories?post=667907"},{"taxonomy":"post_tag","embeddable":true,"href":"https:\/\/www.europesays.com\/fr\/wp-json\/wp\/v2\/tags?post=667907"}],"curies":[{"name":"wp","href":"https:\/\/api.w.org\/{rel}","templated":true}]}}