{"id":667917,"date":"2026-01-16T14:53:13","date_gmt":"2026-01-16T14:53:13","guid":{"rendered":"https:\/\/www.europesays.com\/fr\/667917\/"},"modified":"2026-01-16T14:53:13","modified_gmt":"2026-01-16T14:53:13","slug":"la-france-de-nouveau-condamnee-par-la-cour-europeenne-des-droits-de-lhomme-observatoire-international-des-prisons","status":"publish","type":"post","link":"https:\/\/www.europesays.com\/fr\/667917\/","title":{"rendered":"la France de nouveau condamn\u00e9e par la Cour europ\u00e9enne des droits de l\u2019Homme \u2013 Observatoire International des Prisons"},"content":{"rendered":"<p>Apr\u00e8s avoir vis\u00e9 ces derni\u00e8res ann\u00e9es les prisons de Fresnes, Nice, N\u00eemes, Baie-Mahault, Ducos et Faa-Nuutania (Cour EDH 30 janv. 2020, JMB c. France\u00a0; 6 juill. 2023, BM c. France), la foudre de la Cour europ\u00e9enne des droits de l\u2019homme vient de frapper la maison d\u2019arr\u00eat de Strasbourg. Saisie par une personne qui avait \u00e9t\u00e9 d\u00e9tenue dans cet \u00e9tablissement en 2016 et 2017, la Cour estime que les conditions de d\u00e9tention impos\u00e9es \u00e0 l\u2019int\u00e9ress\u00e9e ont viol\u00e9 l\u2019article 3 de la CEDH qui interdit les traitements inhumains et d\u00e9gradants, ainsi que l\u2019article 8 de la Convention qui prot\u00e8ge la vie priv\u00e9e et l\u2019intimit\u00e9.<\/p>\n<p>D\u2019une part, dans un contexte de surpopulation carc\u00e9rale alarmant, la Cour rel\u00e8ve que la personne d\u00e9tenue, contrainte de partager sa cellule avec d\u2019autres cod\u00e9tenus, a subi plusieurs p\u00e9riodes de d\u00e9tention pendant lesquelles elle disposait de moins de 4m\u00b2, voire 3m\u00b2, d\u2019espace personnel. Par ailleurs, la Cour insiste sur le fait que \u00ab\u00a0le requ\u00e9rant n\u2019a pas b\u00e9n\u00e9fici\u00e9 d\u2019une libert\u00e9 de circulation suffisante et d\u2019activit\u00e9s hors cellule ad\u00e9quates propres \u00e0 att\u00e9nuer les inconv\u00e9nients li\u00e9s au manque d\u2019espace personnel auquel il a \u00e9t\u00e9 expos\u00e9\u00a0\u00bb en cellule. En outre, les juges europ\u00e9en.nes pointent les conditions g\u00e9n\u00e9rales de d\u00e9tention\u00a0d\u00e9plorables dont certaines \u00e9taient rendues d\u2019autant plus insupportables par cette promiscuit\u00e9 forc\u00e9e : insalubrit\u00e9 et absence d\u2019eau chaude en cellule, pr\u00e9sence d\u2019insectes et d\u2019animaux nuisibles, tabagisme passif, acc\u00e8s \u00e0 la lumi\u00e8re du jour et a\u00e9ration des cellules insuffisants, etc.<\/p>\n<p>Dans les diverses cellules dans lesquelles M. M. \u00e9tait d\u00e9tenu, les toilettes \u00e9taient s\u00e9par\u00e9es par une simple \u00ab\u00a0cloison brise-vue en carreaux de verre\u00a0\u00bb, non clos d\u2019une porte, et \u00e0 proximit\u00e9 imm\u00e9diate des lits et des lieux de repas des personnes d\u00e9tenues. La Cour rel\u00e8ve que rien n\u2019emp\u00eachait ainsi qu\u2019il soit visible de ses cod\u00e9tenus ou du personnel p\u00e9nitentiaire lors de l\u2019utilisation des sanitaires.<\/p>\n<p>S\u2019appuyant sur sa jurisprudence, ainsi que sur les normes du Comit\u00e9 europ\u00e9en pour la pr\u00e9vention de la torture ou des peines ou traitements inhumains ou d\u00e9gradants (CPT), la Cour rejette sur ce point l\u2019argument du Gouvernement selon lequel il est n\u00e9cessaire de conserver un cloisonnement partiel des installations sanitaires pour des raisons s\u00e9curitaires.<\/p>\n<p>L\u2019ensemble de ces circonstances cumul\u00e9es conduit la Cour \u00e0 constater la violation de l\u2019article 3 de la Convention.<\/p>\n<p>M\u00eame s\u2019agissant des p\u00e9riodes pendant lesquelles les conditions g\u00e9n\u00e9rales de d\u00e9tention de M. M. \u00e9taient plus favorables, la Cour rappelle que l\u2019absence de cloisonnement des toilettes constitue, \u00e0 elle seule, une atteinte inacceptable \u00e0 l\u2019intimit\u00e9 des personnes d\u00e9tenues m\u00e9connaissant l\u2019article 8 de la Convention.<\/p>\n<p>En d\u00e9finitive, on ne peut qu\u2019\u00eatre frapp\u00e9 par la similitude des conditions de d\u00e9tention qui viennent d\u2019\u00eatre condamn\u00e9es par la Cour avec celles que subissent aujourd\u2019hui plusieurs dizaines de milliers de personnes incarc\u00e9r\u00e9es dans des \u00e9tablissements p\u00e9nitentiaires v\u00e9tustes et massivement surpeupl\u00e9s<\/p>\n<p>En ce sens, l\u2019arr\u00eat du 15 janvier 2026 condamne non seulement les conditions de d\u00e9tention de la maison d\u2019arr\u00eat de Strasbourg, mais en r\u00e9alit\u00e9 celles d\u2019une grande partie des personnes d\u00e9tenues en France.<\/p>\n","protected":false},"excerpt":{"rendered":"Apr\u00e8s avoir vis\u00e9 ces derni\u00e8res ann\u00e9es les prisons de Fresnes, Nice, N\u00eemes, Baie-Mahault, Ducos et Faa-Nuutania (Cour EDH&hellip;\n","protected":false},"author":2,"featured_media":667918,"comment_status":"","ping_status":"","sticky":false,"template":"","format":"standard","meta":{"footnotes":""},"categories":[4],"tags":[9835,11,23106,14124,32459,48953,1011,27,76791,12,25,9232],"class_list":{"0":"post-667917","1":"post","2":"type-post","3":"status-publish","4":"format-standard","5":"has-post-thumbnail","7":"category-france","8":"tag-activites","9":"tag-actualites","10":"tag-au-nom-de-la-securite","11":"tag-cedh","12":"tag-conditions-de-detention","13":"tag-conditions-materielles","14":"tag-fr","15":"tag-france","16":"tag-mesures-materielles-de-securite","17":"tag-news","18":"tag-republique-francaise","19":"tag-surpopulation-carcerale"},"share_on_mastodon":{"url":"https:\/\/pubeurope.com\/@fr\/115905351001622820","error":""},"_links":{"self":[{"href":"https:\/\/www.europesays.com\/fr\/wp-json\/wp\/v2\/posts\/667917","targetHints":{"allow":["GET"]}}],"collection":[{"href":"https:\/\/www.europesays.com\/fr\/wp-json\/wp\/v2\/posts"}],"about":[{"href":"https:\/\/www.europesays.com\/fr\/wp-json\/wp\/v2\/types\/post"}],"author":[{"embeddable":true,"href":"https:\/\/www.europesays.com\/fr\/wp-json\/wp\/v2\/users\/2"}],"replies":[{"embeddable":true,"href":"https:\/\/www.europesays.com\/fr\/wp-json\/wp\/v2\/comments?post=667917"}],"version-history":[{"count":0,"href":"https:\/\/www.europesays.com\/fr\/wp-json\/wp\/v2\/posts\/667917\/revisions"}],"wp:featuredmedia":[{"embeddable":true,"href":"https:\/\/www.europesays.com\/fr\/wp-json\/wp\/v2\/media\/667918"}],"wp:attachment":[{"href":"https:\/\/www.europesays.com\/fr\/wp-json\/wp\/v2\/media?parent=667917"}],"wp:term":[{"taxonomy":"category","embeddable":true,"href":"https:\/\/www.europesays.com\/fr\/wp-json\/wp\/v2\/categories?post=667917"},{"taxonomy":"post_tag","embeddable":true,"href":"https:\/\/www.europesays.com\/fr\/wp-json\/wp\/v2\/tags?post=667917"}],"curies":[{"name":"wp","href":"https:\/\/api.w.org\/{rel}","templated":true}]}}