{"id":667933,"date":"2026-01-16T15:07:10","date_gmt":"2026-01-16T15:07:10","guid":{"rendered":"https:\/\/www.europesays.com\/fr\/667933\/"},"modified":"2026-01-16T15:07:10","modified_gmt":"2026-01-16T15:07:10","slug":"marquee-par-leur-duo-axelle-red-a-coeur-ouvert-sur-le-chanteur-renaud-pas-quelquun-que","status":"publish","type":"post","link":"https:\/\/www.europesays.com\/fr\/667933\/","title":{"rendered":"Marqu\u00e9e par leur duo, Axelle Red \u00e0 coeur ouvert sur le chanteur Renaud : \u00ab\u00a0pas quelqu&rsquo;un que&#8230;\u00a0\u00bb"},"content":{"rendered":"<p>\u00ab\u00a0Deux \u00e9trangers au bout du monde, si diff\u00e9rents. Deux<br \/>\ninconnus, deux anonymes, mais pourtant. Pulv\u00e9ris\u00e9s, sur l&rsquo;autel, de<br \/>\nla violence \u00e9ternelle&#8230;\u00a0\u00bb.\u00a0Vous aussi, vous avez s\u00fbrement<br \/>\nd\u00fb lire cette phrase avec la m\u00e9lodie qui r\u00e9sonne dans votre t\u00eate.<br \/>\n<strong>Manhattan-Kaboul.<\/strong> Une musique que l&rsquo;on<br \/>\nconna\u00eet bien, et dont les paroles continuent de faire \u00e9cho aupr\u00e8s<br \/>\ndu public. En 2002, <a href=\"https:\/\/www.closermag.fr\/people\/renaud-plus-envie-de-son-geste-desespere-sur-scene-3593374\" target=\"_blank\" rel=\"noopener\"><br \/>\nRenaud<\/a> et Axelle Red ont uni leur talent pour donner naissance<br \/>\n\u00e0 ce titre devenu embl\u00e9matique.<\/p>\n<p data-start=\"131\" data-end=\"599\">\u00c0 travers ce duo, les deux<br \/>\nartistes ont donn\u00e9 une voix aux victimes de la guerre et de la<br \/>\nviolence, dans le sillage des attentats du 11 septembre 2001 et du<br \/>\nconflit en Afghanistan. Un quart de si\u00e8cle plus tard, que sont-ils<br \/>\ndevenus ? <a href=\"https:\/\/www.closermag.fr\/people\/axelle-red-en-deuil-la-chanteuse-annonce-la-mort-de-son-pere-1045718\" target=\"_blank\" rel=\"noopener\"><br \/>\nLa chanteuse belge<\/a> est r\u00e9cemment apparue dans<br \/>\n<strong>Censur\u00e9<\/strong>,<br \/>\npour l\u2019\u00e9mission T\u00e9l\u00e9 Pro<br \/>\ndiffus\u00e9e sur YouTube. L\u2019occasion pour elle de se confier sur le<br \/>\nlien particulier qui l\u2019unit encore aujourd\u2019hui \u00e0 Renaud, bien<br \/>\nau-del\u00e0 de la musique.<\/p>\n<p>Axelle Red \u00e9voque sa relation<br \/>\navec Renaud<\/p>\n<p data-start=\"650\" data-end=\"1000\">Ainsi, <a href=\"https:\/\/www.closermag.fr\/people\/je-naime-pas-trop-pourquoi-axelle-red-a-change-son-prenom-3347904\" target=\"_blank\" rel=\"noopener\"><br \/>\nAxelle Red<\/a> a expliqu\u00e9 la place singuli\u00e8re qu\u2019occupe Renaud dans<br \/>\nsa vie. \u00ab Renaud, c\u2019est quelqu\u2019un que j\u2019ai dans le c\u0153ur, que je<br \/>\ngarderai toujours dans le c\u0153ur. Ce n\u2019est pas quelqu\u2019un que<br \/>\nj\u2019appelle tous les jours, parce qu\u2019on a une sorte de pudeur entre<br \/>\nnous. Mais c\u2019est tr\u00e8s tendre notre relation, <strong>il y a<br \/>\nbeaucoup d\u2019amour<\/strong> \u00bb, a-t-elle confi\u00e9.<\/p>\n<p data-start=\"1002\" data-end=\"1348\">La chanteuse va m\u00eame jusqu\u2019\u00e0<br \/>\ncomparer leur duo \u00e0 un lien presque familial. \u00ab On a presque un<br \/>\nenfant ensemble ! Je veux dire, il fait des enfants avec des<br \/>\nnouvelles femmes et je suis tr\u00e8s heureuse pour lui. Mais avoir une<br \/>\nchanson ensemble avec tout ce qu\u2019on a parcouru\u2026 \u00bb, a-t-elle<br \/>\ngliss\u00e9, en faisant r\u00e9f\u00e9rence \u00e0 leur chanson Manhattan-Kaboul.<\/p>\n<p>Une<br \/>\nsuite de Manhattan-Kaboul ?<\/p>\n<p data-start=\"1389\" data-end=\"1690\">Axelle Red est \u00e9galement<br \/>\nrevenue sur l\u2019enregistrement du morceau, qui s\u2019est d\u00e9roul\u00e9 \u00e0 une<br \/>\np\u00e9riode d\u00e9licate pour Renaud. \u00ab Quand on a enregistr\u00e9 la<br \/>\nchanson, Renaud n\u2019\u00e9tait pas bien \u00bb, s\u2019est-elle souvenue. Un<br \/>\ncontexte personnel difficile, mais qui a paradoxalement donn\u00e9<br \/>\nencore plus de force au titre.<\/p>\n<p data-start=\"1692\" data-end=\"2208\">Selon la chanteuse, cette<br \/>\nchanson a jou\u00e9 un r\u00f4le cl\u00e9 dans la relation entre le chanteur et<br \/>\nson public. \u00ab Cette chanson lui a quand m\u00eame donn\u00e9 une<br \/>\npossibilit\u00e9 de raccrocher avec son public. Et le public, comme on<br \/>\nle sait, le porte \u00bb. Avant de conclure, \u00e9mue : \u00ab C\u2019est<br \/>\n<strong>une tr\u00e8s tr\u00e8s jolie histoire<\/strong>. \u00bb Et alors que<br \/>\nles fans pensaient ce chapitre d\u00e9finitivement clos, Axelle Red a<br \/>\ncr\u00e9\u00e9 la surprise en r\u00e9v\u00e9lant une information de taille : il y aura<br \/>\nbel et bien \u00ab une suite \u00bb \u00e0 Manhattan-Kaboulsur son prochain album.<\/p>\n","protected":false},"excerpt":{"rendered":"\u00ab\u00a0Deux \u00e9trangers au bout du monde, si diff\u00e9rents. Deux inconnus, deux anonymes, mais pourtant. Pulv\u00e9ris\u00e9s, sur l&rsquo;autel, de&hellip;\n","protected":false},"author":2,"featured_media":667934,"comment_status":"","ping_status":"","sticky":false,"template":"","format":"standard","meta":{"footnotes":""},"categories":[1355],"tags":[21303,58,59,1011,27,70202,1361,873,65861],"class_list":{"0":"post-667933","1":"post","2":"type-post","3":"status-publish","4":"format-standard","5":"has-post-thumbnail","7":"category-musique","8":"tag-buzz_nonli","9":"tag-divertissement","10":"tag-entertainment","11":"tag-fr","12":"tag-france","13":"tag-marfeel_connexes","14":"tag-music","15":"tag-musique","16":"tag-trend"},"share_on_mastodon":{"url":"https:\/\/pubeurope.com\/@fr\/115905406335766908","error":""},"_links":{"self":[{"href":"https:\/\/www.europesays.com\/fr\/wp-json\/wp\/v2\/posts\/667933","targetHints":{"allow":["GET"]}}],"collection":[{"href":"https:\/\/www.europesays.com\/fr\/wp-json\/wp\/v2\/posts"}],"about":[{"href":"https:\/\/www.europesays.com\/fr\/wp-json\/wp\/v2\/types\/post"}],"author":[{"embeddable":true,"href":"https:\/\/www.europesays.com\/fr\/wp-json\/wp\/v2\/users\/2"}],"replies":[{"embeddable":true,"href":"https:\/\/www.europesays.com\/fr\/wp-json\/wp\/v2\/comments?post=667933"}],"version-history":[{"count":0,"href":"https:\/\/www.europesays.com\/fr\/wp-json\/wp\/v2\/posts\/667933\/revisions"}],"wp:featuredmedia":[{"embeddable":true,"href":"https:\/\/www.europesays.com\/fr\/wp-json\/wp\/v2\/media\/667934"}],"wp:attachment":[{"href":"https:\/\/www.europesays.com\/fr\/wp-json\/wp\/v2\/media?parent=667933"}],"wp:term":[{"taxonomy":"category","embeddable":true,"href":"https:\/\/www.europesays.com\/fr\/wp-json\/wp\/v2\/categories?post=667933"},{"taxonomy":"post_tag","embeddable":true,"href":"https:\/\/www.europesays.com\/fr\/wp-json\/wp\/v2\/tags?post=667933"}],"curies":[{"name":"wp","href":"https:\/\/api.w.org\/{rel}","templated":true}]}}