{"id":667943,"date":"2026-01-16T15:12:13","date_gmt":"2026-01-16T15:12:13","guid":{"rendered":"https:\/\/www.europesays.com\/fr\/667943\/"},"modified":"2026-01-16T15:12:13","modified_gmt":"2026-01-16T15:12:13","slug":"lego-zelda-le-set-collector-ocarina-of-time-fuite-avant-sa-sortie-les-fans-vont-ladorer","status":"publish","type":"post","link":"https:\/\/www.europesays.com\/fr\/667943\/","title":{"rendered":"LEGO Zelda : le set collector Ocarina of Time fuite avant sa sortie, les fans vont l&rsquo;adorer"},"content":{"rendered":"<p>Il aura fallu patienter des mois depuis le teaser initial de Nintendo, mais la fuite est l\u00e0 : les premi\u00e8res images du set Lego \u00ab The Final Battle: Ocarina of Time \u00bb circulent sur le web. Ce coffret collector, qui met en sc\u00e8ne le duel l\u00e9gendaire entre Link et Ganondorf, devrait sortir d\u00e8s le 1er mars 2026.<\/p>\n<p>Inspir\u00e9 du chef-d\u2019\u0153uvre de la Nintendo 64, le set promet une immersion totale dans la derni\u00e8re s\u00e9quence du jeu culte. Avec plus de 1 000 pi\u00e8ces, une version transformable, et les personnages cl\u00e9s r\u00e9unis, tout est pens\u00e9 pour s\u00e9duire les nostalgiques comme les nouveaux fans de la saga The Legend of Zelda.<\/p>\n<p> Un combat mythique, fid\u00e8le \u00e0 l\u2019esprit du jeu original <\/p>\n<p>Le set repr\u00e9sente deux \u00e9tapes embl\u00e9matiques du combat final de Ocarina of Time. Dans la premi\u00e8re configuration, Link affronte Ganondorf sous sa forme humano\u00efde Gerudo, arm\u00e9 de son \u00e9p\u00e9e. Dans la seconde, il affronte Ganon sous sa forme monstrueuse, porcine et colossale.<\/p>\n<p>Parmi les \u00e9l\u00e9ments inclus, on retrouve les minifigurines de Link, Zelda, Ganondorf, Navi, un Ganon en briques, le Marteau M\u00e9gaton, ainsi que plusieurs c\u0153urs de soin. Le souci du d\u00e9tail est au rendez-vous, avec un d\u00e9cor modulaire qui permet de transformer la sc\u00e8ne selon la phase du combat. Ce n\u2019est pas un simple d\u00e9cor fig\u00e9, mais un v\u00e9ritable clin d\u2019\u0153il interactif \u00e0 l\u2019un des affrontements les plus marquants de l\u2019histoire du jeu vid\u00e9o.<\/p>\n<p>  Une date et un prix qui enflamment les collectionneurs <\/p>\n<p>Selon le leaker Lego Brick Tap, \u00e0 l\u2019origine des premi\u00e8res images, le coffret contiendra exactement 1 003 pi\u00e8ces. Son prix serait fix\u00e9 \u00e0 129,99 $ \/ 99,99 \u00a3, soit un tarif similaire \u00e0 celui du set du Grand Arbre Mojo sorti en 2024.<\/p>\n<p>La date de sortie, elle, serait cal\u00e9e au 1er mars 2026, ce qui laisse aux fans un peu de temps pour pr\u00e9parer leur budget\u2026 ou surveiller les stocks. Car vu l\u2019engouement g\u00e9n\u00e9r\u00e9 par les pr\u00e9c\u00e9dents sets Zelda, celui-ci risque d\u2019\u00eatre rapidement en rupture.<\/p>\n<p><img fetchpriority=\"high\" decoding=\"async\" itemprop=\"thumbnailUrl\" class=\" wp-image-205890 img-responsive  aligncenter\" src=\"data:image\/svg+xml,%3Csvg%20xmlns=\" http:=\"\" alt=\"lego zelda\" width=\"768\" height=\"768\" data-lazy-src=\"https:\/\/www.europesays.com\/fr\/wp-content\/uploads\/2026\/01\/zelda-77093-the-final-battle-ocarina-of-time-first-look-via-v0-qsg17m0y8ndg1-1024x1024.webp.webp\"\/> \u00a9  Reddit \/ Legoleak<\/p>\n<p> Apr\u00e8s le Grand Arbre Mojo, un nouveau set transformable <\/p>\n<p>Ce nouveau coffret reprend la logique des sets modulables : comme le Grand Arbre Mojo, qui pouvait \u00eatre mont\u00e9 dans sa version Ocarina of Time ou Breath of the Wild, le set \u00ab Final Battle \u00bb peut \u00eatre expos\u00e9 de deux fa\u00e7ons diff\u00e9rentes.<\/p>\n<p>L\u2019accent est mis ici sur l\u2019action, avec des positions dynamiques et des accessoires fid\u00e8les au jeu de 1998. L\u2019univers Lego Zelda continue donc de s\u2019\u00e9toffer avec une coh\u00e9rence rare, m\u00ealant fid\u00e9lit\u00e9 artistique et inventivit\u00e9 de construction.<\/p>\n<p><img loading=\"lazy\" decoding=\"async\" class=\" wp-image-205891 img-responsive  aligncenter\" src=\"data:image\/svg+xml,%3Csvg%20xmlns=\" http:=\"\" alt=\"&lt;p&gt;Lego Zelda&lt;\/p&gt;\" width=\"812\" height=\"812\" data-lazy-src=\"https:\/\/www.europesays.com\/fr\/wp-content\/uploads\/2026\/01\/zelda-77093-the-final-battle-ocarina-of-time-first-look-via-v0-tnphol0y8ndg1-1024x1024.webp.webp\"\/> \u00a9  Reddit \/ Legoleak<\/p>\n<p> Lego et Nintendo, une alliance qui continue de porter ses fruits <\/p>\n<p>Depuis les sets Super Mario, Donkey Kong, Animal Crossing et Mario Kart, la collaboration entre Lego et Nintendo ne cesse de s\u2019intensifier. En 2025, la Game Boy avait m\u00eame eu droit \u00e0 son propre mod\u00e8le Lego, preuve que l\u2019alliance s\u2019\u00e9tend aussi \u00e0 l\u2019univers des consoles.<\/p>\n<p>L\u2019ajout d\u2019un set centr\u00e9 sur la bataille finale d\u2019Ocarina of Time renforce cette strat\u00e9gie : toucher les fans de longue date, tout en s\u00e9duisant les plus jeunes avec des constructions ludiques et visuellement spectaculaires. Rendez-vous d\u00e9but mars pour assembler votre propre destin d\u2019Hylien, brique par brique.<\/p>\n","protected":false},"excerpt":{"rendered":"Il aura fallu patienter des mois depuis le teaser initial de Nintendo, mais la fuite est l\u00e0 :&hellip;\n","protected":false},"author":2,"featured_media":667944,"comment_status":"","ping_status":"","sticky":false,"template":"","format":"standard","meta":{"footnotes":""},"categories":[7],"tags":[1011,27,43,40,41,39,42,44],"class_list":{"0":"post-667943","1":"post","2":"type-post","3":"status-publish","4":"format-standard","5":"has-post-thumbnail","7":"category-sciences-et-technologies","8":"tag-fr","9":"tag-france","10":"tag-science","11":"tag-science-and-technology","12":"tag-sciences","13":"tag-sciences-et-technologies","14":"tag-technologies","15":"tag-technology"},"share_on_mastodon":{"url":"https:\/\/pubeurope.com\/@fr\/115905426133182667","error":""},"_links":{"self":[{"href":"https:\/\/www.europesays.com\/fr\/wp-json\/wp\/v2\/posts\/667943","targetHints":{"allow":["GET"]}}],"collection":[{"href":"https:\/\/www.europesays.com\/fr\/wp-json\/wp\/v2\/posts"}],"about":[{"href":"https:\/\/www.europesays.com\/fr\/wp-json\/wp\/v2\/types\/post"}],"author":[{"embeddable":true,"href":"https:\/\/www.europesays.com\/fr\/wp-json\/wp\/v2\/users\/2"}],"replies":[{"embeddable":true,"href":"https:\/\/www.europesays.com\/fr\/wp-json\/wp\/v2\/comments?post=667943"}],"version-history":[{"count":0,"href":"https:\/\/www.europesays.com\/fr\/wp-json\/wp\/v2\/posts\/667943\/revisions"}],"wp:featuredmedia":[{"embeddable":true,"href":"https:\/\/www.europesays.com\/fr\/wp-json\/wp\/v2\/media\/667944"}],"wp:attachment":[{"href":"https:\/\/www.europesays.com\/fr\/wp-json\/wp\/v2\/media?parent=667943"}],"wp:term":[{"taxonomy":"category","embeddable":true,"href":"https:\/\/www.europesays.com\/fr\/wp-json\/wp\/v2\/categories?post=667943"},{"taxonomy":"post_tag","embeddable":true,"href":"https:\/\/www.europesays.com\/fr\/wp-json\/wp\/v2\/tags?post=667943"}],"curies":[{"name":"wp","href":"https:\/\/api.w.org\/{rel}","templated":true}]}}