{"id":667945,"date":"2026-01-16T15:13:12","date_gmt":"2026-01-16T15:13:12","guid":{"rendered":"https:\/\/www.europesays.com\/fr\/667945\/"},"modified":"2026-01-16T15:13:12","modified_gmt":"2026-01-16T15:13:12","slug":"ces-aides-meconnues-peuvent-tout-changer-cet-hiver-2026","status":"publish","type":"post","link":"https:\/\/www.europesays.com\/fr\/667945\/","title":{"rendered":"ces aides m\u00e9connues peuvent tout changer cet hiver 2026"},"content":{"rendered":"<p>Le ski, un <a href=\"https:\/\/www.mariefrance.fr\/actualite\/societe\/ski-vraiment-sport-riche-voici-combien-coute-vacances-sport-dhiver-france-moyenne-1218511.html\" target=\"_blank\" rel=\"noopener\"><br \/>\n<strong>sport de riche<\/strong><\/a> ? Le d\u00e9bat revient en tout cas<br \/>\nchaque ann\u00e9e sur le devant de la sc\u00e8ne, avec son lot d\u2019arguments.<br \/>\nSi toutes les stations ne sont pas hors de prix, et s\u2019il existe de<br \/>\nnombreuses mani\u00e8res de se permettre un <a href=\"https:\/\/www.mariefrance.fr\/evasion\/station-ski-plus-petite-france-lacces-pistes-gratuit-toute-famille-1236668.html\" target=\"_blank\" rel=\"noopener\"><br \/>\njoli s\u00e9jour \u00e0 petits prix<\/a>, les chiffres ne mentent pas : le ski<br \/>\nn\u2019est clairement <strong>pas accessible \u00e0 tout le<br \/>\nmonde<\/strong>.<\/p>\n<p>Une r\u00e9cente \u00e9tude men\u00e9e par Abritel le confirme : une semaine au<br \/>\nski peut co\u00fbter en moyenne <strong>729 euros par personne<\/strong>.<br \/>\nOutre le co\u00fbt du logement en effet, mais aussi du transport, il<br \/>\nfaut ajouter au budget le <a href=\"https:\/\/www.mariefrance.fr\/evasion\/station-ski-francaise-moins-chere-france-forfait-jour-30-euros-trouve-abordable-1230996.html\" target=\"_blank\" rel=\"noopener\"><br \/>\nprix des remont\u00e9es m\u00e9caniques<\/a> et le mat\u00e9riel, qu\u2019il soit lou\u00e9<br \/>\nou achet\u00e9. Heureusement, quelques aides tr\u00e8s mal connues existent<br \/>\npour aider les foyers pr\u00e9caires lors de leurs vacances. On fait le<br \/>\npoint sur ce qu\u2019elles permettent et \u00e0 qui.<\/p>\n<p>\u00c0 quelles aide publiques est-il possible de pr\u00e9tendre pour des<br \/>\nvacances au ski ?<\/p>\n<p>Pour permettre aux familles aux <strong>petits budgets<\/strong><br \/>\nde s\u2019offrir de belles vacances de temps en temps, plusieurs aides<br \/>\npubliques existent. Tr\u00e8s mal connues, elles permettent pourtant de<br \/>\nr\u00e9duire la facture du s\u00e9jour au ski. Les <strong>allocataires de la<br \/>\nCAF<\/strong>, par exemple, peuvent pr\u00e9tendre \u00e0 l\u2019Aide aux vacances<br \/>\nenfants (AVE) et l\u2019Aide aux vacances familles (AVF) comme<br \/>\nl\u2019expliquent nos confr\u00e8res de <a href=\"https:\/\/www.capital.fr\/votre-argent\/vacances-dhiver-ces-aides-financieres-qui-peuvent-aider-les-plus-bas-revenus-a-partir-1522863\" target=\"_blank\" rel=\"nofollow noopener\">Capital<\/a>. Des<br \/>\naides dont le montant n\u2019est pas le m\u00eame pour tout le monde en<br \/>\nrevanche, car il est conditionn\u00e9 \u00e0 un quotient familial, mais aussi<br \/>\n\u201c\u00e0 un seuil d\u00e9partemental g\u00e9n\u00e9ralement compris entre 700 et 800<br \/>\n\u20ac\u201d.<\/p>\n<p>Elles couvrent en revanche \u201cjusqu\u2019\u00e0 70 % du co\u00fbt d\u2019un s\u00e9jour<br \/>\nr\u00e9serv\u00e9 aupr\u00e8s d\u2019un organisme labellis\u00e9 Vacaf\u201d. Toujours du<br \/>\nc\u00f4t\u00e9 des <strong>aides publiques<\/strong>, mais cette fois-ci<br \/>\nseulement r\u00e9serv\u00e9 aux jeunes adultes entre 18 et 25 ans : le<br \/>\nprogramme D\u00e9part 18-25. G\u00e9r\u00e9 par <strong>l\u2019Agence nationale pour<br \/>\nles ch\u00e8ques-vacances (ANCV)<\/strong>, il s\u2019adresse aux<br \/>\n\u201cboursiers, apprentis, en service civique ou demandeurs<br \/>\nd\u2019emploi dont le revenu fiscal de r\u00e9f\u00e9rence est inf\u00e9rieur \u00e0 17 280<br \/>\neuros pour une part\u201d.<\/p>\n<p><img loading=\"lazy\" decoding=\"async\" aria-describedby=\"caption-attachment-1227098\" itemprop=\"thumbnailUrl\" class=\"size-full wp-image-1227098 img-responsive\" src=\"https:\/\/www.europesays.com\/fr\/wp-content\/uploads\/2026\/01\/apl-rsa-aah-la-caf-confirme-les-dates-de-versement-2026-des-allocations.jpg\" alt=\"CAF\" width=\"1280\" height=\"720\"\/> \u00a9<br \/>\nShutterstock<\/p>\n<p id=\"caption-attachment-1227098\" class=\"wp-caption-text\">Le site<br \/>\nde la CAF<\/p>\n<p>Des soutiens financiers largement<br \/>\nm\u00e9connus<\/p>\n<p>Selon les r\u00e9gions, en vous rapprochant de la CAF ou de la MSA,<br \/>\nil est aussi possible de b\u00e9n\u00e9ficier de <strong>ch\u00e8ques<br \/>\nvacances,<\/strong> ind\u00e9pendamment de l\u2019\u00e2ge. Un bon plan lorsque<br \/>\npartir au ski co\u00fbte trop cher. Enfin, en dernier recours et lorsque<br \/>\nm\u00eame les aides cit\u00e9es au-dessus ne suffisent plus, il est possible<br \/>\nde se tourner vers des associations.<\/p>\n<p>Le <strong>Secours populaire<\/strong> ou le <strong>Secours<br \/>\ncatholique<\/strong> peuvent par exemple proposer des s\u00e9jours<br \/>\nencadr\u00e9s, chez des b\u00e9n\u00e9voles et quel que soit l\u2019\u00e2ge. Tous ne<br \/>\nproposent pas en revanche cette option, et mieux vaut se renseigner<br \/>\naupr\u00e8s de son antenne locale. Enfin, il est toujours possible de se<br \/>\nrenseigner du c\u00f4t\u00e9 de la Bourse Solidarit\u00e9 Vacances, un<br \/>\n\u201cdispositif d\u00e9di\u00e9 aux personnes en situation de pr\u00e9carit\u00e9\u201d<br \/>\net qui leur permet \u201cd\u2019acc\u00e9der \u00e0 des s\u00e9jours \u00e0 des tarifs tr\u00e8s<br \/>\nattractifs.\u201d<\/p>\n","protected":false},"excerpt":{"rendered":"Le ski, un sport de riche ? Le d\u00e9bat revient en tout cas chaque ann\u00e9e sur le devant&hellip;\n","protected":false},"author":2,"featured_media":667946,"comment_status":"","ping_status":"","sticky":false,"template":"","format":"standard","meta":{"footnotes":""},"categories":[6],"tags":[35,21303,33,34,1011,27],"class_list":{"0":"post-667945","1":"post","2":"type-post","3":"status-publish","4":"format-standard","5":"has-post-thumbnail","7":"category-economie","8":"tag-business","9":"tag-buzz_nonli","10":"tag-economie","11":"tag-economy","12":"tag-fr","13":"tag-france"},"share_on_mastodon":{"url":"https:\/\/pubeurope.com\/@fr\/115905429857997460","error":""},"_links":{"self":[{"href":"https:\/\/www.europesays.com\/fr\/wp-json\/wp\/v2\/posts\/667945","targetHints":{"allow":["GET"]}}],"collection":[{"href":"https:\/\/www.europesays.com\/fr\/wp-json\/wp\/v2\/posts"}],"about":[{"href":"https:\/\/www.europesays.com\/fr\/wp-json\/wp\/v2\/types\/post"}],"author":[{"embeddable":true,"href":"https:\/\/www.europesays.com\/fr\/wp-json\/wp\/v2\/users\/2"}],"replies":[{"embeddable":true,"href":"https:\/\/www.europesays.com\/fr\/wp-json\/wp\/v2\/comments?post=667945"}],"version-history":[{"count":0,"href":"https:\/\/www.europesays.com\/fr\/wp-json\/wp\/v2\/posts\/667945\/revisions"}],"wp:featuredmedia":[{"embeddable":true,"href":"https:\/\/www.europesays.com\/fr\/wp-json\/wp\/v2\/media\/667946"}],"wp:attachment":[{"href":"https:\/\/www.europesays.com\/fr\/wp-json\/wp\/v2\/media?parent=667945"}],"wp:term":[{"taxonomy":"category","embeddable":true,"href":"https:\/\/www.europesays.com\/fr\/wp-json\/wp\/v2\/categories?post=667945"},{"taxonomy":"post_tag","embeddable":true,"href":"https:\/\/www.europesays.com\/fr\/wp-json\/wp\/v2\/tags?post=667945"}],"curies":[{"name":"wp","href":"https:\/\/api.w.org\/{rel}","templated":true}]}}