{"id":667947,"date":"2026-01-16T15:14:10","date_gmt":"2026-01-16T15:14:10","guid":{"rendered":"https:\/\/www.europesays.com\/fr\/667947\/"},"modified":"2026-01-16T15:14:10","modified_gmt":"2026-01-16T15:14:10","slug":"47-millions-de-comptes-sociaux-desactives-pour-proteger-les-mineurs-de-moins-de-16-ans","status":"publish","type":"post","link":"https:\/\/www.europesays.com\/fr\/667947\/","title":{"rendered":"4,7 millions de comptes sociaux d\u00e9sactiv\u00e9s pour prot\u00e9ger les mineurs de moins de 16 ans"},"content":{"rendered":"<p>        Montrer les titres<br \/>\n        Cacher les titres <\/p>\n<p>En Australie, un coup de th\u00e9\u00e2tre vient de secouer le monde num\u00e9rique. Depuis le 10 d\u00e9cembre, une nouvelle loi interdit aux jeunes de moins de 16 ans de poss\u00e9der des comptes sur les r\u00e9seaux sociaux. R\u00e9sultat? Plus de 4,7 millions de comptes ont \u00e9t\u00e9 d\u00e9sactiv\u00e9s. Ce d\u00e9cret n\u2019est pas une lubie soudaine, mais une mesure de protection des enfants et adolescents dans un espace num\u00e9rique qui peut \u00eatre aussi dangereux qu\u2019attrayant.<\/p>\n<p>Les plateformes comme Instagram, TikTok et Snapchat ont \u00e9t\u00e9 somm\u00e9es de mettre en place des syst\u00e8mes de v\u00e9rification de l\u2019\u00e2ge. Les contrevenants risquent de lourdes amendes, allant jusqu\u2019\u00e0 50 millions de dollars australiens. La mesure est certes radicale, mais pour le gouvernement australien, elle est n\u00e9cessaire pour assurer un environnement en ligne s\u00fbr pour les jeunes. Mais que cache vraiment cette d\u00e9cision?<\/p>\n<p><a class=\"related-article simple\" href=\"https:\/\/www.garconne-magazine.fr\/actualites\/2026\/01\/15\/x-restreint-lacces-a-grok-suite-a-la-polemique-sur-les-images-denudees-un-coup-de-theatre-necessaire\/\" target=\"_blank\" rel=\"noopener\"><br \/>\n                        \u00c0 d\u00e9couvrir<br \/>\n                        X restreint l\u2019acc\u00e8s \u00e0 Grok suite \u00e0 la pol\u00e9mique sur les images d\u00e9nud\u00e9es : un coup de th\u00e9\u00e2tre n\u00e9cessaire<\/p>\n<p>                        <\/a><\/p>\n<p>Le rationnel derri\u00e8re la loi<\/p>\n<p>La principale motivation de cette loi est la protection des enfants. Le gouvernement australien veut \u00e9viter que les jeunes soient expos\u00e9s \u00e0 des contenus inappropri\u00e9s ou tombent dans les pi\u00e8ges des pr\u00e9dateurs en ligne. Avec des plateformes souvent accus\u00e9es de ne pas faire assez pour prot\u00e9ger leurs jeunes utilisateurs, cette d\u00e9cision vise \u00e0 prendre les devants. Des \u00e9tudes montrent que les jeunes passent en moyenne trois heures par jour sur ces plateformes, expos\u00e9s \u00e0 des influences parfois nocives.\n<\/p>\n<p>Pour les autorit\u00e9s, la menace est r\u00e9elle. Les r\u00e9seaux sociaux peuvent \u00eatre un terreau fertile pour le cyberharc\u00e8lement, la d\u00e9sinformation et l\u2019exposition \u00e0 des contenus inappropri\u00e9s. En instaurant cette limite d\u2019\u00e2ge, l\u2019Australie esp\u00e8re r\u00e9duire ces risques et encourager un usage plus sain et contr\u00f4l\u00e9 d\u2019Internet chez les jeunes.\n<\/p>\n<p>Certains experts, comme Simone Fleischmann, pr\u00e9sidente d\u2019une association \u00e9ducative, soulignent l\u2019importance d\u2019un usage r\u00e9fl\u00e9chi et critique des m\u00e9dias num\u00e9riques par les jeunes. Elle plaide pour une approche \u00e9ducative, o\u00f9 les jeunes seraient form\u00e9s \u00e0 naviguer dans ce monde digital de mani\u00e8re s\u00e9curis\u00e9e et responsable.<\/p>\n<p>Pourtant, cette loi n\u2019est pas sans controverse. Si elle est cens\u00e9e prot\u00e9ger, elle soul\u00e8ve aussi des questions sur la libert\u00e9 d\u2019acc\u00e8s \u00e0 l\u2019information et sur la mani\u00e8re dont l\u2019\u00e2ge est contr\u00f4l\u00e9.<\/p>\n<p><a class=\"related-article simple\" href=\"https:\/\/www.garconne-magazine.fr\/actualites\/2026\/01\/13\/comment-instagram-et-tiktok-minent-lestime-de-soi-des-femmes-un-regard-critique\/\" target=\"_blank\" rel=\"noopener\"><br \/>\n                        \u00c0 d\u00e9couvrir<br \/>\n                        Comment Instagram et TikTok minent l\u2019estime de soi des femmes : un regard critique<\/p>\n<p>                        <\/a><\/p>\n<p>Les modalit\u00e9s de mise en application<\/p>\n<p>La mise en place de cette loi est un v\u00e9ritable casse-t\u00eate logistique. Les plateformes doivent s\u2019assurer que les utilisateurs ont bien l\u2019\u00e2ge requis, ce qui n\u2019est pas chose facile. Snapchat, par exemple, a commenc\u00e9 \u00e0 envoyer des avertissements aux comptes suspect\u00e9s d\u2019\u00eatre g\u00e9r\u00e9s par des mineurs. Les utilisateurs doivent prouver leur \u00e2ge sous peine de voir leur compte suspendu.\n<\/p>\n<p>Les m\u00e9thodes de v\u00e9rification varient, mais elles reposent g\u00e9n\u00e9ralement sur des d\u00e9clarations d\u2019\u00e2ge crois\u00e9es avec des comportements d\u2019utilisation. Par exemple, des signaux comportementaux peuvent indiquer qu\u2019un compte est g\u00e9r\u00e9 par un enfant. Ces techniques ne sont pas infaillibles, mais elles constituent un premier pas vers une meilleure r\u00e9gulation.\n<\/p>\n<p>Les amendes pour non-conformit\u00e9 sont dissuasives. Les plateformes qui ne respectent pas la r\u00e9glementation risquent des sanctions financi\u00e8res s\u00e9v\u00e8res, ce qui les pousse \u00e0 adopter rapidement des solutions de v\u00e9rification de l\u2019\u00e2ge.<\/p>\n<p>Mais cette application stricte pose aussi des probl\u00e8mes de confidentialit\u00e9. Les utilisateurs doivent fournir plus d\u2019informations personnelles, ce qui peut inqui\u00e9ter quant \u00e0 la gestion et la protection de ces donn\u00e9es.<\/p>\n<p><a class=\"related-article simple\" href=\"https:\/\/www.garconne-magazine.fr\/lifestyle\/bricolage\/2026\/01\/12\/chauffage-au-bois-decouvrez-pourquoi-recuperer-du-bois-gratuitement-en-foret-nest-pas-si-simple\/\" target=\"_blank\" rel=\"noopener\"><br \/>\n                        \u00c0 d\u00e9couvrir<br \/>\n                        Chauffage au bois : d\u00e9couvrez pourquoi r\u00e9cup\u00e9rer du bois gratuitement en for\u00eat n\u2019est pas si simple<\/p>\n<p>                        <\/a><\/p>\n<p>R\u00e9actions \u00e0 travers le monde<\/p>\n<p>La d\u00e9cision australienne a fait des vagues \u00e0 l\u2019international. L\u2019Australie se positionne en pionni\u00e8re dans le domaine de la protection num\u00e9rique des mineurs, et d\u2019autres pays suivent l\u2019affaire avec int\u00e9r\u00eat. Le Premier ministre australien a d\u00e9clar\u00e9 que le monde pourrait suivre cet exemple, une affirmation qui trouve un certain \u00e9cho.\n<\/p>\n<p>En Europe, des discussions sont en cours pour imiter cette approche. Le Parlement europ\u00e9en a r\u00e9cemment exprim\u00e9 son soutien \u00e0 l\u2019id\u00e9e d\u2019une limite d\u2019\u00e2ge pour les r\u00e9seaux sociaux, bien que cela reste pour l\u2019instant non contraignant. La Danemark envisage m\u00eame l\u2019introduction d\u2019une limite d\u2019\u00e2ge de 15 ans.\n<\/p>\n<p>Pour certains, cette loi australienne est un mod\u00e8le \u00e0 suivre. Pour d\u2019autres, elle est trop radicale et soul\u00e8ve des pr\u00e9occupations concernant les droits des jeunes \u00e0 l\u2019information et \u00e0 l\u2019expression. En tout cas, l\u2019initiative australienne relance le d\u00e9bat sur la place des mineurs dans l\u2019espace num\u00e9rique mondial.<\/p>\n<p>Les experts en \u00e9ducation et en technologie surveillent de pr\u00e8s les effets de cette loi. Son efficacit\u00e9 pourrait influencer les l\u00e9gislations futures \u00e0 l\u2019\u00e9chelle mondiale.<\/p>\n<p><a class=\"related-article simple\" href=\"https:\/\/www.garconne-magazine.fr\/actualites\/2026\/01\/10\/test-de-virginite-un-couple-condamne-pour-avoir-soumis-leur-fille-a-cette-pratique-controversee\/\" target=\"_blank\" rel=\"noopener\"><br \/>\n                        \u00c0 d\u00e9couvrir<br \/>\n                        Test de virginit\u00e9 : un couple condamn\u00e9 pour avoir soumis leur fille \u00e0 cette pratique controvers\u00e9e<\/p>\n<p>                        <\/a><\/p>\n<p>Les critiques et controverses<\/p>\n<p>Bien que la loi vise \u00e0 prot\u00e9ger, elle est loin de faire l\u2019unanimit\u00e9. De nombreux parents et \u00e9ducateurs se demandent si cette approche est r\u00e9ellement la bonne. Certains craignent qu\u2019en interdisant l\u2019acc\u00e8s aux r\u00e9seaux sociaux, on ne fasse qu\u2019attiser la curiosit\u00e9 des jeunes, les poussant \u00e0 contourner les r\u00e8gles.<\/p>\n<p>D\u2019autres soulignent que l\u2019\u00e2ge n\u2019est pas le seul facteur de risque. L\u2019\u00e9ducation num\u00e9rique est essentielle pour aider les jeunes \u00e0 naviguer dans le monde en ligne. Sans \u00e9ducation ad\u00e9quate, interdire les r\u00e9seaux sociaux pourrait simplement d\u00e9placer le probl\u00e8me ailleurs.\n<\/p>\n<p>Les critiques arguent que cette interdiction pourrait aussi avoir des effets n\u00e9gatifs sur le d\u00e9veloppement social des jeunes. Les r\u00e9seaux sociaux sont un moyen de communication et d\u2019expression. Les priver de cet outil pourrait les isoler socialement.\n<\/p>\n<p>Et puis, la question de l\u2019acc\u00e8s \u00e0 l\u2019information se pose. Aujourd\u2019hui, l\u2019information circule principalement en ligne, emp\u00eacher les jeunes d\u2019acc\u00e9der \u00e0 ces plateformes pourrait limiter leur acc\u00e8s \u00e0 des informations importantes et \u00e9ducatives.<\/p>\n<p><a class=\"related-article simple\" href=\"https:\/\/www.garconne-magazine.fr\/lifestyle\/2026\/01\/08\/netflix-seffondre-apres-la-rumeur-dun-episode-secret-de-stranger-things-pourquoi-cest-un-phenomene-fascinant\/\" target=\"_blank\" rel=\"noopener\"><br \/>\n                        \u00c0 d\u00e9couvrir<br \/>\n                        Netflix s\u2019effondre apr\u00e8s la rumeur d\u2019un \u00e9pisode secret de Stranger Things, pourquoi c\u2019est un ph\u00e9nom\u00e8ne fascinant<\/p>\n<p>                        <\/a><\/p>\n<p>Vers un avenir num\u00e9rique plus s\u00fbr?<\/p>\n<p>La question qui se pose est : cette loi est-elle le d\u00e9but d\u2019un mouvement vers un avenir num\u00e9rique plus s\u00fbr? Les intentions sont bonnes, mais le chemin vers une protection efficace des jeunes en ligne est sem\u00e9 d\u2019emb\u00fbches. Les d\u00e9fis techniques et \u00e9thiques sont nombreux, et la balance entre protection et libert\u00e9 reste d\u00e9licate.<\/p>\n<p>Pour les plateformes, cette loi impose une pression suppl\u00e9mentaire. Elles doivent investir dans des technologies de v\u00e9rification d\u2019\u00e2ge tout en garantissant la protection des donn\u00e9es personnelles. Cela pourrait transformer leur mani\u00e8re de fonctionner, et influencer leur relation avec les utilisateurs.\n<\/p>\n<p>Pour les gouvernements, l\u2019enjeu est d\u2019\u00e9laborer des lois qui prot\u00e8gent sans entraver les libert\u00e9s. Trouver ce juste milieu est complexe, mais n\u00e9cessaire dans un monde o\u00f9 l\u2019Internet joue un r\u00f4le pr\u00e9pond\u00e9rant dans la vie quotidienne des jeunes.\n<\/p>\n<p>Au final, cette loi australienne pourrait bien n\u2019\u00eatre que le premier pas vers une r\u00e9gulation mondiale plus stricte des r\u00e9seaux sociaux. Elle permet un d\u00e9bat crucial sur la mani\u00e8re dont nous voulons prot\u00e9ger les g\u00e9n\u00e9rations futures tout en respectant leurs droits et libert\u00e9s. L\u2019avenir nous dira si cette approche sera adopt\u00e9e ailleurs ou si d\u2019autres solutions verront le jour.<\/p>\n<p><a class=\"related-article simple\" href=\"https:\/\/www.garconne-magazine.fr\/lifestyle\/2026\/01\/04\/k-beauty-decouvrez-comment-une-simple-tendance-tiktok-est-devenue-un-veritable-empire-economique\/\" target=\"_blank\" rel=\"noopener\"><br \/>\n                        \u00c0 d\u00e9couvrir<br \/>\n                        K-beauty : d\u00e9couvrez comment une simple tendance TikTok est devenue un v\u00e9ritable empire \u00e9conomique<\/p>\n<p>                        <\/a><\/p>\n<p>\u00c0 retenir<\/p>\n<ul>\n<li>L&rsquo;Australie a d\u00e9sactiv\u00e9 4,7 millions de comptes de moins de 16 ans.<\/li>\n<li>La loi vise \u00e0 prot\u00e9ger les jeunes des dangers en ligne.<\/li>\n<li>Les r\u00e9actions internationales varient, d&rsquo;autres pays envisagent des lois similaires.<\/li>\n<\/ul>\n<p>Questions fr\u00e9quentes<\/p>\n<dl class=\"naiw-faq-list\">\n<dt>Pourquoi l&rsquo;Australie a-t-elle adopt\u00e9 cette loi ?<\/dt>\n<dd>Pour prot\u00e9ger les enfants des dangers en ligne, comme le cyberharc\u00e8lement et les contenus inappropri\u00e9s.<\/dd>\n<dt>Quelles plateformes sont concern\u00e9es ?<\/dt>\n<dd>Instagram, TikTok, Snapchat, Facebook, YouTube, et d\u2019autres grandes plateformes sociales.<\/dd>\n<dt>Comment les plateformes v\u00e9rifient-elles l&rsquo;\u00e2ge des utilisateurs ?<\/dt>\n<dd>Elles utilisent des signaux comportementaux et des d\u00e9clarations d\u2019\u00e2ge pour identifier les comptes de mineurs.<\/dd>\n<\/dl>\n","protected":false},"excerpt":{"rendered":"Montrer les titres Cacher les titres En Australie, un coup de th\u00e9\u00e2tre vient de secouer le monde num\u00e9rique.&hellip;\n","protected":false},"author":2,"featured_media":667948,"comment_status":"","ping_status":"","sticky":false,"template":"","format":"standard","meta":{"footnotes":""},"categories":[5],"tags":[11,5035,1011,27,14,76793,12,11055,14372,28],"class_list":{"0":"post-667947","1":"post","2":"type-post","3":"status-publish","4":"format-standard","5":"has-post-thumbnail","7":"category-international","8":"tag-actualites","9":"tag-australie","10":"tag-fr","11":"tag-france","12":"tag-international","13":"tag-lu00e9gislation","14":"tag-news","15":"tag-protection-des-mineurs","16":"tag-ru00e9seaux-sociaux","17":"tag-world"},"share_on_mastodon":{"url":"https:\/\/pubeurope.com\/@fr\/115905433716545579","error":""},"_links":{"self":[{"href":"https:\/\/www.europesays.com\/fr\/wp-json\/wp\/v2\/posts\/667947","targetHints":{"allow":["GET"]}}],"collection":[{"href":"https:\/\/www.europesays.com\/fr\/wp-json\/wp\/v2\/posts"}],"about":[{"href":"https:\/\/www.europesays.com\/fr\/wp-json\/wp\/v2\/types\/post"}],"author":[{"embeddable":true,"href":"https:\/\/www.europesays.com\/fr\/wp-json\/wp\/v2\/users\/2"}],"replies":[{"embeddable":true,"href":"https:\/\/www.europesays.com\/fr\/wp-json\/wp\/v2\/comments?post=667947"}],"version-history":[{"count":0,"href":"https:\/\/www.europesays.com\/fr\/wp-json\/wp\/v2\/posts\/667947\/revisions"}],"wp:featuredmedia":[{"embeddable":true,"href":"https:\/\/www.europesays.com\/fr\/wp-json\/wp\/v2\/media\/667948"}],"wp:attachment":[{"href":"https:\/\/www.europesays.com\/fr\/wp-json\/wp\/v2\/media?parent=667947"}],"wp:term":[{"taxonomy":"category","embeddable":true,"href":"https:\/\/www.europesays.com\/fr\/wp-json\/wp\/v2\/categories?post=667947"},{"taxonomy":"post_tag","embeddable":true,"href":"https:\/\/www.europesays.com\/fr\/wp-json\/wp\/v2\/tags?post=667947"}],"curies":[{"name":"wp","href":"https:\/\/api.w.org\/{rel}","templated":true}]}}