{"id":667953,"date":"2026-01-16T15:17:19","date_gmt":"2026-01-16T15:17:19","guid":{"rendered":"https:\/\/www.europesays.com\/fr\/667953\/"},"modified":"2026-01-16T15:17:19","modified_gmt":"2026-01-16T15:17:19","slug":"chantage-a-la-video-intime-vers-un-jugement-en-appel-en-juin","status":"publish","type":"post","link":"https:\/\/www.europesays.com\/fr\/667953\/","title":{"rendered":"Chantage \u00e0 la vid\u00e9o intime : Vers un jugement en appel en juin ?"},"content":{"rendered":"<p>Le proc\u00e8s en appel de l\u2019affaire de chantage \u00e0 la vid\u00e9o intime impliquant l\u2019ancien maire de Saint-\u00c9tienne, Gael Perdriau, se tiendra \u00e0 Lyon du 8 au 12 juin 2026, si toutes les parties l&rsquo;acceptent.<\/p>\n<p>Le proc\u00e8s en appel de l\u2019affaire qui a \u00e9branl\u00e9 Saint-\u00c9tienne aura lieu en juin 2026. Selon Le Progr\u00e8s, la cour d\u2019appel de Lyon a fix\u00e9 les dates d\u2019audience : du 8 au 12 juin 2026, sous r\u00e9serve de la pr\u00e9sence de toutes les parties. Cette affaire concerne l\u2019ancien maire de Saint-\u00c9tienne, Gael Perdriau, ainsi que ses co-pr\u00e9venus, Gilles Rossary-Lenglet et Samy Kefi J\u00e9rome, qui ont tous fait appel de leur condamnation. Seul Pierre Gautier a accept\u00e9 sa peine.<\/p>\n<p>Pour rappel, cette affaire de chantage \u00e0 la vid\u00e9o intime avait secou\u00e9 la ville en 2023, entra\u00eenant la d\u00e9mission de Gael Perdriau, \u00e0 la suite du jugement le 1er d\u00e9cembre 2025. Les d\u00e9bats s\u2019annoncent \u00e0 nouveau intenses, alors que les avocats des parties civiles et de la d\u00e9fense se pr\u00e9parent \u00e0 plaider leur cause devant la cour d&rsquo;appel de Lyon.<\/p>\n<p style=\"text-align: right;\">T.RIVIERE<\/p>\n","protected":false},"excerpt":{"rendered":"Le proc\u00e8s en appel de l\u2019affaire de chantage \u00e0 la vid\u00e9o intime impliquant l\u2019ancien maire de Saint-\u00c9tienne, Gael&hellip;\n","protected":false},"author":2,"featured_media":667954,"comment_status":"","ping_status":"","sticky":false,"template":"","format":"standard","meta":{"footnotes":""},"categories":[9653],"tags":[1111,11,2430,1777,674,1011,27,12,25,4001],"class_list":{"0":"post-667953","1":"post","2":"type-post","3":"status-publish","4":"format-standard","5":"has-post-thumbnail","7":"category-saint-etienne","8":"tag-actu","9":"tag-actualites","10":"tag-auvergne-rhone-alpes","11":"tag-eu","12":"tag-europe","13":"tag-fr","14":"tag-france","15":"tag-news","16":"tag-republique-francaise","17":"tag-saint-etienne"},"share_on_mastodon":{"url":"https:\/\/pubeurope.com\/@fr\/115905445840371297","error":""},"_links":{"self":[{"href":"https:\/\/www.europesays.com\/fr\/wp-json\/wp\/v2\/posts\/667953","targetHints":{"allow":["GET"]}}],"collection":[{"href":"https:\/\/www.europesays.com\/fr\/wp-json\/wp\/v2\/posts"}],"about":[{"href":"https:\/\/www.europesays.com\/fr\/wp-json\/wp\/v2\/types\/post"}],"author":[{"embeddable":true,"href":"https:\/\/www.europesays.com\/fr\/wp-json\/wp\/v2\/users\/2"}],"replies":[{"embeddable":true,"href":"https:\/\/www.europesays.com\/fr\/wp-json\/wp\/v2\/comments?post=667953"}],"version-history":[{"count":0,"href":"https:\/\/www.europesays.com\/fr\/wp-json\/wp\/v2\/posts\/667953\/revisions"}],"wp:featuredmedia":[{"embeddable":true,"href":"https:\/\/www.europesays.com\/fr\/wp-json\/wp\/v2\/media\/667954"}],"wp:attachment":[{"href":"https:\/\/www.europesays.com\/fr\/wp-json\/wp\/v2\/media?parent=667953"}],"wp:term":[{"taxonomy":"category","embeddable":true,"href":"https:\/\/www.europesays.com\/fr\/wp-json\/wp\/v2\/categories?post=667953"},{"taxonomy":"post_tag","embeddable":true,"href":"https:\/\/www.europesays.com\/fr\/wp-json\/wp\/v2\/tags?post=667953"}],"curies":[{"name":"wp","href":"https:\/\/api.w.org\/{rel}","templated":true}]}}