{"id":667955,"date":"2026-01-16T15:18:17","date_gmt":"2026-01-16T15:18:17","guid":{"rendered":"https:\/\/www.europesays.com\/fr\/667955\/"},"modified":"2026-01-16T15:18:17","modified_gmt":"2026-01-16T15:18:17","slug":"saint-etienne-clermont-les-compositions-probables-chaine-tv-et-heure","status":"publish","type":"post","link":"https:\/\/www.europesays.com\/fr\/667955\/","title":{"rendered":"Saint-\u00c9tienne &#8211; Clermont : les compositions probables, cha\u00eene TV et heure"},"content":{"rendered":"<p>\t\t<b>Saint-\u00c9tienne re\u00e7oit Clermont, samedi 17 janvier \u00e0 20h55, au Stade Geoffroy-Guichard, dans le cadre de la 19\u1d49 journ\u00e9e de Ligue 2. Les compositions probables, la cha\u00eene TV et toutes les informations de la rencontre \u00e0 d\u00e9couvrir ici.<\/b><\/p>\n<p class=\"p3\" style=\"text-align: justify;\">La Ligue 2 poursuit son marathon hivernal avec une affiche toujours particuli\u00e8re pour le public du Chaudron. \u00c0 l\u2019occasion de la 19\u1d49 journ\u00e9e de championnat, l\u2019AS <strong>Saint-\u00c9tienne<\/strong> accueille Clermont Foot pour un duel aux enjeux bien distincts. D\u2019un c\u00f4t\u00e9, les Verts veulent relancer une dynamique enray\u00e9e depuis plusieurs semaines afin de rester au contact des places de mont\u00e9e. De l\u2019autre, Clermont cherche \u00e0 consolider sa position en milieu de tableau et \u00e0 s\u2019\u00e9loigner d\u00e9finitivement de la zone dangereuse. Dans un Stade Geoffroy-Guichard qui promet une nouvelle fois une ambiance incandescente, cette rencontre s\u2019annonce capitale, notamment pour les hommes de Patrick Horneland, qui n\u2019ont plus vraiment le droit \u00e0 l\u2019erreur.<\/p>\n<p><b>Les formes des \u00e9quipes<\/b><\/p>\n<p class=\"p3\" style=\"text-align: justify;\">Consid\u00e9r\u00e9 en d\u00e9but de saison comme le v\u00e9ritable \u00e9pouvantail de cette Ligue 2, Saint-\u00c9tienne ne domine pas les d\u00e9bats comme beaucoup l\u2019avaient imagin\u00e9. Si l\u2019ASSE reste bien plac\u00e9e dans la course \u00e0 la mont\u00e9e, elle occupe n\u00e9anmoins une position frustrante au pied du podium \u00e0 l\u2019entame de cette 19\u1d49 journ\u00e9e. Les Verts accusent surtout un retard cons\u00e9quent de six points sur le leader troyen, un \u00e9cart qui commence \u00e0 peser lourd dans la balance \u00e0 l\u2019approche de la seconde moiti\u00e9 de saison.<\/p>\n<p class=\"p3\" style=\"text-align: justify;\">Les hommes de Patrick Horneland traversent une p\u00e9riode d\u00e9licate sur le plan comptable. Leur derni\u00e8re victoire en championnat remonte au 22 novembre, une \u00e9ternit\u00e9 pour un candidat \u00e0 l\u2019accession. Depuis, les St\u00e9phanois ont conc\u00e9d\u00e9 plusieurs r\u00e9sultats d\u00e9cevants, \u00e0 l\u2019image de la d\u00e9faite \u00e0 Dunkerque (2-1), du match nul conc\u00e9d\u00e9 face \u00e0 Bastia (2-2) ou encore du score vierge ramen\u00e9 de la pelouse du Mans (0-0). Comme si cela ne suffisait pas, l\u2019ASSE a \u00e9galement vu son parcours en Coupe de France s\u2019arr\u00eater pr\u00e9matur\u00e9ment, battue par Nice (2-1) fin d\u00e9cembre. Malgr\u00e9 tout, le potentiel offensif et la qualit\u00e9 individuelle de l\u2019effectif st\u00e9phanois laissent penser que le r\u00e9veil est proche, surtout \u00e0 domicile.<\/p>\n<p class=\"p3\" style=\"text-align: justify;\">En face, Clermont aborde cette rencontre avec un statut plus modeste mais une situation relativement confortable. Les Auvergnats n\u2019ont clairement pas les armes pour rivaliser sur la dur\u00e9e avec les grosses cylindr\u00e9es du championnat, et leur objectif principal reste avant tout le maintien. D\u00e9j\u00e0 contraints de passer par les barrages la saison pass\u00e9e pour sauver leur place en Ligue 2, les Clermontois se retrouvent encore une fois dans la seconde partie de tableau.<\/p>\n<p class=\"p3\" style=\"text-align: justify;\">Actuellement 11\u1d49, Clermont dispose toutefois d\u2019un matelas rassurant de six points d\u2019avance sur le barragiste, une avance renforc\u00e9e par une \u00e9clatante victoire face \u00e0 Laval lors de la derni\u00e8re journ\u00e9e (4-1). Avant ce succ\u00e8s, les hommes du Puy-de-D\u00f4me avaient encha\u00een\u00e9 des r\u00e9sultats plus mitig\u00e9s, avec des matchs nuls contre le Red Star (2-2) et Boulogne (1-1), ainsi qu\u2019une courte d\u00e9faite \u00e0 Nancy (1-0). Cette irr\u00e9gularit\u00e9 chronique explique en grande partie leur position actuelle, mais la dynamique r\u00e9cente reste encourageante avant ce d\u00e9placement p\u00e9rilleux dans le Forez.<\/p>\n<p><b>Les diff\u00e9rentes absences<\/b><\/p>\n<p class=\"p3\" style=\"text-align: justify;\">Pour cette rencontre, l\u2019AS Saint-\u00c9tienne doit encore composer avec un effectif amoindri. Le secteur d\u00e9fensif est particuli\u00e8rement touch\u00e9, puisque Ferreira, Bernauer et Annan sont tous \u00e0 l\u2019infirmerie. L\u2019attaque n\u2019est pas \u00e9pargn\u00e9e non plus avec l\u2019absence de Duffus, tandis que le milieu Ekwah, qui n\u2019a pas encore disput\u00e9 la moindre minute cette saison, est toujours indisponible.<\/p>\n<p class=\"p3\" style=\"text-align: justify;\">La bonne nouvelle pour Patrick Horneland vient en revanche du retour de suspension de deux \u00e9l\u00e9ments majeurs. Le milieu Jaber et surtout l\u2019ailier Boakye, auteur de trois buts et cinq passes d\u00e9cisives en Ligue 2, r\u00e9int\u00e8grent le groupe. Ce dernier pourrait d\u2019ailleurs bousculer la hi\u00e9rarchie offensive et concurrencer le Belge Stassin, d\u00e9j\u00e0 auteur de quatre r\u00e9alisations, pour le poste d\u2019avant-centre. Autour d\u2019eux, Saint-\u00c9tienne peut compter sur des joueurs capables de faire basculer une rencontre \u00e0 tout moment, comme Cardona, Tardieu ou encore Davitashvili, meilleur buteur du club avec huit buts. \u00c0 noter \u00e9galement le d\u00e9part en pr\u00eat du lat\u00e9ral droit Ma\u00e7on, d\u00e9sormais \u00e0 l\u2019AE Larisa, et qui ne fait plus partie des plans du staff.<\/p>\n<p class=\"p3\" style=\"text-align: justify;\">Du c\u00f4t\u00e9 de Clermont, les mauvaises nouvelles s\u2019accumulent avant ce d\u00e9placement. Le principal coup dur concerne l\u2019absence de Kader Bamba, meilleur buteur du club avec sept r\u00e9alisations sur la premi\u00e8re partie de saison. Bless\u00e9, l\u2019attaquant manque cruellement \u00e0 un secteur offensif d\u00e9j\u00e0 limit\u00e9. Il n\u2019est pas le seul forfait notable puisque Nsimba, Saivet, Douane et Hunou sont \u00e9galement indisponibles, r\u00e9duisant consid\u00e9rablement les options de Pascal Gastien.<\/p>\n<p class=\"p3\" style=\"text-align: justify;\">Dans ces conditions, l\u2019exp\u00e9riment\u00e9 Diedhiou devrait se retrouver bien seul \u00e0 la pointe de l\u2019attaque pour tenter de faire trembler les filets st\u00e9phanois. \u00c0 noter enfin le d\u00e9part r\u00e9cent du lat\u00e9ral Konat\u00e9, pr\u00eat\u00e9 \u00e0 l\u2019AE Kisifias, qui affaiblit un peu plus la rotation d\u00e9fensive clermontoise.<\/p>\n<p><b>Les compositions probables de ce Saint-\u00c9tienne \u2013 Clermont<\/b><\/p>\n<ul>\n<li class=\"p1\" style=\"text-align: justify;\"><strong>La composition probable de Saint-Etienne :\u00a0<\/strong>Larsonneur \u2013 Pedro, Lamba, Nad\u00e9, Old \u2013 Miladinovic, Tardieu, Moueffek \u2013 Cardona, Stassin, Davitashvili.<\/li>\n<li class=\"p1\" style=\"text-align: justify;\"><strong><br \/>La composition probable de Clermont :\u00a0<\/strong>Guivarch \u2013 Caufriez, M\u2019Bahia, Salmier, Boto \u2013 Ackra, Baalal \u2013 Bongu\u00e9, Camblan, Fakili \u2013 Diedhiou.<\/li>\n<\/ul>\n<p><b>\u00c0 quelle heure et sur quelle cha\u00eene voir Saint-\u00c9tienne \u2013 Clermont ?<\/b><\/p>\n<p class=\"p3\" style=\"text-align: justify;\">Le match entre Saint-\u00c9tienne et Clermont se disputera ce samedi 17 janvier \u00e0 20h55. La rencontre sera diffus\u00e9e en direct et en exclusivit\u00e9 sur <strong>beIN SPORTS 1.<\/strong> Les supporters pourront \u00e9galement suivre le match en streaming via les plateformes officielles du diffuseur.<\/p>\n<p>Suivez toute l\u2019actualit\u00e9 de la Ligue 2 sur notre <a href=\"http:\/\/www.befoot.net\/\" target=\"_blank\" rel=\"noopener\">site internet <\/a>ainsi que sur nos comptes <a href=\"http:\/\/twitter.com\/_befootball\" target=\"_blank\" rel=\"noopener\">X <\/a>et <a href=\"https:\/\/www.instagram.com\/__befootball\/?hl=fr\" target=\"_blank\" rel=\"noopener\">Instagram.<\/a><\/p>\n<p>\t<script async src=\"https:\/\/platform.twitter.com\/widgets.js\" charset=\"utf-8\"><\/script><script async src=\"\/\/www.instagram.com\/embed.js\"><\/script><\/p>\n","protected":false},"excerpt":{"rendered":"Saint-\u00c9tienne re\u00e7oit Clermont, samedi 17 janvier \u00e0 20h55, au Stade Geoffroy-Guichard, dans le cadre de la 19\u1d49 journ\u00e9e&hellip;\n","protected":false},"author":2,"featured_media":667956,"comment_status":"","ping_status":"","sticky":false,"template":"","format":"standard","meta":{"footnotes":""},"categories":[9653],"tags":[1111,11,2430,1777,674,1011,27,12,25,4001],"class_list":{"0":"post-667955","1":"post","2":"type-post","3":"status-publish","4":"format-standard","5":"has-post-thumbnail","7":"category-saint-etienne","8":"tag-actu","9":"tag-actualites","10":"tag-auvergne-rhone-alpes","11":"tag-eu","12":"tag-europe","13":"tag-fr","14":"tag-france","15":"tag-news","16":"tag-republique-francaise","17":"tag-saint-etienne"},"share_on_mastodon":{"url":"https:\/\/pubeurope.com\/@fr\/115905449419794733","error":""},"_links":{"self":[{"href":"https:\/\/www.europesays.com\/fr\/wp-json\/wp\/v2\/posts\/667955","targetHints":{"allow":["GET"]}}],"collection":[{"href":"https:\/\/www.europesays.com\/fr\/wp-json\/wp\/v2\/posts"}],"about":[{"href":"https:\/\/www.europesays.com\/fr\/wp-json\/wp\/v2\/types\/post"}],"author":[{"embeddable":true,"href":"https:\/\/www.europesays.com\/fr\/wp-json\/wp\/v2\/users\/2"}],"replies":[{"embeddable":true,"href":"https:\/\/www.europesays.com\/fr\/wp-json\/wp\/v2\/comments?post=667955"}],"version-history":[{"count":0,"href":"https:\/\/www.europesays.com\/fr\/wp-json\/wp\/v2\/posts\/667955\/revisions"}],"wp:featuredmedia":[{"embeddable":true,"href":"https:\/\/www.europesays.com\/fr\/wp-json\/wp\/v2\/media\/667956"}],"wp:attachment":[{"href":"https:\/\/www.europesays.com\/fr\/wp-json\/wp\/v2\/media?parent=667955"}],"wp:term":[{"taxonomy":"category","embeddable":true,"href":"https:\/\/www.europesays.com\/fr\/wp-json\/wp\/v2\/categories?post=667955"},{"taxonomy":"post_tag","embeddable":true,"href":"https:\/\/www.europesays.com\/fr\/wp-json\/wp\/v2\/tags?post=667955"}],"curies":[{"name":"wp","href":"https:\/\/api.w.org\/{rel}","templated":true}]}}