{"id":667959,"date":"2026-01-16T15:20:24","date_gmt":"2026-01-16T15:20:24","guid":{"rendered":"https:\/\/www.europesays.com\/fr\/667959\/"},"modified":"2026-01-16T15:20:24","modified_gmt":"2026-01-16T15:20:24","slug":"regarde-maman-je-danse-theatre-classique-a-nancy","status":"publish","type":"post","link":"https:\/\/www.europesays.com\/fr\/667959\/","title":{"rendered":"\u00ab\u00a0Regarde maman, je danse\u00a0\u00bb : Theatre classique a Nancy"},"content":{"rendered":"<p>\t\t\t\t\t\t\t\t\t<a href=\"https:\/\/www.estrepublicain.fr\/pour-sortir\/loisirs\/Spectacle-theatre-conte\/Theatre-classique\/Lorraine\/Meurthe-et-moselle\/Nancy\/2026\/01\/24\/javascript:history.back();\" rel=\"nofollow noopener\" class=\"backToSearch\" target=\"_blank\">Retour \u00e0 la recherche<\/a><\/p>\n<p class=\"media-desc\" itemprop=\"description\">&#13;<br \/>\n\t\t\t\t\tPi\u00e8ce de Vanessa Van Durme. Interpr\u00e9tation : Claude Lecarme. \u00ab Na\u00eetre gar\u00e7on et se sentir fille. \u00catre fille et na\u00eetre gar\u00e7on. D\u00e8s l\u2019enfance, d\u00e9sirer changer de genre, oublier ce sexe qui ne lui appartient pas \u00bb.&#13;<br \/>\n\t\t\t\t\t\t\t\t\t\t\t&#13;<br \/>\n\t\t\t\t\t\t\t\t\t\tC\u2019est le r\u00e9cit de Vanessa Van Durme et ce combat sem\u00e9 d\u2019emb\u00fbches et d\u2019obstacles qu\u2019elle nous livre avec une grande sensibilit\u00e9, au travers d\u2019une pi\u00e8ce \u00e0 une voix o\u00f9 se m\u00ealent joie, humour, d\u00e9sespoir, souffrance. \u00abDe sa naissance en Belgique \u00e0 sa transformation en 1975, elle parle de sa vie, nous transporte, nous fascine, nous fait pleurer parfois, rire souvent, vibrer toujours. Elle partage avec nous ses \u00e9motions de femme nouvelle et libre. Et elle y parvient si bien&#8230; \u00bb&#13;\n\t\t\t\t  <\/p>\n","protected":false},"excerpt":{"rendered":"Retour \u00e0 la recherche &#13; Pi\u00e8ce de Vanessa Van Durme. Interpr\u00e9tation : Claude Lecarme. \u00ab Na\u00eetre gar\u00e7on et&hellip;\n","protected":false},"author":2,"featured_media":667960,"comment_status":"","ping_status":"","sticky":false,"template":"","format":"standard","meta":{"footnotes":""},"categories":[9635],"tags":[1111,11,1777,674,1011,27,775,1702,12,25],"class_list":{"0":"post-667959","1":"post","2":"type-post","3":"status-publish","4":"format-standard","5":"has-post-thumbnail","7":"category-nancy","8":"tag-actu","9":"tag-actualites","10":"tag-eu","11":"tag-europe","12":"tag-fr","13":"tag-france","14":"tag-grand-est","15":"tag-nancy","16":"tag-news","17":"tag-republique-francaise"},"share_on_mastodon":{"url":"https:\/\/pubeurope.com\/@fr\/115905457243532386","error":""},"_links":{"self":[{"href":"https:\/\/www.europesays.com\/fr\/wp-json\/wp\/v2\/posts\/667959","targetHints":{"allow":["GET"]}}],"collection":[{"href":"https:\/\/www.europesays.com\/fr\/wp-json\/wp\/v2\/posts"}],"about":[{"href":"https:\/\/www.europesays.com\/fr\/wp-json\/wp\/v2\/types\/post"}],"author":[{"embeddable":true,"href":"https:\/\/www.europesays.com\/fr\/wp-json\/wp\/v2\/users\/2"}],"replies":[{"embeddable":true,"href":"https:\/\/www.europesays.com\/fr\/wp-json\/wp\/v2\/comments?post=667959"}],"version-history":[{"count":0,"href":"https:\/\/www.europesays.com\/fr\/wp-json\/wp\/v2\/posts\/667959\/revisions"}],"wp:featuredmedia":[{"embeddable":true,"href":"https:\/\/www.europesays.com\/fr\/wp-json\/wp\/v2\/media\/667960"}],"wp:attachment":[{"href":"https:\/\/www.europesays.com\/fr\/wp-json\/wp\/v2\/media?parent=667959"}],"wp:term":[{"taxonomy":"category","embeddable":true,"href":"https:\/\/www.europesays.com\/fr\/wp-json\/wp\/v2\/categories?post=667959"},{"taxonomy":"post_tag","embeddable":true,"href":"https:\/\/www.europesays.com\/fr\/wp-json\/wp\/v2\/tags?post=667959"}],"curies":[{"name":"wp","href":"https:\/\/api.w.org\/{rel}","templated":true}]}}