{"id":667967,"date":"2026-01-16T15:24:14","date_gmt":"2026-01-16T15:24:14","guid":{"rendered":"https:\/\/www.europesays.com\/fr\/667967\/"},"modified":"2026-01-16T15:24:14","modified_gmt":"2026-01-16T15:24:14","slug":"remi-gaillard-provoque-michael-delafosse-en-duel-republicain","status":"publish","type":"post","link":"https:\/\/www.europesays.com\/fr\/667967\/","title":{"rendered":"R\u00e9mi Gaillard provoque Michael Delafosse en \u00ab\u00a0duel r\u00e9publicain\u00a0\u00bb"},"content":{"rendered":"<p>\n\t\t\t\t\tLes \u00e9lections municipales \u00e0 Montpellier s\u2019annoncent mouvement\u00e9es avec la possible candidature de R\u00e9mi Gaillard\u2026\t\t\t\t<\/p>\n<p>La campagne aux <strong>\u00e9lections municipales <\/strong>de Montpellier semble \u00eatre lanc\u00e9e. Jusqu\u2019\u00e0 pr\u00e9sent assez discret sur ses intentions, l\u2019humoriste montpelli\u00e9rain <strong>R\u00e9mi Gaillard <\/strong>semble s\u2019activer. D\u00e8s ce jeudi soir, nous r\u00e9v\u00e9lions que le trublion avait l\u2019intention de s\u2019exprimer la semaine prochaine au sujet de sa possible candidature aux <strong>\u00e9lections municipales <\/strong>de <strong>Montpellier<\/strong>. Ce vendredi, l\u2019humoriste suivi par plus de <strong>13 millions<\/strong> <strong>de personnes<\/strong> sur les r\u00e9seaux sociaux vient de faire une proposition pour le moins surprenante au maire actuel de Montpellier, Micha\u00ebl Delafosse. Dans un tweet post\u00e9 sur le r\u00e9seau social X (Twitter), il s\u2019adresse directement au maire sortant :<\/p>\n<p>\u00ab\u00a0Je propose un duel r\u00e9publicain \u00e0 Michael Delafosse, maire PS de Montpellier. Pas \u00e0 l\u2019\u00e9p\u00e9e : \u00e0 la dict\u00e9e. Lui, professeur d\u2019histoire. Moi, clown. Si l\u2019Institut de France accepte d\u2019en \u00eatre le cadre, j\u2019en respecterai les r\u00e8gles. Le perdant s\u2019engage \u00e0 ne pas se pr\u00e9senter aux municipales 2026\u00a0\u00bb. Pour l\u2019instant, <strong>Micha\u00ebl Delafosse<\/strong> n\u2019a pas annonc\u00e9 officiellement sa candidature mais cela para\u00eet fortement probable. Va-t-il r\u00e9pondre \u00e0 l\u2019invitation de R\u00e9mi Gaillard ? \u00c7a, \u00e7a semble moins probable\u2026<\/p>\n<p>Apr\u00e8s sa publication sur les r\u00e9seaux sociaux, <strong>l\u2019humoriste a r\u00e9agi par \u00e9crit dans un commentaire<\/strong> : \u00ab Je suis parfaitement conscient que bien \u00e9crire n\u2019est pas une condition pour exercer des responsabilit\u00e9s publiques. Heureusement d\u2019ailleurs. Si je provoque Micha\u00ebl Delafosse \u00e0 une dict\u00e9e, ce n\u2019est pas pour faire un concours d\u2019orthographe, mais pour d\u00e9placer le d\u00e9bat. Il est professeur, il aime se pr\u00e9senter comme un homme de culture et de transmission. Je le mets donc au d\u00e9fi dans un domaine qu\u2019il revendique lui-m\u00eame. Ce que je veux interroger, ce n\u2019est pas son niveau, mais la coh\u00e9rence entre l\u2019image qu\u2019il renvoie et la r\u00e9alit\u00e9. La dict\u00e9e est un pr\u00e9texte, un symbole. Comme souvent en politique, ce n\u2019est pas l\u2019\u00e9preuve qui compte, c\u2019est ce qu\u2019elle r\u00e9v\u00e8le.\u00a0\u00bb<\/p>\n<blockquote class=\"twitter-tweet\" data-width=\"500\" data-dnt=\"true\">\n<p lang=\"fr\" dir=\"ltr\">Je propose un duel r\u00e9publicain \u00e0 <a href=\"https:\/\/twitter.com\/MDelafosse?ref_src=twsrc%5Etfw\" target=\"_blank\" rel=\"noopener\">@MDelafosse<\/a>, maire PS de Montpellier.<br \/>Pas \u00e0 l\u2019\u00e9p\u00e9e : \u00e0 la dict\u00e9e.<br \/>Lui, professeur d\u2019histoire. Moi, clown.<br \/>Si <a href=\"https:\/\/twitter.com\/InstitutFrance?ref_src=twsrc%5Etfw\" target=\"_blank\" rel=\"noopener\">@InstitutFrance<\/a> accepte d\u2019en \u00eatre le cadre, j\u2019en respecterai les r\u00e8gles.<br \/>Le perdant s\u2019engage \u00e0 ne pas se pr\u00e9senter aux municipales 2026 \ud83d\uddf3\ufe0f<\/p>\n<p>\u2014 R\u00e9mi Gaillard (@nqtv) <a href=\"https:\/\/twitter.com\/nqtv\/status\/2012168287371559242?ref_src=twsrc%5Etfw\" target=\"_blank\" rel=\"noopener\">January 16, 2026<\/a><\/p><\/blockquote>\n<p>\t\t\t\t<script async src=\"https:\/\/platform.twitter.com\/widgets.js\" charset=\"utf-8\"><\/script><\/p>\n","protected":false},"excerpt":{"rendered":"Les \u00e9lections municipales \u00e0 Montpellier s\u2019annoncent mouvement\u00e9es avec la possible candidature de R\u00e9mi Gaillard\u2026 La campagne aux \u00e9lections&hellip;\n","protected":false},"author":2,"featured_media":667968,"comment_status":"","ping_status":"","sticky":false,"template":"","format":"standard","meta":{"footnotes":""},"categories":[9599],"tags":[1111,11,1777,674,1011,27,2208,3434,12,2680,25],"class_list":{"0":"post-667967","1":"post","2":"type-post","3":"status-publish","4":"format-standard","5":"has-post-thumbnail","7":"category-montpellier","8":"tag-actu","9":"tag-actualites","10":"tag-eu","11":"tag-europe","12":"tag-fr","13":"tag-france","14":"tag-montpellier","15":"tag-municipales-2026","16":"tag-news","17":"tag-occitanie","18":"tag-republique-francaise"},"share_on_mastodon":{"url":"https:\/\/pubeurope.com\/@fr\/115905472967272122","error":""},"_links":{"self":[{"href":"https:\/\/www.europesays.com\/fr\/wp-json\/wp\/v2\/posts\/667967","targetHints":{"allow":["GET"]}}],"collection":[{"href":"https:\/\/www.europesays.com\/fr\/wp-json\/wp\/v2\/posts"}],"about":[{"href":"https:\/\/www.europesays.com\/fr\/wp-json\/wp\/v2\/types\/post"}],"author":[{"embeddable":true,"href":"https:\/\/www.europesays.com\/fr\/wp-json\/wp\/v2\/users\/2"}],"replies":[{"embeddable":true,"href":"https:\/\/www.europesays.com\/fr\/wp-json\/wp\/v2\/comments?post=667967"}],"version-history":[{"count":0,"href":"https:\/\/www.europesays.com\/fr\/wp-json\/wp\/v2\/posts\/667967\/revisions"}],"wp:featuredmedia":[{"embeddable":true,"href":"https:\/\/www.europesays.com\/fr\/wp-json\/wp\/v2\/media\/667968"}],"wp:attachment":[{"href":"https:\/\/www.europesays.com\/fr\/wp-json\/wp\/v2\/media?parent=667967"}],"wp:term":[{"taxonomy":"category","embeddable":true,"href":"https:\/\/www.europesays.com\/fr\/wp-json\/wp\/v2\/categories?post=667967"},{"taxonomy":"post_tag","embeddable":true,"href":"https:\/\/www.europesays.com\/fr\/wp-json\/wp\/v2\/tags?post=667967"}],"curies":[{"name":"wp","href":"https:\/\/api.w.org\/{rel}","templated":true}]}}