{"id":667973,"date":"2026-01-16T15:28:17","date_gmt":"2026-01-16T15:28:17","guid":{"rendered":"https:\/\/www.europesays.com\/fr\/667973\/"},"modified":"2026-01-16T15:28:17","modified_gmt":"2026-01-16T15:28:17","slug":"la-conf-mobilisee-a-grenoble-contre-les-arrestations-arbitraires","status":"publish","type":"post","link":"https:\/\/www.europesays.com\/fr\/667973\/","title":{"rendered":"La Conf&rsquo; mobilis\u00e9e \u00e0 Grenoble contre les \u00ab\u00a0arrestations arbitraires\u00a0\u00bb"},"content":{"rendered":"<p>\u00ab\u00a0Halte \u00e0 l\u2019intensification de la r\u00e9pres\u00adsion contre le mou\u00adve\u00adment syn\u00addi\u00adcal pay\u00adsan\u00a0\u00bb. Tel \u00e9tait le mot d\u2019ordre de la Conf\u00e9d\u00e9ration pay\u00adsanne, \u00e0 l\u2019oc\u00adca\u00adsion de ras\u00adsem\u00adble\u00adments orga\u00adni\u00ads\u00e9s en Is\u00e8re le jeudi 15 jan\u00advier 2026 au soir. L\u2019un s\u2019est tenu devant les locaux de la sous-pr\u00e9\u00adfec\u00adture de La-Tour-du-Pin, l\u2019autre devant la pr\u00e9\u00adfec\u00adture \u00e0 Grenoble. En cause\u00a0? Le pla\u00adce\u00adment en garde \u00e0 vue de plu\u00adsieurs syn\u00addi\u00adca\u00adlistes, la veille, en marge de mani\u00adfes\u00adta\u00adtions \u00e0\u00a0Paris.<\/p>\n<p>En tout, 52 repr\u00e9\u00adsen\u00adtants syn\u00addi\u00adcaux pay\u00adsans, dont quatre is\u00e9\u00adrois, ont \u00e9t\u00e9 appr\u00e9\u00adhen\u00add\u00e9s par les forces de l\u2019ordre. Et ceci, selon la pr\u00e9\u00adfec\u00adture de Paris, pour avoir p\u00e9n\u00e9\u00adtr\u00e9 sans auto\u00adri\u00adsa\u00adtion dans l\u2019en\u00adceinte ext\u00e9\u00adrieure d\u2019une annexe du minis\u00adt\u00e8re de l\u2019Agriculture, comme le rap\u00adporte (entre autres) <a href=\"https:\/\/www.lefigaro.fr\/actualite-france\/colere-des-agriculteurs-50-personnes-en-garde-a-vue-apres-etre-entrees-au-ministere-de-l-agriculture-20260115\" target=\"_blank\" rel=\"noopener\">Le Figaro<\/a>. De son c\u00f4t\u00e9, la Conf\u201d pay\u00adsanne d\u00e9nonce des \u00ab\u00a0arres\u00adta\u00adtions arbi\u00adtraires\u00a0\u00bb sur\u00adve\u00adnues au cours d\u2019une \u00ab\u00a0mani\u00adfes\u00adta\u00adtion paci\u00adfique\u00a0\u00bb.<\/p>\n<p><a href=\"https:\/\/www.europesays.com\/fr\/wp-content\/uploads\/2026\/01\/manif-confederation-paysanne-15-janvier-2026-facebook-2.jpg\" target=\"_blank\" rel=\"noopener\"><img fetchpriority=\"high\" decoding=\"async\" aria-describedby=\"caption-attachment-669417\" class=\"wp-image-669417 size-full\" src=\"data:image\/svg+xml,%3Csvg%20xmlns=\" http:=\"\" alt=\"La Conf' paysanne appelait \u00e0 la mobilisation devant la pr\u00e9fecture de l'Is\u00e8re pour d\u00e9noncer le placement en garde \u00e0 vue d'une cinquantaine de syndicalistes paysans, dont quatre Is\u00e9rois. \u00a9 Conf\u00e9d\u00e9ration paysanne de l'Is\u00e8re - Facebook\" width=\"2048\" height=\"1532\" data-lazy- data-lazy- data-lazy-src=\"https:\/\/www.europesays.com\/fr\/wp-content\/uploads\/2026\/01\/manif-confederation-paysanne-15-janvier-2026-facebook-2.jpg\"\/><\/a><\/p>\n<p id=\"caption-attachment-669417\" class=\"wp-caption-text\">La Conf\u201d pay\u00adsanne appe\u00adlait \u00e0 la mobi\u00adli\u00adsa\u00adtion devant la pr\u00e9\u00adfec\u00adture de l\u2019Is\u00e8re pour d\u00e9non\u00adcer le pla\u00adce\u00adment en garde \u00e0 vue d\u2019une cin\u00adquan\u00adtaine de syn\u00addi\u00adca\u00adlistes, dont quatre Is\u00e9rois. \u00a9 Conf\u00e9d\u00e9ration pay\u00adsanne de l\u2019Is\u00e8re \u2013 Facebook<\/p>\n<p>Le syn\u00addi\u00adcat sou\u00adligne par ailleurs une in\u00e9ga\u00adlit\u00e9 de trai\u00adte\u00adment en fonc\u00adtion des orga\u00adni\u00adsa\u00adtions. \u00ab\u00a0On ne peut pas, d\u2019un c\u00f4t\u00e9, d\u00e9rou\u00adler le tapis rouge aux 400 trac\u00adteurs de M. Rousseau [pr\u00e9\u00adsident de la FNSEA, ndlr] venus d\u00e9fi\u00adler en plein Paris ce lundi pour d\u00e9fendre l\u2019agro-industrie [\u2026] et, de l\u2019autre, arr\u00ea\u00adter des res\u00adpon\u00adsables syn\u00addi\u00adcaux venus exer\u00adcer leur droit fon\u00adda\u00admen\u00adtal \u00e0 la pro\u00adtes\u00adta\u00adtion\u00a0!\u00a0\u00bb, s\u2019in\u00addigne la Conf\u00e9d\u00e9ration pay\u00adsanne. Qui rap\u00adpelle pr\u00f4\u00adner \u00ab\u00a0un mod\u00e8le agri\u00adcole et ali\u00admen\u00adtaire dif\u00adf\u00e9\u00adrent\u00a0\u00bb de la\u00a0FNSEA.<\/p>\n<p>Une cin\u00adquan\u00adtaine de per\u00adsonnes se sont retrou\u00adv\u00e9es devant la pr\u00e9\u00adfec\u00adture de l\u2019Is\u00e8re. Une mobi\u00adli\u00adsa\u00adtion (noc\u00adturne) qui a fait chaud au c\u0153ur au syn\u00addi\u00adcat. Parmi les sou\u00adtiens \u00e0 sa cause, le s\u00e9na\u00adteur de l\u2019Is\u00e8re Guillaume Gontard a mani\u00adfest\u00e9 sa col\u00e8re sur les r\u00e9seaux sociaux\u00a0: \u00ab\u00a0Soutien aux pay\u00adsannes et pay\u00adsans qui luttent paci\u00adfi\u00adque\u00adment.\u00a052 gardes \u00e0 vue, c\u2019est du jamais vu, c\u2019est une atteinte grave au droit de mani\u00adfes\u00adter, \u00e0 l\u2019action syn\u00addi\u00adcale et \u00e0 la d\u00e9mo\u00adcra\u00adtie\u00a0\u00bb, a ainsi d\u00e9clar\u00e9 le parlementaire.<\/p>\n<p>Au-del\u00e0 des gardes \u00e0 vue, qui ont dur\u00e9 dix-huit heures avant la remise en libert\u00e9 des syn\u00addi\u00adca\u00adlistes, la Conf\u00e9d\u00e9ration pay\u00adsanne entend conti\u00adnuer \u00e0 por\u00adter son oppo\u00adsi\u00adtion \u00e0 l\u2019a\u00addop\u00adtion du trait\u00e9 entre l\u2019Europe et le Mercosur, sujet majeur de m\u00e9con\u00adten\u00adte\u00adment. Avec un mes\u00adsage clair, pour s\u2019op\u00adpo\u00adser \u00e0 un dis\u00adcours jug\u00e9 domi\u00adnant\u00a0: rien n\u2019est jou\u00e9. Le syn\u00addi\u00adcat rap\u00adpelle en effet que 113 euro\u00add\u00e9\u00adpu\u00adt\u00e9s sont encore ind\u00e9\u00adcis alors que le vote est pr\u00e9vu le mer\u00adcredi 21 jan\u00advier\u00a02026.<\/p>\n","protected":false},"excerpt":{"rendered":"\u00ab\u00a0Halte \u00e0 l\u2019intensification de la r\u00e9pres\u00adsion contre le mou\u00adve\u00adment syn\u00addi\u00adcal pay\u00adsan\u00a0\u00bb. Tel \u00e9tait le mot d\u2019ordre de la&hellip;\n","protected":false},"author":2,"featured_media":667974,"comment_status":"","ping_status":"","sticky":false,"template":"","format":"standard","meta":{"footnotes":""},"categories":[9566],"tags":[1111,11,2430,1777,674,1011,27,2731,12,25],"class_list":{"0":"post-667973","1":"post","2":"type-post","3":"status-publish","4":"format-standard","5":"has-post-thumbnail","7":"category-grenoble","8":"tag-actu","9":"tag-actualites","10":"tag-auvergne-rhone-alpes","11":"tag-eu","12":"tag-europe","13":"tag-fr","14":"tag-france","15":"tag-grenoble","16":"tag-news","17":"tag-republique-francaise"},"share_on_mastodon":{"url":"https:\/\/pubeurope.com\/@fr\/115905488809906349","error":""},"_links":{"self":[{"href":"https:\/\/www.europesays.com\/fr\/wp-json\/wp\/v2\/posts\/667973","targetHints":{"allow":["GET"]}}],"collection":[{"href":"https:\/\/www.europesays.com\/fr\/wp-json\/wp\/v2\/posts"}],"about":[{"href":"https:\/\/www.europesays.com\/fr\/wp-json\/wp\/v2\/types\/post"}],"author":[{"embeddable":true,"href":"https:\/\/www.europesays.com\/fr\/wp-json\/wp\/v2\/users\/2"}],"replies":[{"embeddable":true,"href":"https:\/\/www.europesays.com\/fr\/wp-json\/wp\/v2\/comments?post=667973"}],"version-history":[{"count":0,"href":"https:\/\/www.europesays.com\/fr\/wp-json\/wp\/v2\/posts\/667973\/revisions"}],"wp:featuredmedia":[{"embeddable":true,"href":"https:\/\/www.europesays.com\/fr\/wp-json\/wp\/v2\/media\/667974"}],"wp:attachment":[{"href":"https:\/\/www.europesays.com\/fr\/wp-json\/wp\/v2\/media?parent=667973"}],"wp:term":[{"taxonomy":"category","embeddable":true,"href":"https:\/\/www.europesays.com\/fr\/wp-json\/wp\/v2\/categories?post=667973"},{"taxonomy":"post_tag","embeddable":true,"href":"https:\/\/www.europesays.com\/fr\/wp-json\/wp\/v2\/tags?post=667973"}],"curies":[{"name":"wp","href":"https:\/\/api.w.org\/{rel}","templated":true}]}}