{"id":667977,"date":"2026-01-16T15:30:16","date_gmt":"2026-01-16T15:30:16","guid":{"rendered":"https:\/\/www.europesays.com\/fr\/667977\/"},"modified":"2026-01-16T15:30:16","modified_gmt":"2026-01-16T15:30:16","slug":"2026-2027-sera-dramatique-le-rennes-de-pinault-lance-lalerte","status":"publish","type":"post","link":"https:\/\/www.europesays.com\/fr\/667977\/","title":{"rendered":"2026-2027 sera dramatique, le Rennes de Pinault lance l\u2019alerte"},"content":{"rendered":"<p><b>Le football fran\u00e7ais n&rsquo;a toujours pas trouv\u00e9 la solution pour r\u00e9mun\u00e9rer ses clubs avec les droits TV sur le long terme. Au Stade Rennais, on se pr\u00e9pare au pire pour tr\u00e8s bient\u00f4t. <\/b><\/p>\n<p>Comme partout en Europe, les clubs fran\u00e7ais ont chang\u00e9 de mains pour \u00eatre d\u00e9sormais les propri\u00e9t\u00e9s des milliardaires, des fonds d\u2019investissements, voire des \u00e9tats entiers. A <a href=\"https:\/\/www.foot01.com\/rennes\" target=\"_self\" rel=\"noopener\">Rennes<\/a>, Fran\u00e7ois Pinault reste le grand boss du club et le fait qu\u2019il poss\u00e8de l\u2019une des plus grosses fortunes mondiales aide forc\u00e9ment \u00e0 traverser les p\u00e9riodes difficiles sur le plan financier.Les droits TV sur le point de disparaitre ?<\/p>\n<p>Mais le football fran\u00e7ais a tout de m\u00eame pris de plein fouet la crise des droits TV, et le passage \u00e0 Ligue 1+ va avoir des cons\u00e9quences assez terribles. Cette ann\u00e9e, les clubs sont invit\u00e9s \u00e0 se serrer la ceinture, mais BeIN Sports continue de payer sa part avec pr\u00e8s de 80 millions d\u2019euros par an pour diffuser l\u2019affiche du samedi. Ce ne sera plus le cas la saison prochaine. Si pour le consommateur, tout sera sur une seule chaine, ce qui pourra faciliter les abonnements, pour les clubs, cela va \u00eatre tr\u00e8s compliqu\u00e9.<\/p>\n<p>Pr\u00e9sident du Stade Rennais, et en lien avec le propri\u00e9taire Fran\u00e7ois Pinault par l\u2019interm\u00e9diaire de Guillaume Cerutti, le pr\u00e9sident du conseil de surveillance, Arnaud Pouille a pr\u00e9venu tout le monde que la saison 2026-2027 n\u2019allait pas \u00eatre dr\u00f4le sur le plan financier. A Rennes comme partout ailleurs, sauf peut-\u00eatre au PSG qui n\u2019est pas vraiment d\u00e9pendant de telles rentr\u00e9es d\u2019argent.<\/p>\n<p>Tweet not found<\/p>\n<p>The embedded tweet could not be found\u2026<\/p>\n<p>\u00ab Baisser encore la masse salariale ? Oui, je le pense. La saison 2026-2027 sera l\u2019une des pires pour l\u2019\u00e9conomie du foot fran\u00e7ais, notamment au niveau des droits TV. Cela d\u00e9pendra aussi forc\u00e9ment d\u2019une qualification europ\u00e9enne, mais il faudra \u00eatre tr\u00e8s agile et agir rapidement. Il y aura s\u00fbrement encore des efforts \u00e0 faire pour coller \u00e0 la feuille de route. Il faut d\u00e9j\u00e0 avoir conscience des circonstances macro-\u00e9conomiques. Le Stade Rennais ne vit pas sur une autre plan\u00e8te que celle du foot fran\u00e7ais et des clubs. On a commenc\u00e9 \u00e0 r\u00e9duire le groupe, baisser la masse salariale, et on va continuer dans ce sens pour devenir encore plus efficient \u00bb, a soulign\u00e9 Arnaud Pouille dans un entretien \u00e0 Ouest-France.<\/p>\n<p>Un constat implacable alors que les droits TV ne devraient pas rapporter grand chose la saison prochaine, si le nombre d\u2019abonn\u00e9s \u00e0 Ligue 1+ ne double pas dans les prochains mois.<\/p>\n","protected":false},"excerpt":{"rendered":"Le football fran\u00e7ais n&rsquo;a toujours pas trouv\u00e9 la solution pour r\u00e9mun\u00e9rer ses clubs avec les droits TV sur&hellip;\n","protected":false},"author":2,"featured_media":667978,"comment_status":"","ping_status":"","sticky":false,"template":"","format":"standard","meta":{"footnotes":""},"categories":[2821],"tags":[1111,11,829,1777,674,1011,27,447,12,584,25],"class_list":{"0":"post-667977","1":"post","2":"type-post","3":"status-publish","4":"format-standard","5":"has-post-thumbnail","7":"category-rennes","8":"tag-actu","9":"tag-actualites","10":"tag-bretagne","11":"tag-eu","12":"tag-europe","13":"tag-fr","14":"tag-france","15":"tag-ligue-des-champions","16":"tag-news","17":"tag-rennes","18":"tag-republique-francaise"},"share_on_mastodon":{"url":"https:\/\/pubeurope.com\/@fr\/115905496652791114","error":""},"_links":{"self":[{"href":"https:\/\/www.europesays.com\/fr\/wp-json\/wp\/v2\/posts\/667977","targetHints":{"allow":["GET"]}}],"collection":[{"href":"https:\/\/www.europesays.com\/fr\/wp-json\/wp\/v2\/posts"}],"about":[{"href":"https:\/\/www.europesays.com\/fr\/wp-json\/wp\/v2\/types\/post"}],"author":[{"embeddable":true,"href":"https:\/\/www.europesays.com\/fr\/wp-json\/wp\/v2\/users\/2"}],"replies":[{"embeddable":true,"href":"https:\/\/www.europesays.com\/fr\/wp-json\/wp\/v2\/comments?post=667977"}],"version-history":[{"count":0,"href":"https:\/\/www.europesays.com\/fr\/wp-json\/wp\/v2\/posts\/667977\/revisions"}],"wp:featuredmedia":[{"embeddable":true,"href":"https:\/\/www.europesays.com\/fr\/wp-json\/wp\/v2\/media\/667978"}],"wp:attachment":[{"href":"https:\/\/www.europesays.com\/fr\/wp-json\/wp\/v2\/media?parent=667977"}],"wp:term":[{"taxonomy":"category","embeddable":true,"href":"https:\/\/www.europesays.com\/fr\/wp-json\/wp\/v2\/categories?post=667977"},{"taxonomy":"post_tag","embeddable":true,"href":"https:\/\/www.europesays.com\/fr\/wp-json\/wp\/v2\/tags?post=667977"}],"curies":[{"name":"wp","href":"https:\/\/api.w.org\/{rel}","templated":true}]}}