{"id":667979,"date":"2026-01-16T15:31:17","date_gmt":"2026-01-16T15:31:17","guid":{"rendered":"https:\/\/www.europesays.com\/fr\/667979\/"},"modified":"2026-01-16T15:31:17","modified_gmt":"2026-01-16T15:31:17","slug":"au-revoir-les-enfants-cinema-projection-a-geispolsheim","status":"publish","type":"post","link":"https:\/\/www.europesays.com\/fr\/667979\/","title":{"rendered":"Au revoir les enfants : Cinema Projection a Geispolsheim"},"content":{"rendered":"<p>\t\t\t\t\t\t\t\t\t<a href=\"https:\/\/www.dna.fr\/pour-sortir\/loisirs\/Cinema\/Projections\/Alsace\/Bas-rhin\/Geispolsheim\/2026\/01\/20\/javascript:history.back();\" rel=\"nofollow noopener\" class=\"backToSearch\" target=\"_blank\">Retour \u00e0 la recherche<\/a><\/p>\n<p class=\"media-desc\" itemprop=\"description\">&#13;<br \/>\n\t\t\t\t\tLa commune de Geispolsheim propose une soir\u00e9e cin\u00e9-club,<br \/>\nau revoir les enfants (1987). Dur\u00e9e : 2h25. Tout public. Entr\u00e9e libre. Le film sera pr\u00e9sent\u00e9 par Jean-Jacques Nuss qui animera un \u00e9change apr\u00e8s la s\u00e9ance. Le bar associatif vous accueille d\u00e8s 18h30 avec buvette et petite restauration.<br \/>\n&#13;<br \/>\n\t\t\t\t\t\t\t\t\t\t\t&#13;<br \/>\n\t\t\t\t\t\t\t\t\t\tCin\u00e9-club &#8211; Durant l&rsquo;hiver 1943-1944, dans la France occup\u00e9e, Julien Quentin, 12 ans, est pensionnaire dans un coll\u00e8ge catholique tenu par les p\u00e8res carmes. Il se lie d\u2019amiti\u00e9 avec un nouvel \u00e9l\u00e8ve, Jean Bonnet, un gar\u00e7on brillant, fier et myst\u00e9rieux. Julien finit par comprendre le secret de son ami : son nom n&rsquo;est pas Bonnet mais Kippelstein : il est juif.<br \/>\nUn froid matin de janvier 1944, \u00e0 la suite d&rsquo;une d\u00e9nonciation, la Gestapo fait irruption au coll\u00e8ge. Le p\u00e8re Jean, r\u00e9sistant clandestin, et trois enfants juifs sont emmen\u00e9s. En quittant le coll\u00e8ge, le p\u00e8re Jean a ces derniers mots : \u00ab Au revoir, les enfants \u00bb<br \/>\nLe film d\u00e9peint une sorte de choc entre l\u2019insouciance des enfants et la France occup\u00e9e dans laquelle ils vivent. &#13;\n\t\t\t\t  <\/p>\n","protected":false},"excerpt":{"rendered":"Retour \u00e0 la recherche &#13; La commune de Geispolsheim propose une soir\u00e9e cin\u00e9-club, au revoir les enfants (1987).&hellip;\n","protected":false},"author":2,"featured_media":667980,"comment_status":"","ping_status":"","sticky":false,"template":"","format":"standard","meta":{"footnotes":""},"categories":[2820],"tags":[1111,11,1777,674,1011,27,775,12,25,640],"class_list":{"0":"post-667979","1":"post","2":"type-post","3":"status-publish","4":"format-standard","5":"has-post-thumbnail","7":"category-strasbourg","8":"tag-actu","9":"tag-actualites","10":"tag-eu","11":"tag-europe","12":"tag-fr","13":"tag-france","14":"tag-grand-est","15":"tag-news","16":"tag-republique-francaise","17":"tag-strasbourg"},"share_on_mastodon":{"url":"https:\/\/pubeurope.com\/@fr\/115905500584087495","error":""},"_links":{"self":[{"href":"https:\/\/www.europesays.com\/fr\/wp-json\/wp\/v2\/posts\/667979","targetHints":{"allow":["GET"]}}],"collection":[{"href":"https:\/\/www.europesays.com\/fr\/wp-json\/wp\/v2\/posts"}],"about":[{"href":"https:\/\/www.europesays.com\/fr\/wp-json\/wp\/v2\/types\/post"}],"author":[{"embeddable":true,"href":"https:\/\/www.europesays.com\/fr\/wp-json\/wp\/v2\/users\/2"}],"replies":[{"embeddable":true,"href":"https:\/\/www.europesays.com\/fr\/wp-json\/wp\/v2\/comments?post=667979"}],"version-history":[{"count":0,"href":"https:\/\/www.europesays.com\/fr\/wp-json\/wp\/v2\/posts\/667979\/revisions"}],"wp:featuredmedia":[{"embeddable":true,"href":"https:\/\/www.europesays.com\/fr\/wp-json\/wp\/v2\/media\/667980"}],"wp:attachment":[{"href":"https:\/\/www.europesays.com\/fr\/wp-json\/wp\/v2\/media?parent=667979"}],"wp:term":[{"taxonomy":"category","embeddable":true,"href":"https:\/\/www.europesays.com\/fr\/wp-json\/wp\/v2\/categories?post=667979"},{"taxonomy":"post_tag","embeddable":true,"href":"https:\/\/www.europesays.com\/fr\/wp-json\/wp\/v2\/tags?post=667979"}],"curies":[{"name":"wp","href":"https:\/\/api.w.org\/{rel}","templated":true}]}}