{"id":667981,"date":"2026-01-16T15:32:10","date_gmt":"2026-01-16T15:32:10","guid":{"rendered":"https:\/\/www.europesays.com\/fr\/667981\/"},"modified":"2026-01-16T15:32:10","modified_gmt":"2026-01-16T15:32:10","slug":"strasbourg-prevue-le-20-janvier-la-manifestation-des-agriculteurs-va-setendre-sur-deux-jours-le-programme","status":"publish","type":"post","link":"https:\/\/www.europesays.com\/fr\/667981\/","title":{"rendered":"Strasbourg. Pr\u00e9vue le 20 janvier, la manifestation des agriculteurs va s&rsquo;\u00e9tendre sur deux jours : le programme"},"content":{"rendered":"<p>                    Par<br \/>\n        <strong><br \/>\n            <a href=\"https:\/\/actu.fr\/auteur\/ivan-capecchi\" title=\"Consulter tous les articles de Ivan CAPECCHI\" target=\"_blank\" rel=\"noopener\">Ivan CAPECCHI<\/a><br \/>\n                    <\/strong><\/p>\n<p>        Publi\u00e9 le<\/p>\n<p>            16 janv. 2026 \u00e0 16h26        <\/p>\n<p>Initialement pr\u00e9vue uniquement le mardi 20\u00a0janvier 2026, la <a href=\"https:\/\/actu.fr\/societe\/manifestation-monstre-des-agriculteurs-le-20-janvier-une-journee-noire-sur-les-route-du-bas-rhin-a-prevoir_63695701.html\" target=\"_blank\" rel=\"noopener\">manifestation monstre des agriculteurs<\/a> \u00e0 <strong>Strasbourg<\/strong> va finalement s\u2019\u00e9tendre <strong>jusqu\u2019au mercredi 21\u00a0janvier 2026<\/strong>. On vous explique.<\/p>\n<p>Le programme des agriculteurs \u00e0 Strasbourg les 20 et 21\u00a0janvier 2026<\/p>\n<p class=\" wall-content\">\u00ab\u2009Le <a href=\"https:\/\/actu.fr\/tag\/parlement-europeen\" target=\"_blank\" rel=\"noopener\">parlement europ\u00e9en<\/a> a d\u00e9cid\u00e9 de changer la date du vote du <a href=\"https:\/\/actu.fr\/economie\/mercosur-l-ue-approuve-l-accord-de-libre-echange-voici-ce-qu-il-va-changer-en-europe_63674852.html\" target=\"_blank\" rel=\"noopener\">Mercosur<\/a>\u2009\u00bb, indique Yohann Lecoustey, directeur de la F\u00e9d\u00e9ration d\u00e9partementale des syndicats d\u2019exploitants agricoles (FDSEA) du Bas-Rhin, pour expliquer ce changement de derni\u00e8re minute.<\/p>\n<p class=\" wall-content\">En cons\u00e9quence\u2009:<\/p>\n<ul class=\" wall-content\">\n<li>Le<strong> mardi 20\u00a0janvier<\/strong>, les agriculteurs emprunteront les diff\u00e9rents axes (D1083, M35, D1340, A35, A4, RN 4) <strong>\u00e0 partir de 9h environ<\/strong> pour <strong>arriver \u00e0 Strasbourg aux alentours de 12h\/12h30.<\/strong><\/li>\n<li>D\u2019apr\u00e8s Yohann Lecoustey, \u00ab\u2009la grande majorit\u00e9 des tracteurs\u2009\u00bb restera stationn\u00e9e au niveau du parlement europ\u00e9en jusqu\u2019au lendemain.<\/li>\n<li>Le <strong>mercredi 21\u00a0janvier<\/strong>, les agriculteurs pr\u00e9voient de <strong>reprendre la route vers 14h<\/strong>.<\/li>\n<\/ul>\n<p class=\" wall-content\">Comment les agriculteurs comptent-ils passer la nuit de mardi \u00e0 mercredi\u2009? \u00ab\u2009On r\u00e9fl\u00e9chit\u2009\u00bb, confie \u00e0 ce stade M. Lecoustey.<\/p>\n<p class=\" wall-content\">Personnalisez votre actualit\u00e9 en ajoutant vos villes et m\u00e9dias en favori avec <a href=\"https:\/\/moncompte.actu.fr\" title=\"D\u00e9couvez Mon Actu\" rel=\"nofollow noopener\" data-trk=\"{&quot;cta&quot;:{&quot;action&quot;:&quot;https:\\\/\\\/moncompte.actu.fr&quot;,&quot;category&quot;:&quot;mon compte&quot;,&quot;from&quot;:&quot;article footer&quot;,&quot;name&quot;:&quot;Mon actu&quot;,&quot;type&quot;:&quot;cta&quot;}}\" target=\"_blank\">Mon Actu<\/a>.<\/p>\n","protected":false},"excerpt":{"rendered":"Par Ivan CAPECCHI Publi\u00e9 le 16 janv. 2026 \u00e0 16h26 Initialement pr\u00e9vue uniquement le mardi 20\u00a0janvier 2026, la&hellip;\n","protected":false},"author":2,"featured_media":667982,"comment_status":"","ping_status":"","sticky":false,"template":"","format":"standard","meta":{"footnotes":""},"categories":[2820],"tags":[1111,11,327,1777,674,1011,27,775,1272,12,25,104,640],"class_list":{"0":"post-667981","1":"post","2":"type-post","3":"status-publish","4":"format-standard","5":"has-post-thumbnail","7":"category-strasbourg","8":"tag-actu","9":"tag-actualites","10":"tag-agriculture","11":"tag-eu","12":"tag-europe","13":"tag-fr","14":"tag-france","15":"tag-grand-est","16":"tag-manifestations","17":"tag-news","18":"tag-republique-francaise","19":"tag-societe","20":"tag-strasbourg"},"share_on_mastodon":{"url":"https:\/\/pubeurope.com\/@fr\/115905504631388340","error":""},"_links":{"self":[{"href":"https:\/\/www.europesays.com\/fr\/wp-json\/wp\/v2\/posts\/667981","targetHints":{"allow":["GET"]}}],"collection":[{"href":"https:\/\/www.europesays.com\/fr\/wp-json\/wp\/v2\/posts"}],"about":[{"href":"https:\/\/www.europesays.com\/fr\/wp-json\/wp\/v2\/types\/post"}],"author":[{"embeddable":true,"href":"https:\/\/www.europesays.com\/fr\/wp-json\/wp\/v2\/users\/2"}],"replies":[{"embeddable":true,"href":"https:\/\/www.europesays.com\/fr\/wp-json\/wp\/v2\/comments?post=667981"}],"version-history":[{"count":0,"href":"https:\/\/www.europesays.com\/fr\/wp-json\/wp\/v2\/posts\/667981\/revisions"}],"wp:featuredmedia":[{"embeddable":true,"href":"https:\/\/www.europesays.com\/fr\/wp-json\/wp\/v2\/media\/667982"}],"wp:attachment":[{"href":"https:\/\/www.europesays.com\/fr\/wp-json\/wp\/v2\/media?parent=667981"}],"wp:term":[{"taxonomy":"category","embeddable":true,"href":"https:\/\/www.europesays.com\/fr\/wp-json\/wp\/v2\/categories?post=667981"},{"taxonomy":"post_tag","embeddable":true,"href":"https:\/\/www.europesays.com\/fr\/wp-json\/wp\/v2\/tags?post=667981"}],"curies":[{"name":"wp","href":"https:\/\/api.w.org\/{rel}","templated":true}]}}