{"id":667983,"date":"2026-01-16T15:33:12","date_gmt":"2026-01-16T15:33:12","guid":{"rendered":"https:\/\/www.europesays.com\/fr\/667983\/"},"modified":"2026-01-16T15:33:12","modified_gmt":"2026-01-16T15:33:12","slug":"les-amoureux-de-nautisme-de-la-mediterranee-et-dinnovations-se-donnent-rendez-vous-au-port-de-nice-pour-ces-4-journees-devenements","status":"publish","type":"post","link":"https:\/\/www.europesays.com\/fr\/667983\/","title":{"rendered":"Les amoureux de nautisme, de la M\u00e9diterran\u00e9e et d&rsquo;innovations se donnent rendez-vous au port de Nice pour ces 4 journ\u00e9es d&rsquo;\u00e9v\u00e9nements"},"content":{"rendered":"<p><strong>Du 19 au 22 mars 2026, ce sera la premi\u00e8re du \u00ab\u00a0Nice Boating Tomorrow\u00a0\u00bb. Un \u00e9v\u00e9nement consacr\u00e9 au nautisme durable donn\u00e9 au Port Lympia, avec conf\u00e9rences, expositions de bateaux et pr\u00e9sentations de nouvelles technologies au\u00a0menu\u2026<\/strong><\/p>\n<p>Un nouveau tr\u00e8s grand \u00e9v\u00e9nement <a href=\"https:\/\/nicepresse.com\/photos-le-nouveau-centre-des-congres-du-port-de-nice-livre-pile-dans-les-temps-70-spectacles-et-congres-y-sont-deja-programmes\/\" target=\"_blank\" rel=\"noopener\">pour le nouveau centre des congr\u00e8s Oc\u00e9aNice<\/a> apr\u00e8s le sommet des Nations unies en juin dernier. La capitale maralpine recevra le \u00ab\u00a0Nice Boating Tomorrow\u00a0\u00bb au printemps. Ce sera la premi\u00e8re \u00e9dition de ce raout consacr\u00e9 <a href=\"https:\/\/nicepresse.com\/cote-dazur-entre-crise-et-innovation-le-marche-nautique-tente-de-se-relancer-avec-des-bateaux-plus-verts-et-des-prix-revus-a-la-baisse\/\" target=\"_blank\" rel=\"noopener\">au domaine nautique<\/a>, avec un angle sp\u00e9cifique sur le d\u00e9veloppement durable du secteur.<\/p>\n<p>8000 m\u00e8tres carr\u00e9s d\u2019expos<\/p>\n<p>La manifestation se tiendra du 19 au 22 mars, avec une organisation en deux temps, \u00e0\u00a0la fois sur terre et en mer. Direction donc le Port Lympia pour l\u2019occasion. On y\u00a0d\u00e9couvrira un espace d\u2019expos de 8000 m\u00e8tres carr\u00e9s, avec des stands vari\u00e9s<\/p>\n<p>Un hall regroupant diverses innovations et articles li\u00e9s au nautisme comme de l\u2019\u00e9quipement, des mat\u00e9riaux, des technologies embarqu\u00e9es et des infrastructures portuaires intelligentes. \u00c9quipementiers, startups et acteurs du transport et du tourisme, sont attendus\u2026<\/p>\n<p>Des navires seront pr\u00e9sent\u00e9s \u00e0\u00a0flot, permettant aux visiteurs d\u2019observer concr\u00e8tement les solutions propos\u00e9es, et m\u00eame de se livrer \u00e0\u00a0des essais directement en M\u00e9diterran\u00e9e. Au total, une trentaine d\u2019exposants sont convi\u00e9s.<\/p>\n<p>Forum du 19 au 20\u00a0mars<\/p>\n<blockquote class=\"instagram-media\" data-instgrm-permalink=\"https:\/\/www.instagram.com\/p\/DTZsbVuiFkO\/?utm_source=ig_embed&amp;utm_campaign=loading\" data-instgrm-version=\"14\" style=\" background:#FFF; border:0; border-radius:3px; box-shadow:0 0 1px 0 rgba(0,0,0,0.5),0 1px 10px 0 rgba(0,0,0,0.15); margin: 1px; max-width:540px; min-width:326px; padding:0; width:99.375%; width:-webkit-calc(100% - 2px); width:calc(100% - 2px);\"\/>\n<p>Dans le m\u00eame temps, se d\u00e9roulera au centre des congr\u00e8s un colloque (les 19 et 20 mars). Des conf\u00e9rences, des tables rondes ainsi que des workshops\u00a0seront au programme. Parmi les invit\u00e9s, des experts internationaux, des d\u00e9cideurs priv\u00e9s et publics, avec l\u2019ambition de r\u00e9fl\u00e9chir aux orientations vertes \u00e0\u00a0prendre pour l\u2019avenir de la profession.<\/p>\n<p>Le salon s\u2019adresse bien s\u00fbr aussi aux non-initi\u00e9s. Il vous faudra prendre un billet en vous rendant <a href=\"https:\/\/nice-boating-tomorrow.eventmaker.io\/fr\/registration\/68f7a71c31418fae4238c15d\" target=\"_blank\" rel=\"noopener\">sur ce lien<\/a>.<\/p>\n<p>L\u2019entr\u00e9e pour la journ\u00e9e s\u2019\u00e9l\u00e8ve \u00e0\u00a015 euros. Si vous optez pour un pass quatre jours, deux choix s\u2019offrent \u00e0\u00a0vous\u00a0: l\u2019un \u00e0\u00a030 euros pour acc\u00e9der aux stands et aux expositions\u00a0; l\u2019autre bien moins abordable \u00e0\u00a0288 euros, pour vous ouvrir les portes de l\u2019ensemble des animations du 19 au 22 mars. \u00c0\u00a0noter que les moins de 16 ans ne paieront pas.<\/p>\n<p><a href=\"https:\/\/www.nice.fr\/lieux\/musee-massena\/\" target=\"_blank\" rel=\"noopener\"><img loading=\"lazy\" decoding=\"async\" width=\"300\" height=\"300\" src=\"data:image\/svg+xml,%3Csvg%20xmlns=\" http:=\"\" alt=\"\" class=\"wp-image-263195\" data-lazy-src=\"https:\/\/www.europesays.com\/fr\/wp-content\/uploads\/2026\/01\/VILLA-MASSENA-300x300-9-25-nicepress.jpg\"\/><\/a><\/p>\n<p>En savoir +<\/p>\n<ul class=\"wp-block-list\">\n<li><strong>Nice Boating Tomorrow<\/strong><\/li>\n<li>Du 19 au 22\u00a0mars\u00a0<\/li>\n<li>Sur le quai Amiral Infernet et \u00e0\u00a0Oc\u00e9aNice<\/li>\n<li>Ouvert de 10 \u00e0\u00a018 heures (le forum \u00e0\u00a0partir de 9\u00a0heures)<\/li>\n<li><a href=\"https:\/\/nice-boating-tomorrow.com\/fr\/accueil\/\" target=\"_blank\" rel=\"noopener\">Site Internet<\/a><\/li>\n<\/ul>\n<p>\t<script async src=\"\/\/www.instagram.com\/embed.js\"><\/script><\/p>\n","protected":false},"excerpt":{"rendered":"Du 19 au 22 mars 2026, ce sera la premi\u00e8re du \u00ab\u00a0Nice Boating Tomorrow\u00a0\u00bb. Un \u00e9v\u00e9nement consacr\u00e9 au&hellip;\n","protected":false},"author":2,"featured_media":667984,"comment_status":"","ping_status":"","sticky":false,"template":"","format":"standard","meta":{"footnotes":""},"categories":[2819],"tags":[1111,11,1777,674,1011,27,12,2401,882,25],"class_list":{"0":"post-667983","1":"post","2":"type-post","3":"status-publish","4":"format-standard","5":"has-post-thumbnail","7":"category-nice","8":"tag-actu","9":"tag-actualites","10":"tag-eu","11":"tag-europe","12":"tag-fr","13":"tag-france","14":"tag-news","15":"tag-nice","16":"tag-provence-alpes-cote-dazur","17":"tag-republique-francaise"},"share_on_mastodon":{"url":"https:\/\/pubeurope.com\/@fr\/115905508428256537","error":""},"_links":{"self":[{"href":"https:\/\/www.europesays.com\/fr\/wp-json\/wp\/v2\/posts\/667983","targetHints":{"allow":["GET"]}}],"collection":[{"href":"https:\/\/www.europesays.com\/fr\/wp-json\/wp\/v2\/posts"}],"about":[{"href":"https:\/\/www.europesays.com\/fr\/wp-json\/wp\/v2\/types\/post"}],"author":[{"embeddable":true,"href":"https:\/\/www.europesays.com\/fr\/wp-json\/wp\/v2\/users\/2"}],"replies":[{"embeddable":true,"href":"https:\/\/www.europesays.com\/fr\/wp-json\/wp\/v2\/comments?post=667983"}],"version-history":[{"count":0,"href":"https:\/\/www.europesays.com\/fr\/wp-json\/wp\/v2\/posts\/667983\/revisions"}],"wp:featuredmedia":[{"embeddable":true,"href":"https:\/\/www.europesays.com\/fr\/wp-json\/wp\/v2\/media\/667984"}],"wp:attachment":[{"href":"https:\/\/www.europesays.com\/fr\/wp-json\/wp\/v2\/media?parent=667983"}],"wp:term":[{"taxonomy":"category","embeddable":true,"href":"https:\/\/www.europesays.com\/fr\/wp-json\/wp\/v2\/categories?post=667983"},{"taxonomy":"post_tag","embeddable":true,"href":"https:\/\/www.europesays.com\/fr\/wp-json\/wp\/v2\/tags?post=667983"}],"curies":[{"name":"wp","href":"https:\/\/api.w.org\/{rel}","templated":true}]}}