{"id":667985,"date":"2026-01-16T15:34:11","date_gmt":"2026-01-16T15:34:11","guid":{"rendered":"https:\/\/www.europesays.com\/fr\/667985\/"},"modified":"2026-01-16T15:34:11","modified_gmt":"2026-01-16T15:34:11","slug":"a-nice-la-proposition-de-christian-estrosi-fait-des-vagues","status":"publish","type":"post","link":"https:\/\/www.europesays.com\/fr\/667985\/","title":{"rendered":"\u00e0 Nice, la proposition de Christian Estrosi fait des vagues"},"content":{"rendered":"<p>Le maire sortant de Nice (Horizons), Christian Estrosi, candidat \u00e0 sa r\u00e9\u00e9lection en 2026 pour un troisi\u00e8me mandat, promet, s\u2019il est r\u00e9\u00e9lu, de renforcer l\u2019offre de services publics municipaux pour \u00ab\u00a0faciliter la vie\u00a0\u00bb de ses administr\u00e9s.<\/p>\n<p>Cela concerne d\u2019abord l\u2019\u00e9largissement des plages horaires d\u2019ouverture\u00a0: un soir par semaine, les mairies annexes et maisons de services publics pourraient ouvrir jusqu\u2019\u00e0 20h (contre 17h aujourd\u2019hui) et le samedi matin. Les cr\u00e8ches et garderies, ouvertes jusqu\u2019\u00e0 18 ou 18h30, resteraient ouvertes jusqu\u2019\u00e0 19h en plus d\u2019une offre de garde la journ\u00e9e du samedi. Dans le m\u00eame esprit, l\u2019offre de centres de loisirs serait \u00e9tendue, avec 1000 places suppl\u00e9mentaires cr\u00e9\u00e9es et des plages d\u2019ouverture plus larges. Et la plus grande biblioth\u00e8que de la ville, ferm\u00e9e pour &#8230;<\/p>\n<p class=\"blocCut__title\">\n\t\t\t\t\t\t\t\t\t[70% reste \u00e0 lire]\n\t\t\t\t\t\t\t<\/p>\n<p class=\"blocCut__title--type2\">Article r\u00e9serv\u00e9 aux abonn\u00e9s<\/p>\n<p class=\"blocCut__title--type3\">Gazette des Communes<\/p>\n<p class=\"blocCut__title--type2\">VOUS N&rsquo;\u00eaTES PAS ABONN\u00e9 ?<\/p>\n<p class=\"blocCut__title--type4\">D\u00e9couvrez nos formules et acc\u00e9dez aux articles en illimit\u00e9<\/p>\n<p>\t\t\t\t\t\t\t\t<a href=\"https:\/\/www.abonnement.infopro-digital.com\/la-gazette-des-communes\/formule\/1111\/CTA-P\" target=\"_blank\" class=\"btn__full buttonTypeA buttonTypeA--1\" rel=\"noopener\">Je m\u2019abonne<\/a><\/p>\n","protected":false},"excerpt":{"rendered":"Le maire sortant de Nice (Horizons), Christian Estrosi, candidat \u00e0 sa r\u00e9\u00e9lection en 2026 pour un troisi\u00e8me mandat,&hellip;\n","protected":false},"author":2,"featured_media":667986,"comment_status":"","ping_status":"","sticky":false,"template":"","format":"standard","meta":{"footnotes":""},"categories":[2819],"tags":[1111,47,11,2349,57844,4188,1777,674,1011,27,12,2401,882,25,17311],"class_list":{"0":"post-667985","1":"post","2":"type-post","3":"status-publish","4":"format-standard","5":"has-post-thumbnail","7":"category-nice","8":"tag-actu","9":"tag-actualite","10":"tag-actualites","11":"tag-articles-reserves","12":"tag-cgarcia","13":"tag-elections-municipales","14":"tag-eu","15":"tag-europe","16":"tag-fr","17":"tag-france","18":"tag-news","19":"tag-nice","20":"tag-provence-alpes-cote-dazur","21":"tag-republique-francaise","22":"tag-service-public"},"share_on_mastodon":{"url":"https:\/\/pubeurope.com\/@fr\/115905512252046140","error":""},"_links":{"self":[{"href":"https:\/\/www.europesays.com\/fr\/wp-json\/wp\/v2\/posts\/667985","targetHints":{"allow":["GET"]}}],"collection":[{"href":"https:\/\/www.europesays.com\/fr\/wp-json\/wp\/v2\/posts"}],"about":[{"href":"https:\/\/www.europesays.com\/fr\/wp-json\/wp\/v2\/types\/post"}],"author":[{"embeddable":true,"href":"https:\/\/www.europesays.com\/fr\/wp-json\/wp\/v2\/users\/2"}],"replies":[{"embeddable":true,"href":"https:\/\/www.europesays.com\/fr\/wp-json\/wp\/v2\/comments?post=667985"}],"version-history":[{"count":0,"href":"https:\/\/www.europesays.com\/fr\/wp-json\/wp\/v2\/posts\/667985\/revisions"}],"wp:featuredmedia":[{"embeddable":true,"href":"https:\/\/www.europesays.com\/fr\/wp-json\/wp\/v2\/media\/667986"}],"wp:attachment":[{"href":"https:\/\/www.europesays.com\/fr\/wp-json\/wp\/v2\/media?parent=667985"}],"wp:term":[{"taxonomy":"category","embeddable":true,"href":"https:\/\/www.europesays.com\/fr\/wp-json\/wp\/v2\/categories?post=667985"},{"taxonomy":"post_tag","embeddable":true,"href":"https:\/\/www.europesays.com\/fr\/wp-json\/wp\/v2\/tags?post=667985"}],"curies":[{"name":"wp","href":"https:\/\/api.w.org\/{rel}","templated":true}]}}