{"id":667987,"date":"2026-01-16T15:36:14","date_gmt":"2026-01-16T15:36:14","guid":{"rendered":"https:\/\/www.europesays.com\/fr\/667987\/"},"modified":"2026-01-16T15:36:14","modified_gmt":"2026-01-16T15:36:14","slug":"lada-boucle-la-phase-aller-a-nantes","status":"publish","type":"post","link":"https:\/\/www.europesays.com\/fr\/667987\/","title":{"rendered":"L&rsquo;ADA boucle la phase aller \u00e0 Nantes"},"content":{"rendered":"<p>Apr\u00e8s la belle performance r\u00e9alis\u00e9e lors du Centrico remport\u00e9 \u00e0 CO\u2019Met le week-end dernier, les joueurs et le staff ont rapidement switch\u00e9 sur la rencontre face \u00e0 Nantes, la derni\u00e8re de la phase aller. Comme lors de chaque rencontre \u00e0 l\u2019ext\u00e9rieur, notre \u00e9quipe pourra compter sur le soutien de nombreux supporters du Club de La Ruche qui seront pr\u00e9sents en nombre ce vendredi soir \u00e0 la Trocardi\u00e8re.<\/p>\n<p><img fetchpriority=\"high\" decoding=\"async\" width=\"1024\" height=\"681\" src=\"https:\/\/www.europesays.com\/fr\/wp-content\/uploads\/2026\/01\/ok-1024x681.jpg\" alt=\"\" class=\"wp-image-23207\"  \/><\/p>\n<p>Nos Bl\u00e9sois seront oppos\u00e9s \u00e0 une formation du Nantes Basket Hermine qui affiche un bilan \u00e9quilibr\u00e9 (9V, 9D) et qui se montre pour l\u2019instant plus performante \u00e0 l\u2019ext\u00e9rieur (5V, 4D) qu\u2019\u00e0 domicile o\u00f9 les joueurs de R\u00e9my Valin se sont d\u00e9j\u00e0 inclin\u00e9s \u00e0 5 reprises.<\/p>\n<p>Cette rencontre face \u00e0 Nantes sera aussi l\u2019occasion de retrouver Lucas Bourhis (2019\/2020) et Jean-Fabrice Dossou (2021\/2022) avec lesquels nous avons partag\u00e9 des moments forts. <\/p>\n<p><img loading=\"lazy\" decoding=\"async\" width=\"1024\" height=\"733\" src=\"https:\/\/www.europesays.com\/fr\/wp-content\/uploads\/2026\/01\/media_80124203_79725859_compressed-1024x733.jpg\" alt=\"\" class=\"wp-image-23206 lazyload\"  data- style=\"--smush-placeholder-width: 1024px; --smush-placeholder-aspect-ratio: 1024\/733;\"\/><\/p>\n<p>Le Duel : Jean-Fabrice Dossou vs Yasmin Mambo<\/p>\n<p><img loading=\"lazy\" decoding=\"async\" width=\"1024\" height=\"819\" src=\"https:\/\/www.europesays.com\/fr\/wp-content\/uploads\/2026\/01\/l-1-1024x819.jpg\" alt=\"\" class=\"wp-image-23208 lazyload\"  data- style=\"--smush-placeholder-width: 1024px; --smush-placeholder-aspect-ratio: 1024\/819;\"\/><\/p>\n<p>Diffusion du match sur LNB.tv<\/p>\n<p>Le championnat d\u2019\u00c9lite 2 est diffus\u00e9 gratuitement sur LNB.tv. Pour suivre le match de ce soir entre Quimper et l\u2019ADA, il suffit de cr\u00e9er un compte (si ce n\u2019est d\u00e9j\u00e0 fait) et de cliquer <strong><a href=\"https:\/\/www.lnb.tv\/fr-int\/page\/home\" target=\"_blank\" rel=\"noopener\">ICI<\/a><\/strong><\/p>\n<p><strong>Nantes Basket Hermine vs ADA Blois Basket 41 \u2013 Vendredi 16 Janvier \u00e0 20h00 \u2013 La Trocardi\u00e8re <\/strong><\/p>\n<p>Leaders Cup<\/p>\n<p>Suite \u00e0 son succ\u00e8s \u00e0 Orl\u00e9ans, l\u2019ADA a d\u00e9croch\u00e9 sa qualification pour les 1\/2 finales de Leaders Cup (27\/01 et 03\/02) dont les affiches seront connues \u00e0 l\u2019issue de cette 19\u00e8 journ\u00e9e.<\/p>\n<p>Infos Billetterie \u2013 Les prochains matchs \u00e0 domicile ouverts \u00e0 la vente<\/p>\n<p id=\"block-f1edc271-999d-4529-af39-fe36e7c175a3\">La billetterie est ouverte pour les rencontres suivantes :<\/p>\n<ul id=\"block-aa5ea436-2dd3-4a6b-a8af-441dd17856c9\" class=\"wp-block-list\">\n<li><strong>ADA vs Ch\u00e2lons-Reims<\/strong> \u2013 Vendredi 23 janvier \u00e0 20h<\/li>\n<li><strong>ADA vs Hy\u00e8res-Toulon <\/strong>\u2013 Samedi 7 f\u00e9vrier \u00e0 20h<\/li>\n<\/ul>\n<p id=\"block-bfb99c6d-4509-4791-9e77-13e0e991905d\">Cliquez <strong><a href=\"https:\/\/web.digitick.com\/ext\/billetterie5\/?site=adabloisbasket\" target=\"_blank\" rel=\"noopener\">ICI<\/a> <\/strong>pour acc\u00e9der \u00e0 notre billetterie en ligne<\/p>\n","protected":false},"excerpt":{"rendered":"Apr\u00e8s la belle performance r\u00e9alis\u00e9e lors du Centrico remport\u00e9 \u00e0 CO\u2019Met le week-end dernier, les joueurs et le&hellip;\n","protected":false},"author":2,"featured_media":667988,"comment_status":"","ping_status":"","sticky":false,"template":"","format":"standard","meta":{"footnotes":""},"categories":[2818],"tags":[1111,11,1777,674,1011,27,766,12,2636,25],"class_list":{"0":"post-667987","1":"post","2":"type-post","3":"status-publish","4":"format-standard","5":"has-post-thumbnail","7":"category-nantes","8":"tag-actu","9":"tag-actualites","10":"tag-eu","11":"tag-europe","12":"tag-fr","13":"tag-france","14":"tag-nantes","15":"tag-news","16":"tag-pays-de-la-loire","17":"tag-republique-francaise"},"share_on_mastodon":{"url":"https:\/\/pubeurope.com\/@fr\/115905520385304785","error":""},"_links":{"self":[{"href":"https:\/\/www.europesays.com\/fr\/wp-json\/wp\/v2\/posts\/667987","targetHints":{"allow":["GET"]}}],"collection":[{"href":"https:\/\/www.europesays.com\/fr\/wp-json\/wp\/v2\/posts"}],"about":[{"href":"https:\/\/www.europesays.com\/fr\/wp-json\/wp\/v2\/types\/post"}],"author":[{"embeddable":true,"href":"https:\/\/www.europesays.com\/fr\/wp-json\/wp\/v2\/users\/2"}],"replies":[{"embeddable":true,"href":"https:\/\/www.europesays.com\/fr\/wp-json\/wp\/v2\/comments?post=667987"}],"version-history":[{"count":0,"href":"https:\/\/www.europesays.com\/fr\/wp-json\/wp\/v2\/posts\/667987\/revisions"}],"wp:featuredmedia":[{"embeddable":true,"href":"https:\/\/www.europesays.com\/fr\/wp-json\/wp\/v2\/media\/667988"}],"wp:attachment":[{"href":"https:\/\/www.europesays.com\/fr\/wp-json\/wp\/v2\/media?parent=667987"}],"wp:term":[{"taxonomy":"category","embeddable":true,"href":"https:\/\/www.europesays.com\/fr\/wp-json\/wp\/v2\/categories?post=667987"},{"taxonomy":"post_tag","embeddable":true,"href":"https:\/\/www.europesays.com\/fr\/wp-json\/wp\/v2\/tags?post=667987"}],"curies":[{"name":"wp","href":"https:\/\/api.w.org\/{rel}","templated":true}]}}