{"id":667989,"date":"2026-01-16T15:37:18","date_gmt":"2026-01-16T15:37:18","guid":{"rendered":"https:\/\/www.europesays.com\/fr\/667989\/"},"modified":"2026-01-16T15:37:18","modified_gmt":"2026-01-16T15:37:18","slug":"cinq-expositions-gratuites-a-decouvrir-de-bordeaux-a-saint-andre-de-cubzac","status":"publish","type":"post","link":"https:\/\/www.europesays.com\/fr\/667989\/","title":{"rendered":"cinq expositions gratuites \u00e0 d\u00e9couvrir, de Bordeaux \u00e0 Saint-Andr\u00e9-de-Cubzac"},"content":{"rendered":"<p>            1 Quand l\u2019art contemporain se porte en \u00e9cusson<\/p>\n<p>        <img decoding=\"async\" id=\"27438514\" src=\"https:\/\/www.europesays.com\/fr\/wp-content\/uploads\/2026\/01\/pallatier-1.jpeg\" alt=\"300 artistes et huit collections \u00e0 voir \u00e0 BAG \u00e0 Bordeaux.\" itemprop=\"contentURL\"\/><\/p>\n<p>    300 artistes et huit collections \u00e0 voir \u00e0 BAG \u00e0 Bordeaux.<\/p>\n<p>Bakery Art Gallery<\/p>\n<p>Quel fil relie des personnalit\u00e9s aussi vari\u00e9es que Virginie Barr\u00e9, Albin de la Simone, Jo\u00ebl Hubaut, Claude Closky, Nina Childress, <a href=\"https:\/\/www.sudouest.fr\/culture\/danse-j-apporte-le-petit-decalage-que-l-opera-de-bordeaux-voulait-pour-giselle-estime-matali-crasset-17670376.php\" target=\"_blank\" rel=\"follow noopener\">Matali Crasset,<\/a> Philippe Mayaux, Mathieu Mercier, Fran\u00e7oise P\u00e9trovitch, Alain S\u00e9chas ou Sarah Tritz\u00a0? Tous ont particip\u00e9 \u00e0 Blazers\/Blasons, lanc\u00e9 en 2016 par le collectif La Valise \u2013 Pascal Leroux et Samia Oussadit, bas\u00e9s pr\u00e8s de Caen.<\/p>\n<p>Le principe\u00a0? Inviter des artistes \u00e0 cr\u00e9er leur propre blason ou dossard. Chaque embl\u00e8me brod\u00e9 devient une \u00e9dition limit\u00e9e m\u00ealant h\u00e9ritage h\u00e9raldique, artisanat d\u2019exception, streetwear et art contemporain, avec un brin d\u2019humour ou de po\u00e9sie.<\/p>\n<p>Cette ann\u00e9e, le projet f\u00eate ses dix ans, avec quelque 300 artistes et huit collections \u00e0 voir \u00e0 BAG, dont les quatre derni\u00e8res explorent l\u2019univers du chien (\u00ab\u00a0Doggerland\u00a0\u00bb), de la chaussure (\u00ab\u00a0Footloose\u00a0\u00bb) ou encore \u00ab\u00a0Cheval &amp; botanique\u00a0\u00bb.<\/p>\n<p>Jusqu\u2019au 14\u00a0f\u00e9vrier, Bakery Art Gallery (c\u00f4t\u00e9 boulangerie), 24, rue du Mirail, Bordeaux. Entr\u00e9e libre du mardi au samedi de 9\u00a0heures \u00e0 19\u00a0h\u00a030. <a href=\"https:\/\/bakeryartgallery.com\/\" target=\"_blank\" rel=\"nofollow noopener\">bakeryartgallery.com.<\/a><\/p>\n<p>2 Saucisses cocktail et porcelaine<\/p>\n<p>        <img decoding=\"async\" id=\"27441322\" src=\"https:\/\/www.europesays.com\/fr\/wp-content\/uploads\/2026\/01\/coline-gaulot-c-barbara-fecchio.jpg\" alt=\"\u201cGlisser sa main entre deux boutons\u201d de Coline Gaulot.\" itemprop=\"contentURL\"\/><\/p>\n<p>    \u201cGlisser sa main entre deux boutons\u201d de Coline Gaulot.<\/p>\n<p>Barbara Fecchio <\/p>\n<p>Saucisses cocktail, cure-dents, olives ap\u00e9ritives et autres reliquats de f\u00eate fig\u00e9s dans la c\u00e9ramique. G\u00e2teaux ayant jalonn\u00e9 chacun de ses anniversaires, recr\u00e9\u00e9s en porcelaine. Bouquets de natures mortes \u00e9voquant des occasions particuli\u00e8res fix\u00e9es par la peinture.<\/p>\n<p>Autant de r\u00e9cits intimes, partag\u00e9s par chacun, anodins ou rel\u00e9gu\u00e9s hors du champ de l\u2019attention, mais charg\u00e9s de symboles et d\u2019\u00e9motions\u00a0: telle est la mati\u00e8re du travail de l\u2019artiste bordelaise Coline Gaulot, dipl\u00f4m\u00e9e de l\u2019\u00c9cole des Beaux-Arts de Bordeaux en 2012. Sa pratique transversale en compose un ensemble po\u00e9tique, attentif \u00e0 ce qui persiste avec ici toiles, c\u00e9ramiques et \u0153uvres in\u00e9dites.<\/p>\n<p>\u2028Vernissage jeudi 22\u00a0janvier de 18\u00a0\u00e0 21\u00a0heures. \u00ab\u00a0I Wanna Be Your Chien de Fa\u00efence\u00a0\u00bb du 22\u00a0janvier au 28\u00a0f\u00e9vrier. Zone Trois Galerie, 66, rue Notre-Dame, Bordeaux. Entr\u00e9e libre du mardi au samedi de 14 \u00e0 19\u00a0heures <a href=\"https:\/\/zonetrois.fr\/\" target=\"_blank\" rel=\"nofollow noopener\">zonetrois.fr.<\/a><\/p>\n<p>3 Rauzet, l\u2019art des strates<\/p>\n<p>        <img decoding=\"async\" id=\"27437810\" src=\"https:\/\/www.europesays.com\/fr\/wp-content\/uploads\/2026\/01\/jean-philippe-rauzet-6b-amphores-englouties-195-x-130-annee-2023.jpg\" alt=\"Le centre d\u2019art Pierre-Brana,  consacre une r\u00e9trospective \u00e0 Jean-Philippe Rauzet. Ici, ses \u201cAmphores englouties\u201d.\" itemprop=\"contentURL\"\/><\/p>\n<p>    Le centre d\u2019art Pierre-Brana,  consacre une r\u00e9trospective \u00e0 Jean-Philippe Rauzet. Ici, ses \u201cAmphores englouties\u201d.<\/p>\n<p>Jean-Philippe Rauzet<\/p>\n<p>Discret mais prolifique, Jean-Philippe Rauzet porte plus de cinquante ans de cr\u00e9ation et quelque 600 toiles \u00e0 son actif. Une part cons\u00e9quente de cet ensemble prend ses quartiers au centre d\u2019art Pierre-Brana, qui lui consacre une r\u00e9trospective.<\/p>\n<p>L\u2019occasion de d\u00e9couvrir ce travail montr\u00e9 notamment au Salon des r\u00e9alit\u00e9s nouvelles, haut lieu de l\u2019abstraction dans l\u2019apr\u00e8s-guerre. \u00c0 la crois\u00e9e de la figure et du geste, son \u0153uvre se con\u00e7oit dans la mati\u00e8re\u00a0: huiles, pigments et sable se superposent en couches \u00e9paisses, avant d\u2019\u00eatre lac\u00e9r\u00e9es ou creus\u00e9es, r\u00e9v\u00e9lant couleurs et formes enfouies\u00a0comme des r\u00e9miniscences de l\u2019art rupestre ou de vestiges antiques.<\/p>\n<p>Vernissage jeudi 22\u00a0janvier \u00e0 18\u00a0h\u00a030. \u00ab\u00a0Strates du temps, traces de vie\u00a0\u00bb. Du 23\u00a0janvier au 8\u00a0mars. Centre d\u2019art contemporain Pierre-Brana, ch\u00e2teau Lescombes, 198, avenue du Taillan, Eysines. Entr\u00e9e libre du mercredi au dimanche de 14\u00a0heures \u00e0 18\u00a0h\u00a030. <a href=\"https:\/\/www.eysines-culture.fr\/\" target=\"_blank\" rel=\"nofollow noopener\">www.eysines-culture.fr.<\/a><\/p>\n<p>4 D\u2019Oran \u00e0 Lormont : toiles et tapisseries<\/p>\n<p>        <img decoding=\"async\" id=\"27437813\" src=\"https:\/\/www.europesays.com\/fr\/wp-content\/uploads\/2026\/01\/dalila-photo-3-soleman2.jpg\" alt=\"\u201cSans titre #1,\u201d de la s\u00e9rie Soleiman, par Dalila Dall\u00e9as Bouzar.\" itemprop=\"contentURL\"\/><\/p>\n<p>    \u201cSans titre #1,\u201d de la s\u00e9rie Soleiman, par Dalila Dall\u00e9as Bouzar.<\/p>\n<p>D. D.\u00a0Bouzar<\/p>\n<p>\u00c0 Lormont, Dalila Dall\u00e9as Bouzar, n\u00e9e en 1974 \u00e0 Oran et install\u00e9e \u00e0 Bordeaux, pr\u00e9sente de grandes tapisseries brod\u00e9es et des portraits peints \u00e0 l\u2019huile sur des toiles de lin brut, parfois lib\u00e9r\u00e9es de tout arri\u00e8re-plan, jouant avec les cadrages et le regard de ses mod\u00e8les.<\/p>\n<p>Du plus petit au plus imposant, cette dipl\u00f4m\u00e9e de l\u2019\u00c9cole des Beaux-Arts de Paris en 2003 croise figures all\u00e9goriques, r\u00e9f\u00e9rences \u00e0 l\u2019histoire de l\u2019art (\u00ab\u00a0Les Femmes d\u2019Alger dans leur appartement\u00a0\u00bb de Delacroix) et motifs inspir\u00e9s des traditions artisanales alg\u00e9riennes, m\u00ealant r\u00e9alisme, touches oniriques et \u00e9l\u00e9ments plus personnels.<\/p>\n<p>Du mardi 20\u00a0janvier au samedi 14\u00a0mars, au Centre d\u2019arts du Bois Fleuri, P\u00f4le culturel et sportif du Bois Fleuri, rue Lavergne, Lormont. Entr\u00e9e libre\u00a0: mardi 14-18 heures, mercredi 10\u00a0heures-12h30 et 14-19 heures, vendredi 14-18 heures, samedi 10\u00a0heures-12h30 et 14-18 heures. Gratuit. <a href=\"https:\/\/www.lormont.fr\/\" target=\"_blank\" rel=\"nofollow noopener\">www.lormont.fr.<\/a><\/p>\n<p>5 Le bestiaire sur bois de Pauline Renard<\/p>\n<p>        <img decoding=\"async\" id=\"27437811\" src=\"https:\/\/www.europesays.com\/fr\/wp-content\/uploads\/2026\/01\/pauline-renard.jpg\" alt=\"Passionn\u00e9e par le dessin animalier, Pauline Renard en fait le fil conducteur de sa pratique. Ici, \u00ab\u00a0Le pressentiment\u201d.\" itemprop=\"contentURL\"\/><\/p>\n<p>    Passionn\u00e9e par le dessin animalier, Pauline Renard en fait le fil conducteur de sa pratique. Ici, \u00ab\u00a0Le pressentiment\u201d.<\/p>\n<p>Pauline Renard<\/p>\n<p>Illustratrice jeunesse et dipl\u00f4m\u00e9e d\u2019arts plastiques \u00e0 l\u2019Universit\u00e9 Bordeaux-Montaigne, Pauline Renard vit \u00e0 Cubzac-les-Ponts. Passionn\u00e9e par le dessin animalier, elle en fait le fil conducteur de sa pratique. Au graphite, elle donne vie \u00e0 moineau, renard, cerf, chat et autres cr\u00e9atures du r\u00e8gne animal, sur des tondos \u2013 ces formats ronds traditionnels \u2013 ici ex\u00e9cut\u00e9s sur d\u2019authentiques couvercles de barriques de vin. Faisant glisser le cercle organique vers le portrait frontal, entre pr\u00e9cision minutieuse et douce r\u00eaverie.<\/p>\n","protected":false},"excerpt":{"rendered":"1 Quand l\u2019art contemporain se porte en \u00e9cusson 300 artistes et huit collections \u00e0 voir \u00e0 BAG \u00e0&hellip;\n","protected":false},"author":2,"featured_media":667990,"comment_status":"","ping_status":"","sticky":false,"template":"","format":"standard","meta":{"footnotes":""},"categories":[2817],"tags":[1111,11,1997,1777,674,1011,27,12,2219,25],"class_list":{"0":"post-667989","1":"post","2":"type-post","3":"status-publish","4":"format-standard","5":"has-post-thumbnail","7":"category-bordeaux","8":"tag-actu","9":"tag-actualites","10":"tag-bordeaux","11":"tag-eu","12":"tag-europe","13":"tag-fr","14":"tag-france","15":"tag-news","16":"tag-nouvelle-aquitaine","17":"tag-republique-francaise"},"share_on_mastodon":{"url":"https:\/\/pubeurope.com\/@fr\/115905524381892644","error":""},"_links":{"self":[{"href":"https:\/\/www.europesays.com\/fr\/wp-json\/wp\/v2\/posts\/667989","targetHints":{"allow":["GET"]}}],"collection":[{"href":"https:\/\/www.europesays.com\/fr\/wp-json\/wp\/v2\/posts"}],"about":[{"href":"https:\/\/www.europesays.com\/fr\/wp-json\/wp\/v2\/types\/post"}],"author":[{"embeddable":true,"href":"https:\/\/www.europesays.com\/fr\/wp-json\/wp\/v2\/users\/2"}],"replies":[{"embeddable":true,"href":"https:\/\/www.europesays.com\/fr\/wp-json\/wp\/v2\/comments?post=667989"}],"version-history":[{"count":0,"href":"https:\/\/www.europesays.com\/fr\/wp-json\/wp\/v2\/posts\/667989\/revisions"}],"wp:featuredmedia":[{"embeddable":true,"href":"https:\/\/www.europesays.com\/fr\/wp-json\/wp\/v2\/media\/667990"}],"wp:attachment":[{"href":"https:\/\/www.europesays.com\/fr\/wp-json\/wp\/v2\/media?parent=667989"}],"wp:term":[{"taxonomy":"category","embeddable":true,"href":"https:\/\/www.europesays.com\/fr\/wp-json\/wp\/v2\/categories?post=667989"},{"taxonomy":"post_tag","embeddable":true,"href":"https:\/\/www.europesays.com\/fr\/wp-json\/wp\/v2\/tags?post=667989"}],"curies":[{"name":"wp","href":"https:\/\/api.w.org\/{rel}","templated":true}]}}