{"id":667991,"date":"2026-01-16T15:38:15","date_gmt":"2026-01-16T15:38:15","guid":{"rendered":"https:\/\/www.europesays.com\/fr\/667991\/"},"modified":"2026-01-16T15:38:15","modified_gmt":"2026-01-16T15:38:15","slug":"a-bordeaux-les-bassins-des-lumieres-mettent-bientot-a-lhonneur-deux-peintres-majeurs-du-20e-siecle","status":"publish","type":"post","link":"https:\/\/www.europesays.com\/fr\/667991\/","title":{"rendered":"\u00c0 Bordeaux, les Bassins des Lumi\u00e8res mettent bient\u00f4t \u00e0 l&rsquo;honneur deux peintres majeurs du 20e si\u00e8cle"},"content":{"rendered":"<p>                    Par<br \/>\n        <strong><br \/>\n            <a href=\"https:\/\/actu.fr\/auteur\/juliette-cardinale\" title=\"Consulter tous les articles de Juliette Cardinale\" target=\"_blank\" rel=\"noopener\">Juliette Cardinale<\/a><br \/>\n                    <\/strong><\/p>\n<p>        Publi\u00e9 le<\/p>\n<p>            16 janv. 2026 \u00e0 16h16        <\/p>\n<p>Dans trois semaines, le Bassins des Lumi\u00e8res accueille de nouvelles expositions immersives. D\u00e8s le 7\u00a0f\u00e9vrier 2026, les murs de la base sous-marine <a href=\"https:\/\/actu.fr\/bordeaux\/\" target=\"_blank\" rel=\"noopener\">de Bordeaux<\/a> mettront \u00e0 l\u2019honneur les \u0153uvres <strong>d\u2019Henri Matisse et de Frida Kahlo.<\/strong><\/p>\n<p class=\" wall-content\">Apr\u00e8s <a href=\"https:\/\/actu.fr\/nouvelle-aquitaine\/bordeaux_33063\/forte-de-son-succes-l-exposition-dediee-au-petit-prince-reinvestit-les-bassins-des-lumieres-a-bordeaux_62641693.html\" target=\"_blank\" rel=\"noopener\">Le Petit Prince<\/a> ou l\u2019Egypte des Pharaons,<a href=\"https:\/\/actu.fr\/nouvelle-aquitaine\/bordeaux_33063\/en-images-une-nouvelle-exposition-plonge-les-bassins-des-lumieres-dans-les-profondeurs-des-oceans_63272976.html\" target=\"_blank\" rel=\"noopener\"> ce sont les oc\u00e9ans<\/a> qui sont mis \u00e0 l\u2019honneur <strong>jusqu\u2019au 1er\u00a0f\u00e9vrier. <\/strong>La base sous-marine fermera ensuite ses portes jusqu\u2019au 7\u00a0f\u00e9vrier, quand la peinture reprendra ses droits dans cet espace d\u2019exposition atypique et appr\u00e9ci\u00e9.<\/p>\n<p>Matisse et Kahlo \u00e0 l\u2019honneur<\/p>\n<p class=\" wall-content\">Pendant 45\u00a0minutes, le premier spectacle intitul\u00e9 \u00ab\u2009La symphonie des couleurs\u2009\u00bb permettra au public de (re) d\u00e9couvrir l\u2019\u0153uvre <strong>du fauviste Matisse,<\/strong> couleur par couleur. \u00ab\u2009Des Nus bleus au fauvisme en passant par les couleurs scintillantes du tableau Luxe, calme et volupt\u00e9, vivez cette invitation au voyage au rythme d\u2019une bande-son envo\u00fbtante\u2009\u00bb, souligne les Bassins des Lumi\u00e8res.\u00a0L\u2019exposition s\u2019ach\u00e8vera sur les vitraux de la Chapelle du Rosaire.<\/p>\n<p class=\" wall-content\">Entre deux projections, le programme court est d\u00e9di\u00e9 \u00e0 la plus c\u00e9l\u00e8bre des peintres du Mexique. Pendant 14\u00a0minutes, le spectacle<strong> \u00ab\u2009Frida Kahlo, en plein c\u0153ur\u2009\u00bb<\/strong> permettra de plonger dans son univers. Connue pour ses autoportraits et ses \u0153uvres surr\u00e9alistes, la contemporaine de Matisse a exprim\u00e9 ses \u00e9motions et souffrances dans des toiles color\u00e9es.<\/p>\n<p class=\" wall-content\">On suivra la vie de Frida Kahlo sur les murs\u2009: \u00ab\u2009de ses premi\u00e8res \u0153uvres marqu\u00e9es par la souffrance physique et la qu\u00eate de soi, \u00e0 ses tableaux les plus affirm\u00e9s o\u00f9 \u00e9clatent la <strong>puissance de son identit\u00e9 et son engagement\u2009\u00bb,<\/strong> indiquent les Bassins des Lumi\u00e8res.<\/p>\n<p class=\" wall-content\">Avec un billet pour Matisse \/ Frida Kahlo, les visiteurs pourront aussi profiter des <strong>cr\u00e9ations contemporaines<\/strong> \u00ab\u2009L\u2019\u00c9chapp\u00e9e des Lignes\u2009\u00bb et \u00ab\u2009Oniria\u2009\u00bb dans le Cube de la base sous-marine.<\/p>\n<p>Les billets sont d\u2019ores et d\u00e9j\u00e0 <a href=\"https:\/\/www.bassins-lumieres.com\/fr\/tickets\/693847adb32f25552cfe8f51\" target=\"_blank\" rel=\"noopener\">ouverts \u00e0 la r\u00e9servation<\/a> jusqu\u2019au 31\u00a0mars 2026. Du 7 au 22\u00a0f\u00e9vrier, l\u2019exposition sera accessible tous les jours de 10h \u00e0 19h (jusqu\u2019\u00e0 20h le samedi). Du 23\u00a0f\u00e9vrier au 31\u00a0mars, ouverture de 10h \u00e0 18h tous les jours \u2013 et jusqu\u2019\u00e0 20h le samedi.<\/p>\n<p class=\" wall-content\">Personnalisez votre actualit\u00e9 en ajoutant vos villes et m\u00e9dias en favori avec <a href=\"https:\/\/moncompte.actu.fr\" title=\"D\u00e9couvez Mon Actu\" rel=\"nofollow noopener\" data-trk=\"{&quot;cta&quot;:{&quot;action&quot;:&quot;https:\\\/\\\/moncompte.actu.fr&quot;,&quot;category&quot;:&quot;mon compte&quot;,&quot;from&quot;:&quot;article footer&quot;,&quot;name&quot;:&quot;Mon actu&quot;,&quot;type&quot;:&quot;cta&quot;}}\" target=\"_blank\">Mon Actu<\/a>.<\/p>\n","protected":false},"excerpt":{"rendered":"Par Juliette Cardinale Publi\u00e9 le 16 janv. 2026 \u00e0 16h16 Dans trois semaines, le Bassins des Lumi\u00e8res accueille&hellip;\n","protected":false},"author":2,"featured_media":667992,"comment_status":"","ping_status":"","sticky":false,"template":"","format":"standard","meta":{"footnotes":""},"categories":[2817],"tags":[1111,11,1997,1777,674,1349,1011,27,1652,12,2219,25],"class_list":{"0":"post-667991","1":"post","2":"type-post","3":"status-publish","4":"format-standard","5":"has-post-thumbnail","7":"category-bordeaux","8":"tag-actu","9":"tag-actualites","10":"tag-bordeaux","11":"tag-eu","12":"tag-europe","13":"tag-expositions","14":"tag-fr","15":"tag-france","16":"tag-loisirs-culture","17":"tag-news","18":"tag-nouvelle-aquitaine","19":"tag-republique-francaise"},"share_on_mastodon":{"url":"https:\/\/pubeurope.com\/@fr\/115905528041431411","error":""},"_links":{"self":[{"href":"https:\/\/www.europesays.com\/fr\/wp-json\/wp\/v2\/posts\/667991","targetHints":{"allow":["GET"]}}],"collection":[{"href":"https:\/\/www.europesays.com\/fr\/wp-json\/wp\/v2\/posts"}],"about":[{"href":"https:\/\/www.europesays.com\/fr\/wp-json\/wp\/v2\/types\/post"}],"author":[{"embeddable":true,"href":"https:\/\/www.europesays.com\/fr\/wp-json\/wp\/v2\/users\/2"}],"replies":[{"embeddable":true,"href":"https:\/\/www.europesays.com\/fr\/wp-json\/wp\/v2\/comments?post=667991"}],"version-history":[{"count":0,"href":"https:\/\/www.europesays.com\/fr\/wp-json\/wp\/v2\/posts\/667991\/revisions"}],"wp:featuredmedia":[{"embeddable":true,"href":"https:\/\/www.europesays.com\/fr\/wp-json\/wp\/v2\/media\/667992"}],"wp:attachment":[{"href":"https:\/\/www.europesays.com\/fr\/wp-json\/wp\/v2\/media?parent=667991"}],"wp:term":[{"taxonomy":"category","embeddable":true,"href":"https:\/\/www.europesays.com\/fr\/wp-json\/wp\/v2\/categories?post=667991"},{"taxonomy":"post_tag","embeddable":true,"href":"https:\/\/www.europesays.com\/fr\/wp-json\/wp\/v2\/tags?post=667991"}],"curies":[{"name":"wp","href":"https:\/\/api.w.org\/{rel}","templated":true}]}}