{"id":667999,"date":"2026-01-16T15:42:16","date_gmt":"2026-01-16T15:42:16","guid":{"rendered":"https:\/\/www.europesays.com\/fr\/667999\/"},"modified":"2026-01-16T15:42:16","modified_gmt":"2026-01-16T15:42:16","slug":"deja-condamne-pour-une-agression-sexuelle-sur-un-jeune-enfant-un-babysitter-soupconne-de-viol-sur-mineur","status":"publish","type":"post","link":"https:\/\/www.europesays.com\/fr\/667999\/","title":{"rendered":"d\u00e9j\u00e0 condamn\u00e9 pour une agression sexuelle sur un jeune enfant, un babysitter soup\u00e7onn\u00e9 de viol sur mineur"},"content":{"rendered":"<p>Les enfants d\u2019une trentaine de familles de la m\u00e9tropole lilloise (<a target=\"_self\" href=\"https:\/\/www.lanouvellerepublique.fr\/nord\" rel=\"noopener\">Nord<\/a>), qui avaient fait appel \u00e0 un babysitter de 36\u00a0ans, vont \u00eatre entendus dans les deux prochains mois par la brigade des mineurs, rapporte <a target=\"_blank\" href=\"https:\/\/france3-regions.franceinfo.fr\/hauts-de-france\/nord-0\/lille\/deja-condamne-pour-agression-sexuelle-a-nice-un-baby-sitter-pedocriminel-accuse-de-viol-sur-mineur-a-lille-une-trentaine-de-familles-susceptibles-d-etre-concernees-3282521.html\" rel=\"noopener\">France\u00a03 Hauts-de-France<\/a> jeudi 15\u00a0janvier 2026. D\u00e9j\u00e0 condamn\u00e9 \u00e0 Nice (Alpes-Maritimes) pour une agression sexuelle commise sur un petit gar\u00e7on de 2\u00a0ans et demi, le trentenaire a \u00e9t\u00e9 plac\u00e9 en d\u00e9tention provisoire fin d\u00e9cembre pour viol sur mineur.<\/p>\n<p>\u00ab\u00a0La brigade des mineurs nous a contact\u00e9s d\u00e9but janvier [\u2026], a confi\u00e9 \u00e0 France\u00a03 le p\u00e8re de jeunes enfants gard\u00e9s par le suspect depuis trois ans. Ils nous ont dit que c\u2019\u00e9tait pour une affaire de p\u00e9docriminalit\u00e9 et ils voulaient savoir si on avait remarqu\u00e9 des choses particuli\u00e8res chez nos enfants.\u00a0\u00bb Depuis le d\u00e9but de l\u2019ann\u00e9e, le service de police judiciaire appelle les familles ayant embauch\u00e9 le trentenaire pour d\u00e9terminer s\u2019il a fait de nouvelles victimes.<\/p>\n<p>Une premi\u00e8re alerte en mai\u00a02025<\/p>\n<p>En effet, le 29\u00a0d\u00e9cembre dernier, une m\u00e8re de famille a d\u00e9pos\u00e9 plainte pour des faits de viol qui auraient \u00e9t\u00e9 commis sur son enfant d\u2019environ 3\u00a0ans par le babysitter, indique <a target=\"_blank\" href=\"https:\/\/www.francebleu.fr\/infos\/faits-divers-justice\/un-baby-sitter-a-ete-place-en-detention-pour-viol-sur-mineur-a-lille-9716149\" rel=\"noopener\">ICI Nord<\/a>. Ce dernier a \u00e9t\u00e9 plac\u00e9 en d\u00e9tention provisoire d\u00e8s le lendemain. \u00ab\u00a0Des suspicions ont \u00e9t\u00e9 mises \u00e0 jour pour deux familles sans que pour l\u2019instant l\u2019enqu\u00eate n\u2019\u00e9tablisse des faits p\u00e9nalement r\u00e9pr\u00e9hensibles\u00a0\u00bb, a fait savoir Samuel Finielz, procureur de la R\u00e9publique de Lille.<\/p>\n<p>Les policiers de la m\u00e9tropole lilloise avaient d\u00e9j\u00e0 \u00e9t\u00e9 alert\u00e9s en mai\u00a02025 par un voisin du mis en cause, qui savait qu\u2019il gardait des enfants \u00e0 son domicile. Le suspect lui avait parl\u00e9 de sa pr\u00e9c\u00e9dente condamnation et de son envie de repasser \u00e0 l\u2019acte, selon les informations de <a target=\"_blank\" href=\"https:\/\/www.20minutes.fr\/faits_divers\/faits-divers-lille\/4195855-20260114-nord-baby-sitter-pedocriminel-condamne-2020-nice-fait-27-nouvelles-victimes\" rel=\"noopener\">20 Minutes<\/a>. Le juge d\u2019application des peines avait alors d\u00e9cid\u00e9 de renforcer son suivi sociojudiciaire, lui interdisant de travailler avec des mineurs.<\/p>\n","protected":false},"excerpt":{"rendered":"Les enfants d\u2019une trentaine de familles de la m\u00e9tropole lilloise (Nord), qui avaient fait appel \u00e0 un babysitter&hellip;\n","protected":false},"author":2,"featured_media":668000,"comment_status":"","ping_status":"","sticky":false,"template":"","format":"standard","meta":{"footnotes":""},"categories":[2815],"tags":[1111,11,1674,1777,674,274,1011,27,811,1307,12,1308,25],"class_list":{"0":"post-667999","1":"post","2":"type-post","3":"status-publish","4":"format-standard","5":"has-post-thumbnail","7":"category-lille","8":"tag-actu","9":"tag-actualites","10":"tag-communes","11":"tag-eu","12":"tag-europe","13":"tag-faits-divers-justice","14":"tag-fr","15":"tag-france","16":"tag-hauts-de-france","17":"tag-lille","18":"tag-news","19":"tag-nord","20":"tag-republique-francaise"},"share_on_mastodon":{"url":"https:\/\/pubeurope.com\/@fr\/115905543986495137","error":""},"_links":{"self":[{"href":"https:\/\/www.europesays.com\/fr\/wp-json\/wp\/v2\/posts\/667999","targetHints":{"allow":["GET"]}}],"collection":[{"href":"https:\/\/www.europesays.com\/fr\/wp-json\/wp\/v2\/posts"}],"about":[{"href":"https:\/\/www.europesays.com\/fr\/wp-json\/wp\/v2\/types\/post"}],"author":[{"embeddable":true,"href":"https:\/\/www.europesays.com\/fr\/wp-json\/wp\/v2\/users\/2"}],"replies":[{"embeddable":true,"href":"https:\/\/www.europesays.com\/fr\/wp-json\/wp\/v2\/comments?post=667999"}],"version-history":[{"count":0,"href":"https:\/\/www.europesays.com\/fr\/wp-json\/wp\/v2\/posts\/667999\/revisions"}],"wp:featuredmedia":[{"embeddable":true,"href":"https:\/\/www.europesays.com\/fr\/wp-json\/wp\/v2\/media\/668000"}],"wp:attachment":[{"href":"https:\/\/www.europesays.com\/fr\/wp-json\/wp\/v2\/media?parent=667999"}],"wp:term":[{"taxonomy":"category","embeddable":true,"href":"https:\/\/www.europesays.com\/fr\/wp-json\/wp\/v2\/categories?post=667999"},{"taxonomy":"post_tag","embeddable":true,"href":"https:\/\/www.europesays.com\/fr\/wp-json\/wp\/v2\/tags?post=667999"}],"curies":[{"name":"wp","href":"https:\/\/api.w.org\/{rel}","templated":true}]}}