{"id":668001,"date":"2026-01-16T15:43:11","date_gmt":"2026-01-16T15:43:11","guid":{"rendered":"https:\/\/www.europesays.com\/fr\/668001\/"},"modified":"2026-01-16T15:43:11","modified_gmt":"2026-01-16T15:43:11","slug":"une-demi-douzaine-de-personnes-confinees-apres-la-decouverte-dune-poudre-suspecte-a-la-poste-colbert-a-marseille","status":"publish","type":"post","link":"https:\/\/www.europesays.com\/fr\/668001\/","title":{"rendered":"Une demi-douzaine de personnes confin\u00e9es apr\u00e8s la d\u00e9couverte d&rsquo;une poudre suspecte \u00e0 la Poste Colbert \u00e0 Marseille"},"content":{"rendered":"<p>Branle-bas de combat, cet apr\u00e8s-midi du 16\u00a0janvier\u00a02026 \u00e0 <a href=\"https:\/\/www.laprovence.com\/article\/edition-marseille\/6116147\/la-renaissance-de-la-poste-colbert.html\" target=\"_blank\" rel=\"noopener\">la Poste Colbert<\/a>, dans le 1er arrondissement de <a href=\"https:\/\/www.laprovence.com\/bouches-du-rhone\/marseille-13055\" target=\"_blank\" rel=\"noopener\">Marseille<\/a> en raison d\u2019un colis suspect. Peu avant 14h, une grande enveloppe en papier kraft contenant une poudre blanche, assortie d\u2019un autre pli au contenu trouble, a entra\u00een\u00e9 le confinement des locaux par la police et les <a href=\"https:\/\/www.laprovence.com\/article\/faits-divers-justice\/1477039022653115\/a-marseille-17-marins-pompiers-et-le-drapeau-du-bataillon-honores\" target=\"_blank\" rel=\"noopener\">marins-pompiers de Marseille<\/a>.<\/p>\n<p>Six personnes, des employ\u00e9s de la poste ainsi que des policiers qui avaient \u00e9t\u00e9 appel\u00e9s \u00e0 la suite de la d\u00e9couverte du pli, ont \u00e9t\u00e9 confin\u00e9es par mesure de pr\u00e9caution.<\/p>\n<p>Dans le m\u00eame temps, le Bataillon a d\u00e9ploy\u00e9 une vingtaine de marins-pompiers, dont des \u00e9quipes sp\u00e9cialis\u00e9es dans le risque nucl\u00e9aire, radiologique, bact\u00e9riologique et chimique (NRBC) afin d\u2019effectuer le pr\u00e9l\u00e8vement et la mise en s\u00e9curit\u00e9 de la poudre. Le contenu de l\u2019enveloppe devait \u00eatre analys\u00e9 rapidement en d\u00e9but d\u2019apr\u00e8s-midi avant toute lev\u00e9e du p\u00e9rim\u00e8tre de s\u00e9curit\u00e9. Aucune personne n\u2019est bless\u00e9e et une enqu\u00eate a \u00e9t\u00e9 ouverte.<\/p>\n<p>Selon nos informations, le sac contenant la poudre blanche \u00e9tait accompagn\u00e9 d\u2019une autre enveloppe assortie d\u2019un message assez trouble pour justifier les mesures de pr\u00e9cautions\u00a0: \u00ab\u00a0N\u2019importe o\u00f9, n\u2019importe quand\u00a0\u00bb.<\/p>\n<p>Le site de la poste demeurait ferm\u00e9 dans l\u2019attente des r\u00e9sultats.<\/p>\n<p>Peu avant 16h, l\u2019analyse chimique du produit suspect a permis d\u2019\u00e9carter tout danger, il s\u2019agirait de bicarbonate de soude.<\/p>\n","protected":false},"excerpt":{"rendered":"Branle-bas de combat, cet apr\u00e8s-midi du 16\u00a0janvier\u00a02026 \u00e0 la Poste Colbert, dans le 1er arrondissement de Marseille en&hellip;\n","protected":false},"author":2,"featured_media":668002,"comment_status":"","ping_status":"","sticky":false,"template":"","format":"standard","meta":{"footnotes":""},"categories":[2814],"tags":[5734,1111,11,150,76796,5975,76795,4440,1777,674,274,1011,27,884,12,3744,882,25,96],"class_list":{"0":"post-668001","1":"post","2":"type-post","3":"status-publish","4":"format-standard","5":"has-post-thumbnail","7":"category-marseille","8":"tag-5734","9":"tag-actu","10":"tag-actualites","11":"tag-apres","12":"tag-confinees","13":"tag-decouverte","14":"tag-demi-douzaine","15":"tag-dune","16":"tag-eu","17":"tag-europe","18":"tag-faits-divers-justice","19":"tag-fr","20":"tag-france","21":"tag-marseille","22":"tag-news","23":"tag-personnes","24":"tag-provence-alpes-cote-dazur","25":"tag-republique-francaise","26":"tag-une"},"share_on_mastodon":{"url":"https:\/\/pubeurope.com\/@fr\/115905547974206791","error":""},"_links":{"self":[{"href":"https:\/\/www.europesays.com\/fr\/wp-json\/wp\/v2\/posts\/668001","targetHints":{"allow":["GET"]}}],"collection":[{"href":"https:\/\/www.europesays.com\/fr\/wp-json\/wp\/v2\/posts"}],"about":[{"href":"https:\/\/www.europesays.com\/fr\/wp-json\/wp\/v2\/types\/post"}],"author":[{"embeddable":true,"href":"https:\/\/www.europesays.com\/fr\/wp-json\/wp\/v2\/users\/2"}],"replies":[{"embeddable":true,"href":"https:\/\/www.europesays.com\/fr\/wp-json\/wp\/v2\/comments?post=668001"}],"version-history":[{"count":0,"href":"https:\/\/www.europesays.com\/fr\/wp-json\/wp\/v2\/posts\/668001\/revisions"}],"wp:featuredmedia":[{"embeddable":true,"href":"https:\/\/www.europesays.com\/fr\/wp-json\/wp\/v2\/media\/668002"}],"wp:attachment":[{"href":"https:\/\/www.europesays.com\/fr\/wp-json\/wp\/v2\/media?parent=668001"}],"wp:term":[{"taxonomy":"category","embeddable":true,"href":"https:\/\/www.europesays.com\/fr\/wp-json\/wp\/v2\/categories?post=668001"},{"taxonomy":"post_tag","embeddable":true,"href":"https:\/\/www.europesays.com\/fr\/wp-json\/wp\/v2\/tags?post=668001"}],"curies":[{"name":"wp","href":"https:\/\/api.w.org\/{rel}","templated":true}]}}