{"id":668011,"date":"2026-01-16T15:49:17","date_gmt":"2026-01-16T15:49:17","guid":{"rendered":"https:\/\/www.europesays.com\/fr\/668011\/"},"modified":"2026-01-16T15:49:17","modified_gmt":"2026-01-16T15:49:17","slug":"municipales-a-paris-rachida-dati-veut-infliger-une-amende-a-300-euros-en-cas-de-dejections-canines-non-ramassees-actualites","status":"publish","type":"post","link":"https:\/\/www.europesays.com\/fr\/668011\/","title":{"rendered":"Municipales \u00e0 Paris : Rachida Dati veut infliger une amende \u00e0 300 euros en cas de d\u00e9jections canines non ramass\u00e9es : Actualit\u00e9s"},"content":{"rendered":"<p class=\"lead \"><strong>Rachida Dati, ministre de la Culture et candidate \u00e0 la mairie de Paris pour les \u00e9lections de mars 2026, veut notamment augmenter l\u2019amende pour le non-ramassage des d\u00e9jections canines. En cas de victoire au scrutin, celle-ci passerait de 135 \u00e0 300 euros.<\/strong><\/p>\n<p class=\"lead \">La campagne des \u00e9lections municipales de mars 2026 d\u00e9marre et il n\u2019y a pas de petits sujets. Alors que Paris compte pr\u00e8s de 100 000 chiens, <a href=\"https:\/\/actu.orange.fr\/france\/rachida-dati-perquisitionnee-dans-le-cadre-d-une-nouvelle-enquete-pour-corruption-magic-CNT000002mfFr5.html\" target=\"_blank\" rel=\"noopener\">Rachida Dati<\/a> a d\u00e9voil\u00e9 son ambition, mercredi 14 janvier, pour \u00ab\u00a0donner toute leur place aux animaux\u00a0\u00bb dans la capitale, note <a href=\"https:\/\/www.leparisien.fr\/elections\/municipales\/municipales-a-paris-rachida-dati-propose-une-amende-salee-a-300-euros-en-cas-de-dejections-canines-non-ramassees-15-01-2026-C46UJ3TEHRG5ZHVG7AIQNVJCCY.php\" target=\"_blank\" rel=\"noopener\">Le Parisien<\/a>. La ministre de la Culture d\u00e9fend une augmentation importante de l\u2019amende pour le non-ramassage des d\u00e9jections canines. Celle-ci passerait de 135 \u00e0 300 euros.<\/p>\n<p class=\"lead \">Mais Rachida Dati veut aller plus loin : elle veut que le port de sacs de propret\u00e9 lors des promenades devienne obligatoire. Avec des contr\u00f4les possibles par la police municipale. Autre point : alors que seulement 163 espaces verts publics sont accessibles aux chiens dans la capitale, la ministre de la Culture veut autoriser l\u2019acc\u00e8s des chiens tenus en laisse aux parcs parisiens. Une autorisation qui serait faite \u00ab\u00a0sauf exceptions d\u00e9finies localement\u00a0\u00bb.<\/p>\n<p>                                                                                                <strong>Cr\u00e9ation de \u00ab\u00a0sentiers Paris 4 pattes\u00a0\u00bb et de \u00ab\u00a0caniparcs labellis\u00e9s\u00a0\u00bb<\/strong><\/p>\n<p class=\"lead \">L\u2019ancienne ministre de la Justice veut aussi la cr\u00e9ation de \u00ab\u00a0sentiers Paris 4 pattes\u00a0\u00bb et le d\u00e9ploiement de \u00ab\u00a0caniparcs labellis\u00e9s\u00a0\u00bb. Et ce, pour ces derniers, dans chaque arrondissement. Des espaces qui reposent sur des sp\u00e9cifications particuli\u00e8res (double-portes de s\u00e9curit\u00e9, espaces enherb\u00e9s, parcours d\u2019agilit\u00e9, fontaines et zones ombrag\u00e9es) permettant \u00e0 ce que les chiens soient d\u00e9tach\u00e9s en s\u00e9curit\u00e9. Des portions des quais de Seine, jusqu\u2019ici r\u00e9serv\u00e9es aux pi\u00e9tons, pourraient aussi devenir accessible aux chiens, \u00e0 des horaires pr\u00e9cis (par exemple le matin t\u00f4t). <\/p>\n<p class=\"lead \">Rachida Dati souhaite aussi que soit mis en place un \u00ab\u00a0bouclier pour les Parisiens les plus d\u00e9munis\u00a0\u00bb. Ce dernier prendrait la forme d\u2019un ch\u00e8que v\u00e9t\u00e9rinaire qui serait distribu\u00e9 par les Maisons des solidarit\u00e9s (MDS). Enfin, la maire du septi\u00e8me arrondissement de Paris veut \u00ab\u00a0sanctionner fermement la maltraitance animale\u00a0\u00bb via un accord avec le parquet de Paris.<\/p>\n<p class=\"lead \">Rachida Dati n\u2019est pas la seule \u00e0 se positionner sur le th\u00e8me des chiens. Emmanuel Gr\u00e9goire, ancien premier adjoint PS \u00e0 la maire de Paris et candidat de gauche pour l\u2019\u00e9lection municipale, souhaite la cr\u00e9ation de parcs canins dans tous les arrondissements ainsi que l\u2019ouverture de plus de parcs et jardins aux chiens tenus en laisse. De son c\u00f4t\u00e9, le candidat Pierre-Yves Bournazel (Horizons) milite pour la cr\u00e9ation d\u2019un grand parc canin proche de l\u2019H\u00f4tel de Ville. Les chiens pourraient s\u2019y promener sans laisse.<\/p>\n<p class=\"small font-weight-bold text-gray3 \"> publi\u00e9 le 16 janvier \u00e0 13h40, Thomas Ciret, 6Medias<\/p>\n<p>                             Partager<\/p>\n","protected":false},"excerpt":{"rendered":"Rachida Dati, ministre de la Culture et candidate \u00e0 la mairie de Paris pour les \u00e9lections de mars&hellip;\n","protected":false},"author":2,"featured_media":668012,"comment_status":"","ping_status":"","sticky":false,"template":"","format":"standard","meta":{"footnotes":""},"categories":[1888],"tags":[1111,1928,11,1927,1777,674,1011,27,12,1926,626,1925,25],"class_list":{"0":"post-668011","1":"post","2":"type-post","3":"status-publish","4":"format-standard","5":"has-post-thumbnail","7":"category-paris","8":"tag-actu","9":"tag-actu-paris","10":"tag-actualites","11":"tag-actualites-paris","12":"tag-eu","13":"tag-europe","14":"tag-fr","15":"tag-france","16":"tag-news","17":"tag-news-paris","18":"tag-paris","19":"tag-paris-news","20":"tag-republique-francaise"},"share_on_mastodon":{"url":"https:\/\/pubeurope.com\/@fr\/115905571406560563","error":""},"_links":{"self":[{"href":"https:\/\/www.europesays.com\/fr\/wp-json\/wp\/v2\/posts\/668011","targetHints":{"allow":["GET"]}}],"collection":[{"href":"https:\/\/www.europesays.com\/fr\/wp-json\/wp\/v2\/posts"}],"about":[{"href":"https:\/\/www.europesays.com\/fr\/wp-json\/wp\/v2\/types\/post"}],"author":[{"embeddable":true,"href":"https:\/\/www.europesays.com\/fr\/wp-json\/wp\/v2\/users\/2"}],"replies":[{"embeddable":true,"href":"https:\/\/www.europesays.com\/fr\/wp-json\/wp\/v2\/comments?post=668011"}],"version-history":[{"count":0,"href":"https:\/\/www.europesays.com\/fr\/wp-json\/wp\/v2\/posts\/668011\/revisions"}],"wp:featuredmedia":[{"embeddable":true,"href":"https:\/\/www.europesays.com\/fr\/wp-json\/wp\/v2\/media\/668012"}],"wp:attachment":[{"href":"https:\/\/www.europesays.com\/fr\/wp-json\/wp\/v2\/media?parent=668011"}],"wp:term":[{"taxonomy":"category","embeddable":true,"href":"https:\/\/www.europesays.com\/fr\/wp-json\/wp\/v2\/categories?post=668011"},{"taxonomy":"post_tag","embeddable":true,"href":"https:\/\/www.europesays.com\/fr\/wp-json\/wp\/v2\/tags?post=668011"}],"curies":[{"name":"wp","href":"https:\/\/api.w.org\/{rel}","templated":true}]}}