{"id":668021,"date":"2026-01-16T15:54:12","date_gmt":"2026-01-16T15:54:12","guid":{"rendered":"https:\/\/www.europesays.com\/fr\/668021\/"},"modified":"2026-01-16T15:54:12","modified_gmt":"2026-01-16T15:54:12","slug":"kiev-ferme-ses-ecoles-jusquen-fevrier-apres-les-attaques-russes-sur-le-reseau-energetique","status":"publish","type":"post","link":"https:\/\/www.europesays.com\/fr\/668021\/","title":{"rendered":"Kiev ferme ses \u00e9coles jusqu\u2019en f\u00e9vrier apr\u00e8s les attaques russes sur le r\u00e9seau \u00e9nerg\u00e9tique"},"content":{"rendered":"<p>\n    L\u2019administration municipale a indiqu\u00e9 qu\u2019\u00e0 compter de vendredi, elle mettrait en place des mesures visant \u00e0 r\u00e9duire la consommation d\u2019\u00e9lectricit\u00e9, notamment en limitant l\u2019\u00e9clairage public \u00e0 20% de sa puissance habituelle.<\/p>\n<p class=\"fig-paragraph\">Le maire de\u00a0<a href=\"http:\/\/www.lefigaro.fr\/international\/kiev-touchee-par-des-drones-russes-un-immeuble-de-16-etages-en-feu-20260114\" data-fig-type=\"NewsFlash\" data-gtm-custom-categorie=\"navigation\" data-gtm-custom-action=\"crossclick\" data-gtm-custom-label=\"Contextuel\" data-gtm-event=\"customEventSPE\" data-fig-domain=\"LEFIGARO\" target=\"_blank\" rel=\"noopener\">Kiev<\/a>, Vitali Klitschko, a annonc\u00e9 vendredi 16 janvier que les \u00e9coles de la capitale ukrainienne seraient ferm\u00e9es jusqu&rsquo;au 1er f\u00e9vrier, en pleine crise caus\u00e9e par de r\u00e9cents bombardements russes qui ont entra\u00een\u00e9\u00a0<a href=\"http:\/\/www.lefigaro.fr\/international\/ukraine-plus-de-800-immeubles-toujours-sans-chauffage-a-kiev-20260112\" data-fig-type=\"NewsFlash\" data-gtm-custom-categorie=\"navigation\" data-gtm-custom-action=\"crossclick\" data-gtm-custom-label=\"Contextuel\" data-gtm-event=\"customEventSPE\" data-fig-domain=\"LEFIGARO\" target=\"_blank\" rel=\"noopener\">des coupures de chauffage et de courant massives<\/a>.<\/p>\n<p class=\"fig-paragraph\">L&rsquo;administration municipale a \u00e9galement annonc\u00e9 qu&rsquo;elle instaurerait \u00e0 partir de vendredi des mesures pour \u00e9conomiser l&rsquo;\u00e9lectricit\u00e9, notamment en r\u00e9duisant l&rsquo;\u00e9clairage public des rues \u00e0 20% de ses capacit\u00e9s.<\/p>\n<p>                                            <a class=\"fig-a11y-skip\" href=\"#fig-a11y-skip-main-inarticle\" data-module=\"a11y-skip\" data-context=\"was @visible\"><br \/>\n    Passer la publicit\u00e9<br \/>\n<\/a>            <\/p>\n<p class=\"fig-paragraph\">Plus d\u2019informations \u00e0 venir&#8230;<\/p>\n","protected":false},"excerpt":{"rendered":"L\u2019administration municipale a indiqu\u00e9 qu\u2019\u00e0 compter de vendredi, elle mettrait en place des mesures visant \u00e0 r\u00e9duire la&hellip;\n","protected":false},"author":2,"featured_media":668022,"comment_status":"","ping_status":"","sticky":false,"template":"","format":"standard","meta":{"footnotes":""},"categories":[1590],"tags":[11,1122,893,1777,674,12,220],"class_list":{"0":"post-668021","1":"post","2":"type-post","3":"status-publish","4":"format-standard","5":"has-post-thumbnail","7":"category-ukraine","8":"tag-actualites","9":"tag-ecole","10":"tag-energie","11":"tag-eu","12":"tag-europe","13":"tag-news","14":"tag-ukraine"},"share_on_mastodon":{"url":"https:\/\/pubeurope.com\/@fr\/115905590963498513","error":""},"_links":{"self":[{"href":"https:\/\/www.europesays.com\/fr\/wp-json\/wp\/v2\/posts\/668021","targetHints":{"allow":["GET"]}}],"collection":[{"href":"https:\/\/www.europesays.com\/fr\/wp-json\/wp\/v2\/posts"}],"about":[{"href":"https:\/\/www.europesays.com\/fr\/wp-json\/wp\/v2\/types\/post"}],"author":[{"embeddable":true,"href":"https:\/\/www.europesays.com\/fr\/wp-json\/wp\/v2\/users\/2"}],"replies":[{"embeddable":true,"href":"https:\/\/www.europesays.com\/fr\/wp-json\/wp\/v2\/comments?post=668021"}],"version-history":[{"count":0,"href":"https:\/\/www.europesays.com\/fr\/wp-json\/wp\/v2\/posts\/668021\/revisions"}],"wp:featuredmedia":[{"embeddable":true,"href":"https:\/\/www.europesays.com\/fr\/wp-json\/wp\/v2\/media\/668022"}],"wp:attachment":[{"href":"https:\/\/www.europesays.com\/fr\/wp-json\/wp\/v2\/media?parent=668021"}],"wp:term":[{"taxonomy":"category","embeddable":true,"href":"https:\/\/www.europesays.com\/fr\/wp-json\/wp\/v2\/categories?post=668021"},{"taxonomy":"post_tag","embeddable":true,"href":"https:\/\/www.europesays.com\/fr\/wp-json\/wp\/v2\/tags?post=668021"}],"curies":[{"name":"wp","href":"https:\/\/api.w.org\/{rel}","templated":true}]}}