{"id":668031,"date":"2026-01-16T15:59:14","date_gmt":"2026-01-16T15:59:14","guid":{"rendered":"https:\/\/www.europesays.com\/fr\/668031\/"},"modified":"2026-01-16T15:59:14","modified_gmt":"2026-01-16T15:59:14","slug":"elles-ont-toujours-eu-leur-place-le-kick-boxing-se-vit-aussi-au-feminin-a-saint-brieuc","status":"publish","type":"post","link":"https:\/\/www.europesays.com\/fr\/668031\/","title":{"rendered":"\u00ab\u00a0Elles ont\u00a0toujours eu leur place\u00a0\u00bb\u00a0: le kick-boxing se vit aussi au f\u00e9minin \u00e0 Saint-Brieuc"},"content":{"rendered":"<p>Pendant des d\u00e9cennies, le kick-boxing a souffert d\u2019une image particuli\u00e8re, celle d\u2019un sport brutal, \u00ab\u00a0pens\u00e9 par et pour les hommes o\u00f9 les femmes n\u2019avaient rien \u00e0 faire\u00a0\u00bb. \u00c0 Saint-Brieuc, le KFB Boxing Club Briochin a pourtant choisi tr\u00e8s t\u00f4t de prendre le contre-pied.<\/p>\n<p>\u00ab\u00a0On \u00e9tait critiqu\u00e9s par nos voisins pour ce choix, \u00e0 l\u2019\u00e9poque. Aujourd\u2019hui, ceux qui nous ont point\u00e9s du doigt ont fini par accepter des filles dans leurs salles. Chez nous, elles ont toujours eu leur place\u00a0\u00bb, sourit Patrick L\u00e9pinay, fondateur du club. D\u00e8s 1997, \u00e0 l\u2019ouverture de la salle, les femmes y sont les bienvenues.<\/p>\n<p>Quand l\u2019exigence sur le ring l\u2019emporte sur le genre<\/p>\n<p>Parmi elles, Andr\u00e9a Le Bouhellec incarne parfaitement cet \u00e9tat d\u2019esprit. \u00c0 23 ans, la Briochine a repris les arts martiaux apr\u00e8s un premier parcours en karat\u00e9 light contact. Lyc\u00e9enne \u00e0 l\u2019\u00e9poque, <a href=\"https:\/\/www.letelegramme.fr\/morbihan\/lanester-56600\/span-classamorce-karatespan-andrea-le-bouhellec-championne-de-france-3449803.php\" target=\"_blank\" rel=\"noopener\">elle avait relev\u00e9 un double d\u00e9fi en obtenant, la m\u00eame ann\u00e9e, son baccalaur\u00e9at et sa ceinture noire<\/a>. Arriv\u00e9e en \u00e9tudes sup\u00e9rieures, elle s\u2019\u00e9loigne des tatamis, avant de renouer, peu apr\u00e8s, avec les sports de combat en d\u00e9couvrant le kick-boxing \u00e0 travers la pratique de son fr\u00e8re. \u00ab\u00a0Je suis venue \u00e0 plusieurs de ses combats. J\u2019ai accroch\u00e9 direct, et j\u2019ai saisi l\u2019opportunit\u00e9 de commencer la discipline, ici, dans une salle avec un beau palmar\u00e8s\u00a0\u00bb, raconte-t-elle, encore essouffl\u00e9e de son \u00e9chauffement.<\/p>\n<p><img decoding=\"async\" src=\"https:\/\/www.europesays.com\/fr\/wp-content\/uploads\/2026\/01\/696a5904362fde788c09a4b4.1.jpeg\" width=\"480\" height=\"300\" class=\"web_golden_m\" loading=\"lazy\" alt=\"Ancienne championne de France de karat\u00e9, Andrea Le Bouhellec, combattante de 23 ans au KFB Boxing Club Briochin, sera sur la carte amateur de la 11e \u00e9dition de l\u2019\u00c9lite Fight face Lucie Chevrette.\"\/>Ancienne championne de France de karat\u00e9, Andrea Le Bouhellec, combattante de 23 ans au KFB Boxing Club Briochin, sera sur la carte amateur de la 11e \u00e9dition de l\u2019\u00c9lite Fight face Lucie Chevrette. (Le T\u00e9l\u00e9gramme\/Maxime Cosmai)<\/p>\n<p>Elle pr\u00e9f\u00e8re d\u2019ailleurs s\u2019entra\u00eener avec les gar\u00e7ons. \u00ab\u00a0C\u2019est la meilleure des mani\u00e8res de s\u2019habituer \u00e0 l\u2019impact. Apr\u00e8s, on a moins peur, on apprend \u00e0 encaisser plus vite et on progresse davantage\u00a0\u00bb. Pour celle qui combattra <a href=\"https:\/\/www.letelegramme.fr\/cotes-d-armor\/saint-brieuc-22000\/a-saint-brieuc-lelite-fight-11-revient-avec-son-edition-la-plus-relevee-le-17-janvier-6960739.php\" target=\"_blank\" rel=\"noopener\">sur la carte amateur de l\u2019\u00c9lite Fight 11<\/a>, ce samedi 17 janvier \u00e0 Steredenn, la mixit\u00e9 dans la salle est un avantage.<\/p>\n<p>Le haut niveau et la reconnaissance<\/p>\n<p>Le KFB Boxing Club Briochin ne se contente pas de former des combattantes locales. Il leur offre aussi une v\u00e9ritable vitrine sportive. \u00c0 l\u2019occasion du gala du club, l\u2019organisation a fait le choix fort de monter un tournoi f\u00e9minin professionnel, volontairement ax\u00e9 sur le haut niveau, avec des championnes fran\u00e7aises et internationales.<\/p>\n<p><img decoding=\"async\" src=\"https:\/\/www.europesays.com\/fr\/wp-content\/uploads\/2026\/01\/696a5903d9eaaaf27f027802.1.jpeg\" width=\"480\" height=\"300\" class=\"web_golden_m\" loading=\"lazy\" alt=\"Ancienne championne de France de karat\u00e9, Andrea Le Bouhellec, combattante de 23 ans, s\u2019entra\u00eene au KFB Boxing Club Briochin.\"\/>Ancienne championne de France de karat\u00e9, Andrea Le Bouhellec, combattante de 23 ans, s\u2019entra\u00eene au KFB Boxing Club Briochin. (Le T\u00e9l\u00e9gramme\/Maxime Cosmai)<\/p>\n<p>Ici, les combats f\u00e9minins ne sont pas pens\u00e9s pour meubler une carte pour une soir\u00e9e de combats, loin de l\u00e0\u2026 \u00ab\u00a0Le sport f\u00e9minin est au m\u00eame niveau d\u2019exigence et de cr\u00e9dibilit\u00e9 que le sport masculin\u00a0\u00bb, insiste Patrick L\u00e9pinay, organisateur de l\u2019\u00e9v\u00e9nement. Sur le ring, encore plus qu\u2019ailleurs, il n\u2019y a ni pr\u00e9jug\u00e9s ni piti\u00e9\u00a0: seule la combattante compte.<\/p>\n<p>Une r\u00e9alit\u00e9 d\u00e9j\u00e0 incarn\u00e9e par plusieurs figures pass\u00e9es par le club briochin, comme Lucie Urvoy ou <a href=\"https:\/\/www.letelegramme.fr\/cotes-d-armor\/saint-brieuc-22000\/spanplace-aux-jeunesspan-audrey-ravoula-championne-de-boxe-2201465.php\" target=\"_blank\" rel=\"noopener\">Audrey Ravoula<\/a>, toutes les deux s\u00e9lectionn\u00e9es en \u00e9quipe de France, ou encore Sarah Guelmani, titr\u00e9e en tant que championne de France. Aujourd\u2019hui, les femmes repr\u00e9sentent pr\u00e8s de 40\u00a0% des licenci\u00e9s du club, \u00ab\u00a0un chiffre en constante progression confirmant la mont\u00e9e en puissance du kick-boxing f\u00e9minin\u00a0\u00bb, affirme le coach briochin.<\/p>\n<p>Les combats de la soir\u00e9e<\/p>\n<p>Trois combats amateurs \u00e0 partir de 19\u00a0h\u00a030\u00a0: K-1 &#8211; Style Junior en -71 kg, Curtis Palcro (KFB Briochin) &#8211; Bakur Gabuna (Monkey Gym Rennes). K-1 &#8211; Styles Seniors B\u00a0: + 91 kg, S\u00e9bastien Auda (BC Redon) &#8211; Josner Delices (KFB Clichy). K-1 &#8211; Style Seniors Femmes en &#8211; 65 kg, Andr\u00e9a Le Bouhellec (KFB Briochin) &#8211; Lucie Chevrette (Monkey Gym Rennes 35).<\/p>\n<p>Chez les professionnels, tournoi F\u00e9minin K-1 &#8211; Style Seniors Femmes en &#8211; 56 kg, avec quatre combattantes\u00a0: Michelle Krumpietz (Allemagne), Sofia Oliveira (Portugal), Nehir Karacaoglu (Italie), Sanah Zerdoudi (France). K-1 Style Pro &#8211; Seniors Hommes en &#8211; 63 kg, Adil Mangouchi (Team Mangouchi, 59) &#8211; Gabin Kamdoum (BC La Riche Tours, 37)\u00a0; en &#8211; 67 kg, Vincent Naxos (\u00cele de La R\u00e9union) &#8211; Vasco Pinto (Portugal)\u00a0; en -61 kg, Nicolas Hulin (France) &#8211; Spyros Mentis (Gr\u00e8ce)\u00a0; en &#8211; 76 kg, Madick\u00e9 Kamara (Les Mureaux) &#8211; Garry Rollier (BC Courcouonnais)\u00a0; en &#8211; 78 kg, Johnny Gauvin (La R\u00e9union) &#8211; Prewa Padabadi (Club Climax, 69).<\/p>\n<p>Co-Main Event\u00a0: championnat d\u2019Europe K-1 style Iska en &#8211; 61 kg, Allan Diaz (France) &#8211; Ention Mouchai (Gr\u00e8ce).<\/p>\n<p>Main Event\u00a0: championnat du monde K-1 style Iska -70 kg, Lissandre Mercier (France) &#8211; Andres Casado (Espagne).<\/p>\n<p><strong>Pratique<\/strong><\/p>\n<p class=\"note\">Elite Fight, ce samedi 17 janvier \u00e0 Steredenn \u00e0 Saint-Brieuc. Ouverture des portes \u00e0 19\u00a0h. Restauration et buvette sur place. Tarifs\u00a0: salon business + gradin, 65 \u20ac\u00a0; tribune 20 \u20ac\u00a0; -12 ans, 10 \u20ac. Billetterie\u00a0: sur <a href=\"https:\/\/yp.events\/a2b1b40e-e02a-4d28-ad05-2d5f5eddd793\/ELITE-FIGHT-11\/ticketing\" title=\"yp.events\" target=\"_blank\" rel=\"noopener\">yp.events<\/a><\/p>\n","protected":false},"excerpt":{"rendered":"Pendant des d\u00e9cennies, le kick-boxing a souffert d\u2019une image particuli\u00e8re, celle d\u2019un sport brutal, \u00ab\u00a0pens\u00e9 par et pour&hellip;\n","protected":false},"author":2,"featured_media":668032,"comment_status":"","ping_status":"","sticky":false,"template":"","format":"standard","meta":{"footnotes":""},"categories":[1586],"tags":[11,13740,1777,674,1779,1011,27,12,25,4937,60,1778,364],"class_list":{"0":"post-668031","1":"post","2":"type-post","3":"status-publish","4":"format-standard","5":"has-post-thumbnail","7":"category-europe","8":"tag-actualites","9":"tag-boxe","10":"tag-eu","11":"tag-europe","12":"tag-european-union","13":"tag-fr","14":"tag-france","15":"tag-news","16":"tag-republique-francaise","17":"tag-saint-brieuc","18":"tag-sports","19":"tag-ue","20":"tag-union-europeenne"},"share_on_mastodon":{"url":"https:\/\/pubeurope.com\/@fr\/115905610804701791","error":""},"_links":{"self":[{"href":"https:\/\/www.europesays.com\/fr\/wp-json\/wp\/v2\/posts\/668031","targetHints":{"allow":["GET"]}}],"collection":[{"href":"https:\/\/www.europesays.com\/fr\/wp-json\/wp\/v2\/posts"}],"about":[{"href":"https:\/\/www.europesays.com\/fr\/wp-json\/wp\/v2\/types\/post"}],"author":[{"embeddable":true,"href":"https:\/\/www.europesays.com\/fr\/wp-json\/wp\/v2\/users\/2"}],"replies":[{"embeddable":true,"href":"https:\/\/www.europesays.com\/fr\/wp-json\/wp\/v2\/comments?post=668031"}],"version-history":[{"count":0,"href":"https:\/\/www.europesays.com\/fr\/wp-json\/wp\/v2\/posts\/668031\/revisions"}],"wp:featuredmedia":[{"embeddable":true,"href":"https:\/\/www.europesays.com\/fr\/wp-json\/wp\/v2\/media\/668032"}],"wp:attachment":[{"href":"https:\/\/www.europesays.com\/fr\/wp-json\/wp\/v2\/media?parent=668031"}],"wp:term":[{"taxonomy":"category","embeddable":true,"href":"https:\/\/www.europesays.com\/fr\/wp-json\/wp\/v2\/categories?post=668031"},{"taxonomy":"post_tag","embeddable":true,"href":"https:\/\/www.europesays.com\/fr\/wp-json\/wp\/v2\/tags?post=668031"}],"curies":[{"name":"wp","href":"https:\/\/api.w.org\/{rel}","templated":true}]}}