{"id":668042,"date":"2026-01-16T16:10:10","date_gmt":"2026-01-16T16:10:10","guid":{"rendered":"https:\/\/www.europesays.com\/fr\/668042\/"},"modified":"2026-01-16T16:10:10","modified_gmt":"2026-01-16T16:10:10","slug":"conditions-apocalyptiques-hallucinations-derniere-nuit-terrible-sebastien-raichon-raconte-son-exploit-a-la-spin-race","status":"publish","type":"post","link":"https:\/\/www.europesays.com\/fr\/668042\/","title":{"rendered":"Conditions \u00abapocalyptiques\u00bb, hallucinations, \u00abderni\u00e8re nuit terrible\u00bb&#8230; S\u00e9bastien Raichon raconte son exploit \u00e0 la Spin Race"},"content":{"rendered":"<p>\n    <strong>ENTRETIEN &#8211; <\/strong>L\u2019aventurier est revenu pour Le Figaro sur sa victoire, jeudi, dans l\u2019un des ultra-trails les plus relev\u00e9s de la plan\u00e8te disput\u00e9 dans des conditions \u00e9pouvantables.<\/p>\n<p class=\"fig-paragraph\">Le lendemain\u00a0<a href=\"http:\/\/www.lefigaro.fr\/flash-sport\/ultra-trail-coup-de-theatre-et-exploit-de-sebastien-raichon-dans-la-brutale-spin-race-20260115\" data-fig-type=\"NewsFlash\" data-gtm-custom-categorie=\"navigation\" data-gtm-custom-action=\"crossclick\" data-gtm-custom-label=\"Contextuel\" data-gtm-event=\"customEventSPE\" data-fig-domain=\"LEFIGARO\" target=\"_blank\" rel=\"noopener\">de son exploit sur la Spin Race<\/a>, une course de 431 km en Grande-Bretagne, S\u00e9bastien Raichon est de retour en France. \u00c0 l\u2019a\u00e9roport \u00e0 Paris, avant de rentrer sur Avignon, l\u2019ultra-traileur a pris le temps de nous raconter son aventure, un peu fatigu\u00e9. \u00abLe plus dur fut de porter mon sac \u00e0 l\u2019a\u00e9roport, prendre l\u2019avion. La course \u00e0 c\u00f4t\u00e9, c\u2019\u00e9tait facile\u00a0!\u00bb, l\u00e2che-t-il en plaisantant avant de reconna\u00eetre\u00a0: \u00abJ\u2019ai besoin de r\u00e9cup\u00e9rer, retrouver mon po\u00eale et mon canap\u00e9 car j\u2019ai termin\u00e9 la course avec une inflammation au genou ant\u00e9rieur. Et comme souvent, les douleurs masqu\u00e9es pendant l\u2019effort rejaillissent plus fort apr\u00e8s.\u00bb<\/p>\n<p class=\"fig-paragraph\"><strong>S\u00e9bastien, la Spin Race se d\u00e9crit comme l\u2019\u00e9preuve \u00abla plus brutale\u00bb de Grande-Bretagne et l\u2019une des courses d\u2019ultrafond les plus difficiles au monde. Apr\u00e8s l\u2019avoir remport\u00e9e, confirmez-vous\u00a0?<\/strong><br \/>Oui\u00a0! Elle a tenu toutes ses promesses d\u2019\u00eatre l\u2019une des courses les plus dures au monde. J\u2019ai rarement \u00e9t\u00e9 dans une situation pareille aussi longtemps (96 heures, NDLR). Il y a eu des \u00e9ditions plus rapides, avec un sol dur parce qu\u2019il faisait froid mais nous avons eu cette ann\u00e9e un sol interm\u00e9diaire avec toutes les conditions m\u00e9t\u00e9o. Il passait de verglac\u00e9 \u00e0 boueux dans des zones de tourbi\u00e8res avec de la neige et de la pluie&#8230;. Il y a m\u00eame eu des p\u00e9riodes un peu catastrophiques avec deux ou trois degr\u00e9s et de la pluie glaciale. J\u2019en ai eu pour mon argent\u00a0! \u00c7a a \u00e9t\u00e9 tr\u00e8s brutal.<\/p>\n<p>                                            <a class=\"fig-a11y-skip\" href=\"#fig-a11y-skip-main-inarticle\" data-module=\"a11y-skip\" data-context=\"was @visible\"><br \/>\n    Passer la publicit\u00e9<br \/>\n<\/a>            <\/p>\n<p class=\"fig-paragraph\"><strong>Comment aviez-vous construit votre strat\u00e9gie de course\u00a0?\u00a0<\/strong><br \/>J\u2019ai fait une course d\u2019attente alors que c\u2019est parti super vite. Je n\u2019ai pas le niveau physique des jeunes qui partent tr\u00e8s rapidement (il a 52 ans, NDLR). Je ne suis pas un coureur, plut\u00f4t un aventurier au long cours. J\u2019ai pris mon mal en patience et j\u2019\u00e9tais serein. De toute fa\u00e7on, j\u2019\u00e9tais l\u00e0 pour vivre une aventure, je n\u2019\u00e9tais pas venu pour gagner. M\u00eame si je suis comp\u00e9titeur et que je regardais mon classement, bien s\u00fbr&#8230;<\/p>\n<blockquote class=\"fig-quote&#10;    \">\n<p class=\"fig-quote__text\">Il \u00e9tait allong\u00e9 dans une couverture de survie, choy\u00e9 par les b\u00e9n\u00e9voles mais au bout de sa vie.<\/p>\n<p>            S\u00e9bastien Raichon\n    <\/p><\/blockquote>\n<p class=\"fig-paragraph\"><strong>Et il y a eu ce rebondissement \u00e0 30 km de l\u2019arriv\u00e9e lorsque Eugeni Roselio Sol\u00e9, la \u00abmachine\u00bb espagnole a craqu\u00e9&#8230; Comment l\u2019avez-vous appris\u00a0?<\/strong><br \/>Il a fait une course impressionnante. J\u2019\u00e9tais dans un deuxi\u00e8me peloton et j\u2019ai remont\u00e9 petit \u00e0 petit avec les abandons, jusqu\u2019\u00e0 me retrouver sur le podium, puis deuxi\u00e8me. J\u2019y ai cru. Je me suis dit qu\u2019il en restait un \u00e0 aller chercher et puis il a fini par c\u00e9der dans la temp\u00eate. Avec mon t\u00e9l\u00e9phone, de temps en temps, je faisais un petit point classement quand j\u2019ai vu qu\u2019il \u00e9tait affich\u00e9 en noir. Abandon\u00a0! Je suis mont\u00e9 et je l\u2019ai retrouv\u00e9 dans une cabane, \u00e0 800 m\u00e8tres mais on avait des conditions de haute montagne. Il \u00e9tait allong\u00e9 dans une couverture de survie, choy\u00e9 par les b\u00e9n\u00e9voles mais au bout de sa vie. Il avait trop forc\u00e9 dans la fatigue, dans le non-sommeil. Je pense qu\u2019il a mal g\u00e9r\u00e9 sa fin de course. Il m\u2019a fait un beau cadeau et moi, je, je suis reparti dans la temp\u00eate mais la derni\u00e8re nuit a \u00e9t\u00e9 terrible.<\/p>\n<p>    S\u00e9bastien Raichon \u00e0 l\u2019arriv\u00e9e de la Spin Race.<br \/>\n                Spin Race<\/p>\n<p class=\"fig-paragraph\"><strong>Quel a \u00e9t\u00e9 le moment le plus difficile\u00a0?\u00a0<\/strong><br \/>C\u2019\u00e9tait la premi\u00e8re ou deuxi\u00e8me nuit, je sais plus (rires). Il faut que je me remette les id\u00e9es en place (apr\u00e8s la premi\u00e8re nuit, pr\u00e8s d\u2019un tiers des participants a abandonn\u00e9, NDLR) mais j\u2019avoue que la derni\u00e8re nuit a \u00e9t\u00e9 terrible. Je n\u2019avais pas trop souffert jusque-l\u00e0 mais ce fut une \u00e9norme \u00e9preuve. En 96 heures, je n\u2019ai dormi que quatre heures. La derni\u00e8re heure, j\u2019\u00e9tais dans la temp\u00eate, je ne pouvais absolument pas m\u2019arr\u00eater. Je tenais \u00e0 peine debout, dans le vent, pour rejoindre la deuxi\u00e8me cabane. C\u2019\u00e9tait la porte de sortie de la montagne avant la descente vers l\u2019arriv\u00e9e. J\u2019\u00e9tais \u00e9puis\u00e9.<\/p>\n<p class=\"fig-paragraph\"><strong>Avec quatre heures de sommeil, y a-t-il eu des hallucinations\u00a0?\u00a0<\/strong><br \/>Oui. C\u2019\u00e9tait rigolo parce que la derni\u00e8re nuit, j\u2019ai aper\u00e7u des traces de pas de b\u00e9n\u00e9voles dans la neige. Or je voyais des guirlandes, des visages au sol. \u00e7a a r\u00e9ussi \u00e0 me distraire. Mais j\u2019\u00e9tais encore lucide heureusement.<\/p>\n<p class=\"fig-paragraph\"><strong>Quel fut le meilleur souvenir de cette travers\u00e9e\u00a0?\u00a0<\/strong><br \/>L\u2019avant-dernier jour, le mercredi, on a eu une journ\u00e9e sans pluie. Et m\u00eame un lever de soleil absolument magnifique le long du mur d\u2019Hadrien. Ce mur, c\u2019est grandiose, comme la Pennine Way, ce sentier historique qu\u2019on conna\u00eet mal ici. C\u2019est quelque chose \u00e0 voir, vraiment je le conseille.<\/p>\n<p>                                            <a class=\"fig-a11y-skip\" href=\"#fig-a11y-skip-main-inarticle_mtf\" data-module=\"a11y-skip\" data-context=\"was @visible\"><br \/>\n    Passer la publicit\u00e9<br \/>\n<\/a>            <\/p>\n<p class=\"fig-paragraph\"><strong>Vous avez tent\u00e9 la mythique Barkley, remport\u00e9 sa \u00abs\u0153ur jumelle\u00bb fran\u00e7aise, la Terminorum et vaincu la Spin Race. Laquelle de ces trois courses fut la plus difficile\u00a0?\u00a0<\/strong><br \/>La Spin Race je pense car c\u2019est plus long que la Barclay et nous avons eu des conditions m\u00e9t\u00e9o apocalyptiques. Il a fallu g\u00e9rer \u00e7a et je suis assez fier de l\u2019avoir bien fait. La Terminorum, je l\u2019avais tr\u00e8s bien v\u00e9cue. J\u2019avais de la marge. La Spin Race a \u00e9t\u00e9 un cran au-dessus.<\/p>\n<p class=\"fig-paragraph\"><strong>Vous y reviendrez\u00a0?<\/strong><br \/>Peut-\u00eatre. Ils organisent effectivement une Spin Race version arctique. J\u2019avoue que depuis que Mathieu Blanchard a fait la Yukon Arctic Ultra (<a href=\"http:\/\/www.lefigaro.fr\/sports\/autres-sports\/608-km-en-moins-de-8-jours-dans-un-froid-glacial-l-exploit-majuscule-de-mathieu-blanchard-en-ultra-trail-20250211\" data-fig-type=\"NewsFlash\" data-gtm-custom-categorie=\"navigation\" data-gtm-custom-action=\"crossclick\" data-gtm-custom-label=\"Contextuel\" data-gtm-event=\"customEventSPE\" data-fig-domain=\"LEFIGARO\" target=\"_blank\" rel=\"noopener\">608 km en 2025<\/a>, NDLR), c\u2019est quelque chose qui m\u2019attire. J\u2019ai envie de d\u00e9couvrir des nouveaux territoires et faire de nouvelles aventures. J\u2019ai l\u2019intention d\u2019aller un peu plus au nord&#8230;<\/p>\n<p class=\"fig-paragraph\"><strong>Quels sont vos prochains objectifs cette ann\u00e9e\u00a0?\u00a0<\/strong><br \/>Me reposer\u00a0! Derri\u00e8re, j\u2019ai un gros programme. Je vais tenter la travers\u00e9e des Pyr\u00e9n\u00e9es en mode record, une course d\u2019UTMB fin ao\u00fbt, la PTL et les Championnats du monde de raid-aventure en Corse au mois d\u2019octobre.<\/p>\n","protected":false},"excerpt":{"rendered":"ENTRETIEN &#8211; L\u2019aventurier est revenu pour Le Figaro sur sa victoire, jeudi, dans l\u2019un des ultra-trails les plus&hellip;\n","protected":false},"author":2,"featured_media":668043,"comment_status":"","ping_status":"","sticky":false,"template":"","format":"standard","meta":{"footnotes":""},"categories":[1411],"tags":[2466,2465,2464,1977,1981,451,1154,207,2468,63,1454,1011,27,66,447,2467,1457,2182,1980,479,2259,60,1467],"class_list":{"0":"post-668042","1":"post","2":"type-post","3":"status-publish","4":"format-standard","5":"has-post-thumbnail","7":"category-cyclisme","8":"tag-2466","9":"tag-actu-sport","10":"tag-actualite-sportive","11":"tag-auto","12":"tag-classement","13":"tag-coupe-du-monde","14":"tag-cycling","15":"tag-cyclisme","16":"tag-euro-foot","17":"tag-football","18":"tag-formule-1","19":"tag-fr","20":"tag-france","21":"tag-ligue-1","22":"tag-ligue-des-champions","23":"tag-live-sport","24":"tag-moto","25":"tag-nba","26":"tag-resultats","27":"tag-rugby","28":"tag-score","29":"tag-sports","30":"tag-tennis"},"share_on_mastodon":{"url":"https:\/\/pubeurope.com\/@fr\/115905653930837691","error":""},"_links":{"self":[{"href":"https:\/\/www.europesays.com\/fr\/wp-json\/wp\/v2\/posts\/668042","targetHints":{"allow":["GET"]}}],"collection":[{"href":"https:\/\/www.europesays.com\/fr\/wp-json\/wp\/v2\/posts"}],"about":[{"href":"https:\/\/www.europesays.com\/fr\/wp-json\/wp\/v2\/types\/post"}],"author":[{"embeddable":true,"href":"https:\/\/www.europesays.com\/fr\/wp-json\/wp\/v2\/users\/2"}],"replies":[{"embeddable":true,"href":"https:\/\/www.europesays.com\/fr\/wp-json\/wp\/v2\/comments?post=668042"}],"version-history":[{"count":0,"href":"https:\/\/www.europesays.com\/fr\/wp-json\/wp\/v2\/posts\/668042\/revisions"}],"wp:featuredmedia":[{"embeddable":true,"href":"https:\/\/www.europesays.com\/fr\/wp-json\/wp\/v2\/media\/668043"}],"wp:attachment":[{"href":"https:\/\/www.europesays.com\/fr\/wp-json\/wp\/v2\/media?parent=668042"}],"wp:term":[{"taxonomy":"category","embeddable":true,"href":"https:\/\/www.europesays.com\/fr\/wp-json\/wp\/v2\/categories?post=668042"},{"taxonomy":"post_tag","embeddable":true,"href":"https:\/\/www.europesays.com\/fr\/wp-json\/wp\/v2\/tags?post=668042"}],"curies":[{"name":"wp","href":"https:\/\/api.w.org\/{rel}","templated":true}]}}