{"id":668052,"date":"2026-01-16T16:16:10","date_gmt":"2026-01-16T16:16:10","guid":{"rendered":"https:\/\/www.europesays.com\/fr\/668052\/"},"modified":"2026-01-16T16:16:10","modified_gmt":"2026-01-16T16:16:10","slug":"aux-cotes-detienne-daho-thomas-dutronc-rend-hommage-a-sa-maman-francoise-hardy-dans-un-lieu-tres-symbolique","status":"publish","type":"post","link":"https:\/\/www.europesays.com\/fr\/668052\/","title":{"rendered":"Aux c\u00f4t\u00e9s d&rsquo;\u00c9tienne Daho, Thomas Dutronc rend hommage \u00e0 sa maman Fran\u00e7oise Hardy dans un lieu tr\u00e8s symbolique"},"content":{"rendered":"<p>Fran\u00e7oise Hardy avait ses habitudes dans le IXe arrondissement de Paris. C\u2019est celui qui l\u2019a vu na\u00eetre dans la soir\u00e9e du 17\u00a0janvier 1944, au sein de la clinique Marie-Louise du 3 cit\u00e9 Malesherbes alors qu\u2019une alerte \u00e0 la bombe retentissait. <a href=\"https:\/\/www.parismatch.com\/culture\/musique\/francoise-hardy-lidole-des-sixties-est-morte-lage-de-80-ans-238216\" target=\"_blank\" rel=\"noopener\">Son d\u00e9c\u00e8s, le 11\u00a0juin 2024<\/a>, a plong\u00e9 les habitants de la rue des Martyrs, du quartier de Rochechouart ou de la Nouvelle Ath\u00e8nes dans le deuil. Deux ans plus tard, lorsque son fils <a href=\"https:\/\/www.parismatch.com\/bio\/thomas-dutronc\" target=\"_blank\" rel=\"noopener\">Thomas Dutronc<\/a> a d\u00e9cid\u00e9 de lui rendre un nouvel hommage, il a opt\u00e9 pour une plaque comm\u00e9morative, d\u00e9voil\u00e9e la veille de ce qui aurait \u00e9t\u00e9 son 82e anniversaire.<\/p>\n<p>Sans surprise, c\u2019est au c\u0153ur de cet arrondissement qu\u2019il a choisi de faire installer cette plaque, rue d\u2019Aumale, o\u00f9 la chanteuse avait grandi. Ces mots ont \u00e9t\u00e9 grav\u00e9s dans la pierre\u00a0: \u00ab\u00a0Fran\u00e7oise Hardy (1944-2024) Chanteuse, auteure-compositrice, ic\u00f4ne de la chanson fran\u00e7aise. L\u00e9gende du\u00a0\u00bb y\u00e9y\u00e9 \u00ab, elle fit r\u00e9sonner la m\u00e9lancolie et l\u2019\u00e9l\u00e9gance d\u2019une \u00e9poque.\u00a0\u00bb<\/p>\n<p>    La suite apr\u00e8s cette publicit\u00e9<\/p>\n<p>Fran\u00e7oise Hardy immortalis\u00e9e<\/p>\n<p>Le d\u00e9voilement de la plaque s\u2019est d\u00e9roul\u00e9e dans la matin\u00e9e de ce vendredi 16\u00a0janvier, en pr\u00e9sence d\u2019une poign\u00e9e de personnalit\u00e9s proches de la famille. La maire du IXe arrondissement, Delphine B\u00fcrkli, est rest\u00e9e aux c\u00f4t\u00e9s de Thomas Dutronc, tout comme le chanteur \u00c9tienne Daho mais \u00e9galement Jean-Marie P\u00e9rier, <a href=\"https:\/\/www.parismatch.com\/people\/en-images-francoise-hardy-et-jean-marie-perier-une-histoire-damour-et-dinfluence-238472\" target=\"_blank\" rel=\"noopener\">le photographe et ancien amour de Fran\u00e7oise Hardy<\/a>. Dans le silence, plusieurs fans se sont m\u00eal\u00e9s \u00e0 la petite r\u00e9ception, rendant hommage \u00e0 leur tour \u00e0 celle qui \u00e9tait aussi leur voisine.<\/p>\n","protected":false},"excerpt":{"rendered":"Fran\u00e7oise Hardy avait ses habitudes dans le IXe arrondissement de Paris. C\u2019est celui qui l\u2019a vu na\u00eetre dans&hellip;\n","protected":false},"author":2,"featured_media":668053,"comment_status":"","ping_status":"","sticky":false,"template":"","format":"standard","meta":{"footnotes":""},"categories":[1355],"tags":[58,59,1011,27,1361,873],"class_list":{"0":"post-668052","1":"post","2":"type-post","3":"status-publish","4":"format-standard","5":"has-post-thumbnail","7":"category-musique","8":"tag-divertissement","9":"tag-entertainment","10":"tag-fr","11":"tag-france","12":"tag-music","13":"tag-musique"},"share_on_mastodon":{"url":"https:\/\/pubeurope.com\/@fr\/115905677677102562","error":""},"_links":{"self":[{"href":"https:\/\/www.europesays.com\/fr\/wp-json\/wp\/v2\/posts\/668052","targetHints":{"allow":["GET"]}}],"collection":[{"href":"https:\/\/www.europesays.com\/fr\/wp-json\/wp\/v2\/posts"}],"about":[{"href":"https:\/\/www.europesays.com\/fr\/wp-json\/wp\/v2\/types\/post"}],"author":[{"embeddable":true,"href":"https:\/\/www.europesays.com\/fr\/wp-json\/wp\/v2\/users\/2"}],"replies":[{"embeddable":true,"href":"https:\/\/www.europesays.com\/fr\/wp-json\/wp\/v2\/comments?post=668052"}],"version-history":[{"count":0,"href":"https:\/\/www.europesays.com\/fr\/wp-json\/wp\/v2\/posts\/668052\/revisions"}],"wp:featuredmedia":[{"embeddable":true,"href":"https:\/\/www.europesays.com\/fr\/wp-json\/wp\/v2\/media\/668053"}],"wp:attachment":[{"href":"https:\/\/www.europesays.com\/fr\/wp-json\/wp\/v2\/media?parent=668052"}],"wp:term":[{"taxonomy":"category","embeddable":true,"href":"https:\/\/www.europesays.com\/fr\/wp-json\/wp\/v2\/categories?post=668052"},{"taxonomy":"post_tag","embeddable":true,"href":"https:\/\/www.europesays.com\/fr\/wp-json\/wp\/v2\/tags?post=668052"}],"curies":[{"name":"wp","href":"https:\/\/api.w.org\/{rel}","templated":true}]}}