{"id":668056,"date":"2026-01-16T16:18:18","date_gmt":"2026-01-16T16:18:18","guid":{"rendered":"https:\/\/www.europesays.com\/fr\/668056\/"},"modified":"2026-01-16T16:18:18","modified_gmt":"2026-01-16T16:18:18","slug":"les-aliments-ultra-transformes-bientot-interdits-a-la-cantine","status":"publish","type":"post","link":"https:\/\/www.europesays.com\/fr\/668056\/","title":{"rendered":"Les aliments ultra-transform\u00e9s bient\u00f4t interdits \u00e0 la cantine ?"},"content":{"rendered":"<p>             <a href=\"https:\/\/ma-sante.news\/wp-content\/uploads\/2026\/01\/Sodas-snacks-desserts-aliments-ultra-transformes-bientot-interdits-en-restauration-collective-Ma-Sante.jpg\" data-caption=\"L\u2019Anses rappelle que certains additifs fr\u00e9quemment utilis\u00e9s dans les aliments ultra-transform\u00e9s, comme les nitrites, sont class\u00e9s canc\u00e9rog\u00e8nes probables par le CIRC. \u00a9 Freepik\" target=\"_blank\" rel=\"noopener\"><img loading=\"lazy\" decoding=\"async\" width=\"696\" height=\"464\" class=\"entry-thumb td-modal-image ewww_webp_lazy_load\" src=\"data:image\/svg+xml,%3Csvg%20xmlns=\" http:=\"\" data-lazy- data-lazy- alt=\"Un homme qui travaille dans l'agroalimentaire et produit des aliments ultra-transform\u00e9s \u00e0 destination de la restauration collective.\" title=\"Sodas, snacks, desserts aliments ultra transforme\u0301s biento\u0302t interdits en restauration collective Ma Sante\u0301\" data-lazy-src=\"https:\/\/www.europesays.com\/fr\/wp-content\/uploads\/2026\/01\/Sodas-snacks-desserts-aliments-ultra-transformes-bientot-interdits-en-restauration-collective-Ma-San.jpeg\" data-lazy-src-webp=\"https:\/\/www.europesays.com\/fr\/wp-content\/uploads\/2026\/01\/Sodas-snacks-desserts-aliments-ultra-transformes-bientot-interdits-en-restauration-collective-Ma-San.jpeg.webp\" data-lazy-srcset-webp=\"https:\/\/www.europesays.com\/fr\/wp-content\/uploads\/2026\/01\/Sodas-snacks-desserts-aliments-ultra-transformes-bientot-interdits-en-restauration-collective-Ma-San.jpeg.webp 696w, https:\/\/ma-sante.news\/wp-content\/uploads\/2026\/01\/Sodas-snacks-desserts-aliments-ultra-transformes-bientot-interdits-en-restauration-collective-Ma-Sante-300x200.jpg.webp 300w, https:\/\/ma-sante.news\/wp-content\/uploads\/2026\/01\/Sodas-snacks-desserts-aliments-ultra-transformes-bientot-interdits-en-restauration-collective-Ma-Sante-768x512.jpg.webp 768w, https:\/\/ma-sante.news\/wp-content\/uploads\/2026\/01\/Sodas-snacks-desserts-aliments-ultra-transformes-bientot-interdits-en-restauration-collective-Ma-Sante-630x420.jpg.webp 630w, https:\/\/ma-sante.news\/wp-content\/uploads\/2026\/01\/Sodas-snacks-desserts-aliments-ultra-transformes-bientot-interdits-en-restauration-collective-Ma-Sante.jpg.webp 800w\"\/><\/a>L\u2019Anses rappelle que certains additifs fr\u00e9quemment utilis\u00e9s dans les aliments ultra-transform\u00e9s, comme les nitrites, sont class\u00e9s canc\u00e9rog\u00e8nes probables par le CIRC. \u00a9 Freepik                                    \t\t\t             <a class=\"gofollow\" data-track=\"MjgsMCw2MA==\" href=\"https:\/\/ma-sante.news\/inscrivez-vous-a-notre-newsletter\/\" target=\"_blank\" rel=\"noopener\"><img loading=\"lazy\" decoding=\"async\" width=\"1068\" height=\"131\" src=\"data:image\/svg+xml,%3Csvg%20xmlns=\" http:=\"\" data-lazy-src=\"https:\/\/www.europesays.com\/fr\/wp-content\/uploads\/2025\/03\/banniere-newsletter.png\"\/><\/a> <\/p>\n<p><a href=\"https:\/\/ma-sante.news\/sante-au-travail-au-bureau-stop-a-la-malbouffe\/\" target=\"_blank\" rel=\"noopener\">Plats industriels<\/a>, c\u00e9r\u00e9ales du petit d\u00e9jeuner, snacks, sodas ou encore yaourts aromatis\u00e9s font partie de ces aliments pass\u00e9s par de nombreuses \u00e9tapes de transformation industrielle. <a href=\"https:\/\/ma-sante.news\/additifs-alimentaires-augmentent-ils-vraiment-les-risque-de-cancer-et-de-diabete\/\" target=\"_blank\" rel=\"noopener\">Ils contiennent fr\u00e9quemment des additifs, des ar\u00f4mes ou des conservateurs<\/a> destin\u00e9s \u00e0 prolonger leur dur\u00e9e de conservation, \u00e0 modifier leur texture ou \u00e0 renforcer leur go\u00fbt.\u00a0<\/p>\n<p>Ces produits rel\u00e8vent le plus souvent de la classification scientifique dite Nova, qui distingue quatre niveaux selon le degr\u00e9 de transformation. <a href=\"https:\/\/ma-sante.news\/nutrition-gare-aux-aliments-ultra-transformes\/\" target=\"_blank\" rel=\"noopener\">Les aliments ultra-transform\u00e9s correspondent au niveau le plus \u00e9lev\u00e9<\/a>, identifi\u00e9 sous l\u2019appellation NOVA 4.<\/p>\n<p>Les derni\u00e8res grandes synth\u00e8ses scientifiques tirent toutes la m\u00eame sonnette d\u2019alarme. Plus on consomme d\u2019aliments ultra-transform\u00e9s au quotidien, plus le risque de voir appara\u00eetre <a href=\"https:\/\/ma-sante.news\/academie-nationale-medecine-alerte-inegalites-maladies-cardiovasculaires\/\" target=\"_blank\" rel=\"noopener\">des maladies cardiovasculaires<\/a>, <a href=\"https:\/\/ma-sante.news\/cancers-pourquoi-les-jeunes-sont-ils-de-plus-en-plus-touches\/\" target=\"_blank\" rel=\"noopener\">certains cancers<\/a>, <a href=\"https:\/\/ma-sante.news\/syndrome-de-cushing-et-si-la-prise-de-poids-cachait-une-maladie-hormonale-rare\/\" target=\"_blank\" rel=\"noopener\">une prise de poids durable<\/a> ou m\u00eame une hausse de la mortalit\u00e9 pr\u00e9matur\u00e9e semble augmenter.\u00a0\u00a0<\/p>\n<p>C\u2019est dans ce contexte que les d\u00e9put\u00e9s ont d\u00e9cid\u00e9 de repartir \u00e0 l\u2019offensive, bien d\u00e9cid\u00e9s \u00e0 encadrer davantage ces aliments\u2026 quitte \u00e0 faire craindre \u00e0 certains qu\u2019on en vienne, un jour, \u00e0 nous en interdire quelques-uns.<\/p>\n<p>        Ultra-transform\u00e9 : pourquoi les d\u00e9put\u00e9s reviennent \u00e0 la charge ?\u00a0    <\/p>\n<p>Le 13 janvier dernier, une proposition de loi port\u00e9e notamment par Lo\u00efc Prud\u2019homme (LFI) et quelques d\u00e9put\u00e9s de gauche a \u00e9t\u00e9 d\u00e9pos\u00e9e \u00e0 l\u2019Assembl\u00e9e nationale. Elle vise \u00e0 encadrer beaucoup plus fermement <a href=\"https:\/\/ma-sante.news\/nutrition-les-effets-negatifs-des-aliments-ultra-transformes-se-voient-en-quelques-semaines\/\" target=\"_blank\" rel=\"noopener\">la pr\u00e9sence des aliments ultra-transform\u00e9s dans notre quotidien<\/a>.<\/p>\n<p>Le texte ne se contente pas de d\u00e9noncer mais propose des mesures pr\u00e9cises, parfois radicales sur le papier. Dans les cantines scolaires, h\u00f4pitaux, \u00e9tablissements pour personnes \u00e2g\u00e9es ou encore distributeurs automatiques, <a href=\"https:\/\/ma-sante.news\/lultra-transformation-des-aliments-responsable-de-risques-sanitaires-majeurs\/\" target=\"_blank\" rel=\"noopener\">les produits ultra-transform\u00e9s<\/a> pourraient \u00eatre interdits. Pour l\u2019heure, il s\u2019agit d\u2019une proposition encore en d\u00e9bat, non d\u2019une loi d\u00e9j\u00e0 adopt\u00e9e.<\/p>\n<p>        Nutri-Score, publicit\u00e9, restauration collective : quelles mesures concr\u00e8tes ?    <strong>La restauration collective en premi\u00e8re ligne <\/strong>    <\/p>\n<p>Les d\u00e9put\u00e9s souhaitent <a href=\"https:\/\/ma-sante.news\/pourquoi-mange-t-on-autant-aliments-ultra-transformes\/\" target=\"_blank\" rel=\"noopener\">interdire la pr\u00e9sence d\u2019aliments ultra-transform\u00e9s<\/a>, class\u00e9s NOVA 4, dans l\u2019ensemble de la restauration collective publique. Cela concerne les cantines scolaires, les h\u00f4pitaux, les EHPAD, les \u00e9tablissements d\u2019enseignement sup\u00e9rieur, mais aussi les distributeurs automatiques pr\u00e9sents dans ces lieux.<\/p>\n<p>Autrement dit, si la loi \u00e9tait adopt\u00e9e en l\u2019\u00e9tat, <a href=\"https:\/\/ma-sante.news\/babybel-kiri-nesquik-les-produits-laitiers-preferes-des-enfants-pas-aussi-sains-quon-le-croit\/\" target=\"_blank\" rel=\"noopener\">un yaourt aromatis\u00e9<\/a>, une barre chocolat\u00e9e ou un sandwich industriel pourraient dispara\u00eetre des menus et des machines \u00e0 snacks de ces \u00e9tablissements. L\u2019objectif est de prot\u00e9ger les populations les plus vuln\u00e9rables (enfants, patients, personnes \u00e2g\u00e9es) en garantissant un environnement alimentaire plus sain et plus coh\u00e9rent avec les recommandations nutritionnelles.<\/p>\n<p>        <strong>Rendre le Nutri-Score r\u00e9ellement obligatoire<\/strong>    <\/p>\n<p>Deuxi\u00e8me grande mesure : <a href=\"https:\/\/ma-sante.news\/obesite-maladies-cardiovasculaires-nutri-score-obligatoire\/\" target=\"_blank\" rel=\"noopener\">rendre le Nutri-Score obligatoire sur tous les emballages alimentaires<\/a> vendus en France, sans exception. Le logo est aujourd\u2019hui volontaire, ce qui permet \u00e0 certaines marques d\u2019y recourir\u2026 uniquement lorsque cela les avantage.\u00a0<\/p>\n<p>La proposition de loi envisage que <a href=\"https:\/\/ma-sante.news\/nutrition-faut-il-toujours-croire-le-nutri-score\/\" target=\"_blank\" rel=\"noopener\">le Nutri-Score <\/a>devienne visible dans la publicit\u00e9, qu\u2019elle soit t\u00e9l\u00e9vis\u00e9e, affich\u00e9e ou num\u00e9rique. Il ne s\u2019agirait plus seulement de montrer un produit app\u00e9tissant, mais aussi d\u2019afficher clairement sa qualit\u00e9 nutritionnelle.<\/p>\n<p>Pour m\u00e9moire, <a href=\"https:\/\/ma-sante.news\/nutriscore-quels-sont-les-bons-aliments\/\" target=\"_blank\" rel=\"noopener\">le Nutri-Score repose sur une \u00e9chelle de cinq lettres de A \u00e0 E<\/a>. A (vert fonc\u00e9) pour les produits les plus favorables sur le plan nutritionnel, E (rouge) pour les plus riches en sucres, graisses satur\u00e9es ou sel.<\/p>\n<p>Cr\u00e9\u00e9 en France, il est aujourd\u2019hui adopt\u00e9 par plusieurs pays europ\u00e9ens et constitue l\u2019un des outils phares de la lutte contre l\u2019ob\u00e9sit\u00e9, le diab\u00e8te de type 2 ou certaines pathologies cardiovasculaires.<\/p>\n<p>        <strong>Mettre un frein \u00e0 la publicit\u00e9 des produits les moins sains<\/strong>    <\/p>\n<p>Troisi\u00e8me volet, l\u2019encadrement strict de la publicit\u00e9. Les d\u00e9put\u00e9s proposent de limiter fortement, voire d\u2019interdire, la promotion des produits class\u00e9s D ou E au Nutri-Score, ainsi que de ceux identifi\u00e9s comme ultra-transform\u00e9s.<\/p>\n<p>Autrement dit, les chips, sodas, barres chocolat\u00e9es, desserts industriels, snacks sal\u00e9s et autres produits du m\u00eame type pourraient devenir <a href=\"https:\/\/ma-sante.news\/5-minutes-de-pub-130-kcal-en-plus-la-malbouffe-simpose-chez-les-enfants\/\" target=\"_blank\" rel=\"noopener\">beaucoup moins visibles dans l\u2019espace public, particuli\u00e8rement aupr\u00e8s des plus jeunes<\/a>.<\/p>\n<p>Plusieurs \u00e9tudes ont montr\u00e9 que l\u2019exposition \u00e0 la publicit\u00e9 alimentaire influence significativement les pr\u00e9f\u00e9rences et les comportements, notamment chez les enfants et les adolescents. Pour les d\u00e9put\u00e9s, l\u2019objectif est de r\u00e9duire la pression marketing sur les produits les moins favorables \u00e0 la sant\u00e9 afin de r\u00e9\u00e9quilibrer le rapport de force avec des aliments plus sains, souvent bien moins mis en avant.<\/p>\n<p>        Mais alors, va-t-on nous interdire des aliments ?    <\/p>\n<p>Pour l\u2019instant, il s\u2019agit d\u2019une proposition que le Parlement doit encore examiner, discuter, amender et \u00e9ventuellement rejeter ou adopter. Le chemin l\u00e9gislatif est long et complexe.<\/p>\n<p>Ce qui est vrai, en revanche, c\u2019est que ce d\u00e9bat a des racines solides dans des donn\u00e9es scientifiques et des pr\u00e9occupations de sant\u00e9 publique largement partag\u00e9es sur le plan nutritionnel. Notamment <a href=\"https:\/\/ma-sante.news\/aliments-ultra-transformes-impact-maladies-chroniques\/\" target=\"_blank\" rel=\"noopener\">l\u2019augmentation continue des maladies m\u00e9taboliques <\/a>ces derni\u00e8res d\u00e9cennies et le r\u00f4le, parfois n\u00e9faste, d\u2019une alimentation trop riche en produits ultra-transform\u00e9s.<\/p>\n<p>Cela dit, des oppositions se font d\u00e9j\u00e0 entendre, y compris au sein du gouvernement ou de d\u00e9put\u00e9s de droite, qui jugent certaines mesures trop strictes, voire impraticables. On retrouve l\u00e0 des lignes de fracture classiques : sant\u00e9 publique vs. industrie agroalimentaire, libert\u00e9 du consommateur vs. r\u00e9gulation \u00e9tatique.<\/p>\n<p>        Au-del\u00e0 des interdictions, une prise de conscience nationale    <\/p>\n<p>Quoi qu\u2019il advienne de cette proposition de loi, elle t\u00e9moigne d\u2019un changement de paradigme. L\u2019alimentation n\u2019est plus per\u00e7ue uniquement \u00e0 travers le prisme du plaisir ou du march\u00e9, mais aussi comme un d\u00e9terminant majeur de sant\u00e9 publique. Et selon certaines \u00e9tudes, jusqu\u2019\u00e0 46 % des calories consomm\u00e9es par les enfants proviendraient d\u2019aliments ultra-transform\u00e9s dans certains contextes.<\/p>\n<p>Dans les ann\u00e9es \u00e0 venir, on peut s\u2019attendre \u00e0 voir ce d\u00e9bat revenir encore et encore, sous diverses formes : <a href=\"https:\/\/ma-sante.news\/manger-sainement-commence-par-comprendre-les-etiquettes\/\" target=\"_blank\" rel=\"noopener\">\u00e9tiquetage<\/a>, fiscalit\u00e9, publicit\u00e9, \u00e9ducation \u00e0 l\u2019alimentation\u2026 L\u2019enjeu est de taille pour am\u00e9liorer la sant\u00e9 des populations sans pour autant tomber dans des mesures per\u00e7ues comme liberticides ou arbitraires.<\/p>\n<blockquote class=\"wp-block-quote is-layout-flow wp-block-quote-is-layout-flow\">\n<p><strong>\u00c0 SAVOIR\u00a0<\/strong><\/p>\n<p>L\u2019Agence nationale de s\u00e9curit\u00e9 sanitaire (Anses) estime que les aliments ultra-transform\u00e9s repr\u00e9sentent pr\u00e8s de 36 % de l\u2019apport \u00e9nerg\u00e9tique des adultes fran\u00e7ais, un chiffre encore plus \u00e9lev\u00e9 chez les adolescents. Ce niveau de consommation place la France dans la moyenne haute des pays europ\u00e9ens.<\/p>\n<\/blockquote>\n<p>  <a class=\"gofollow\" data-track=\"MTIsMCw2MA==\" href=\"https:\/\/ma-sante.news\/annonceurs\/\" target=\"_blank\" rel=\"noopener\"><img loading=\"lazy\" decoding=\"async\" width=\"2560\" height=\"2133\" src=\"data:image\/svg+xml,%3Csvg%20xmlns=\" http:=\"\" data-lazy-src=\"https:\/\/www.europesays.com\/fr\/wp-content\/uploads\/2025\/03\/pub-annonceurs-4-scaled.jpg\"\/><\/a>    <img loading=\"lazy\" decoding=\"async\" width=\"755\" height=\"495\" src=\"data:image\/svg+xml,%3Csvg%20xmlns=\" http:=\"\" data-lazy-src=\"https:\/\/www.europesays.com\/fr\/wp-content\/uploads\/2025\/03\/Image1.jpg\" data-lazy-src-webp=\"https:\/\/www.europesays.com\/fr\/wp-content\/uploads\/2025\/03\/Image1.jpg.webp\" class=\"ewww_webp_lazy_load\"\/>Inscrivez-vous \u00e0 notre newsletter <br \/>Ma Sant\u00e9                      <\/p>\n","protected":false},"excerpt":{"rendered":"L\u2019Anses rappelle que certains additifs fr\u00e9quemment utilis\u00e9s dans les aliments ultra-transform\u00e9s, comme les nitrites, sont class\u00e9s canc\u00e9rog\u00e8nes probables&hellip;\n","protected":false},"author":2,"featured_media":668057,"comment_status":"","ping_status":"","sticky":false,"template":"","format":"standard","meta":{"footnotes":""},"categories":[10],"tags":[1011,27,72,71,57116],"class_list":{"0":"post-668056","1":"post","2":"type-post","3":"status-publish","4":"format-standard","5":"has-post-thumbnail","7":"category-sante","8":"tag-fr","9":"tag-france","10":"tag-health","11":"tag-sante","12":"tag-ultra-transformu00e9s"},"share_on_mastodon":{"url":"https:\/\/pubeurope.com\/@fr\/115905685347073860","error":""},"_links":{"self":[{"href":"https:\/\/www.europesays.com\/fr\/wp-json\/wp\/v2\/posts\/668056","targetHints":{"allow":["GET"]}}],"collection":[{"href":"https:\/\/www.europesays.com\/fr\/wp-json\/wp\/v2\/posts"}],"about":[{"href":"https:\/\/www.europesays.com\/fr\/wp-json\/wp\/v2\/types\/post"}],"author":[{"embeddable":true,"href":"https:\/\/www.europesays.com\/fr\/wp-json\/wp\/v2\/users\/2"}],"replies":[{"embeddable":true,"href":"https:\/\/www.europesays.com\/fr\/wp-json\/wp\/v2\/comments?post=668056"}],"version-history":[{"count":0,"href":"https:\/\/www.europesays.com\/fr\/wp-json\/wp\/v2\/posts\/668056\/revisions"}],"wp:featuredmedia":[{"embeddable":true,"href":"https:\/\/www.europesays.com\/fr\/wp-json\/wp\/v2\/media\/668057"}],"wp:attachment":[{"href":"https:\/\/www.europesays.com\/fr\/wp-json\/wp\/v2\/media?parent=668056"}],"wp:term":[{"taxonomy":"category","embeddable":true,"href":"https:\/\/www.europesays.com\/fr\/wp-json\/wp\/v2\/categories?post=668056"},{"taxonomy":"post_tag","embeddable":true,"href":"https:\/\/www.europesays.com\/fr\/wp-json\/wp\/v2\/tags?post=668056"}],"curies":[{"name":"wp","href":"https:\/\/api.w.org\/{rel}","templated":true}]}}