{"id":668066,"date":"2026-01-16T16:23:15","date_gmt":"2026-01-16T16:23:15","guid":{"rendered":"https:\/\/www.europesays.com\/fr\/668066\/"},"modified":"2026-01-16T16:23:15","modified_gmt":"2026-01-16T16:23:15","slug":"il-venait-de-se-faire-confisquer-sa-nintendo-en-colere-un-petit-garcon-de-11-ans-tue-son-pere","status":"publish","type":"post","link":"https:\/\/www.europesays.com\/fr\/668066\/","title":{"rendered":"Il venait de se faire confisquer sa Nintendo\u00a0: \u00ab\u00a0en col\u00e8re\u00a0\u00bb, un petit gar\u00e7on de 11 ans tue son p\u00e8re"},"content":{"rendered":"<p>\n                                                                Un enfant de 11 ans est accus\u00e9 d\u2019avoir tu\u00e9 son p\u00e8re adoptif ce mardi 13\u00a0janvier 2026, en Pennsylvanie. Il n\u2019aurait pas support\u00e9 que l\u2019adulte lui confisque sa console, une Nintendo Switch.\n                            <\/p>\n<p>Un enfant de 11 ans aurait abattu son p\u00e8re apr\u00e8s que ce dernier lui a confisqu\u00e9 sa console de jeux, mardi 13\u00a0janvier 2026 \u00e0\u00a0Duncannon Borough, en\u00a0Pennsylvanie, rapporte <a href=\"https:\/\/people.com\/boy-11-allegedly-shoots-and-kills-father-after-his-nintendo-switch-was-taken-away-11886715\" target=\"_self\" rel=\"noopener\">People.<\/a><\/p>\n<p>La m\u00e8re a d\u00e9clar\u00e9 \u00e0 la police avoir \u00e9t\u00e9 r\u00e9veill\u00e9e par un bruit de coup de feu et avoir senti une odeur de br\u00fbl\u00e9. Elle aurait essay\u00e9 de r\u00e9veiller son compagnon avant de s\u2019apercevoir qu\u2019il saignait abondamment.<\/p>\n<p>\u00ab\u00a0Papa est mort\u00a0\u00bb<\/p>\n<p>Le petit gar\u00e7on serait alors entr\u00e9 dans la chambre en criant \u00ab\u00a0Papa est mort\u00a0\u00bb. L\u2019enfant de 11 ans aurait d\u00e9clar\u00e9 aux enqu\u00eateurs qu\u2019il avait pass\u00e9 une bonne journ\u00e9e avec ses parents pour son anniversaire. Quand son p\u00e8re lui a demand\u00e9 d\u2019aller se coucher, il s\u2019est \u00ab\u00a0f\u00e2ch\u00e9 contre lui\u00a0\u00bb.<\/p>\n<p>\u00ab\u00a0Je me d\u00e9teste\u00a0\u00bb<\/p>\n<p>Lors des entretiens avec les enqu\u00eateurs, l\u2019enfant a affirm\u00e9 avoir trouv\u00e9 la cl\u00e9 du coffre-fort de son p\u00e8re et l\u2019avoir ouvert, pensant que sa Switch s\u2019y trouvait. \u00c0 la place, il y\u00a0d\u00e9couvre un revolver, le charge et s\u2019approche du lit o\u00f9 se trouve\u00a0son p\u00e8re, selon sa d\u00e9claration.\u00a0\u00ab\u00a0J\u2019ai tu\u00e9 mon p\u00e8re. Je me d\u00e9teste\u00a0\u00bb, aurait-il aussi d\u00e9clar\u00e9.<\/p>\n<p>Selon les dossiers judiciaires consult\u00e9s par le m\u00e9dia am\u00e9ricain, le gar\u00e7on a \u00e9t\u00e9 inculp\u00e9 d\u2019homicide volontaire. Une audience pr\u00e9liminaire a \u00e9t\u00e9 fix\u00e9e au 22\u00a0janvier. L\u2019enfant est actuellement d\u00e9tenu dans une prison pour mineurs.<\/p>\n","protected":false},"excerpt":{"rendered":"Un enfant de 11 ans est accus\u00e9 d\u2019avoir tu\u00e9 son p\u00e8re adoptif ce mardi 13\u00a0janvier 2026, en Pennsylvanie.&hellip;\n","protected":false},"author":2,"featured_media":668067,"comment_status":"","ping_status":"","sticky":false,"template":"","format":"standard","meta":{"footnotes":""},"categories":[5],"tags":[11,118,1011,27,14,12,28],"class_list":{"0":"post-668066","1":"post","2":"type-post","3":"status-publish","4":"format-standard","5":"has-post-thumbnail","7":"category-international","8":"tag-actualites","9":"tag-faits-divers","10":"tag-fr","11":"tag-france","12":"tag-international","13":"tag-news","14":"tag-world"},"share_on_mastodon":{"url":"https:\/\/pubeurope.com\/@fr\/115905705018930881","error":""},"_links":{"self":[{"href":"https:\/\/www.europesays.com\/fr\/wp-json\/wp\/v2\/posts\/668066","targetHints":{"allow":["GET"]}}],"collection":[{"href":"https:\/\/www.europesays.com\/fr\/wp-json\/wp\/v2\/posts"}],"about":[{"href":"https:\/\/www.europesays.com\/fr\/wp-json\/wp\/v2\/types\/post"}],"author":[{"embeddable":true,"href":"https:\/\/www.europesays.com\/fr\/wp-json\/wp\/v2\/users\/2"}],"replies":[{"embeddable":true,"href":"https:\/\/www.europesays.com\/fr\/wp-json\/wp\/v2\/comments?post=668066"}],"version-history":[{"count":0,"href":"https:\/\/www.europesays.com\/fr\/wp-json\/wp\/v2\/posts\/668066\/revisions"}],"wp:featuredmedia":[{"embeddable":true,"href":"https:\/\/www.europesays.com\/fr\/wp-json\/wp\/v2\/media\/668067"}],"wp:attachment":[{"href":"https:\/\/www.europesays.com\/fr\/wp-json\/wp\/v2\/media?parent=668066"}],"wp:term":[{"taxonomy":"category","embeddable":true,"href":"https:\/\/www.europesays.com\/fr\/wp-json\/wp\/v2\/categories?post=668066"},{"taxonomy":"post_tag","embeddable":true,"href":"https:\/\/www.europesays.com\/fr\/wp-json\/wp\/v2\/tags?post=668066"}],"curies":[{"name":"wp","href":"https:\/\/api.w.org\/{rel}","templated":true}]}}