{"id":668084,"date":"2026-01-16T16:32:16","date_gmt":"2026-01-16T16:32:16","guid":{"rendered":"https:\/\/www.europesays.com\/fr\/668084\/"},"modified":"2026-01-16T16:32:16","modified_gmt":"2026-01-16T16:32:16","slug":"aux-abords-dun-lycee-pres-de-montpellier-un-trafic-de-stupefiants-evalue-a-pres-de-2-millions-deuros","status":"publish","type":"post","link":"https:\/\/www.europesays.com\/fr\/668084\/","title":{"rendered":"Aux abords d\u2019un lyc\u00e9e pr\u00e8s de Montpellier, un trafic de stup\u00e9fiants \u00e9valu\u00e9 \u00e0 pr\u00e8s de 2 millions d\u2019euros"},"content":{"rendered":"<p>                    Par<br \/>\n        <strong><br \/>\n            <a href=\"https:\/\/actu.fr\/auteur\/lea-pippinato\" title=\"Consulter tous les articles de L\u00e9a Pippinato\" target=\"_blank\" rel=\"noopener\">L\u00e9a Pippinato<\/a><br \/>\n                    <\/strong><\/p>\n<p>        Publi\u00e9 le<\/p>\n<p>            16 janv. 2026 \u00e0 16h25        <\/p>\n<p>Tout commence au mois de novembre. Un renseignement arrive \u00e0 la brigade des stup\u00e9fiants du SLPJ (service local de police judiciaire) de Montpellier. Il \u00e9voque un trafic actif aux abords du lyc\u00e9e Champollion, \u00e0 <strong>Lattes<\/strong>. Les ventes ne se limitent pas \u00e0 la rue : les commandes passent aussi par les r\u00e9seaux sociaux et des comptes Snapchat servent de vitrine. Les livraisons se font ensuite sur Montpellier. Le signalement d\u00e9crit une jeune femme comme principale ex\u00e9cutante.<\/p>\n<p>    <a href=\"https:\/\/www.google.com\/maps\/embed?pb=!1m18!1m12!1m3!1d11556.70365169137!2d3.8567936!3d43.60287875!2m3!1f0!2f0!3f0!3m2!1i1024!2i768!4f13.1!3m3!1m2!1s0x12b6a53e68567e15%3A0xadbf73925b3bebcd!2sLyc%C3%A9e%20Jean-Fran%C3%A7ois%20Champollion!5e0!3m2!1sfr!2sfr!4v1768576540648!5m2!1sfr!2sfr\" title=\"Ouvrie le lien\" target=\"_blank\" rel=\"noopener\">Cliquez ici pour visualiser le contenu<\/a><\/p>\n<p class=\" wall-content\">Les policiers nationaux lancent des surveillances physiques et techniques. Ils s\u2019appuient aussi sur les nouvelles dispositions de <a href=\"https:\/\/www.legifrance.gouv.fr\/jorf\/id\/JORFTEXT000051734851\" target=\"_blank\" rel=\"noopener\">la loi narcotrafic de juin 2025.<\/a> Ce texte \u00e9largit les capacit\u00e9s de captation de donn\u00e9es et d\u2019exploitation num\u00e9rique.<\/p>\n<p>Une \u00e9quipe jeune et hi\u00e9rarchis\u00e9e<\/p>\n<p class=\" wall-content\">Les enqu\u00eateurs identifient plusieurs protagonistes. La jeune femme signal\u00e9e a 23 ans et vit \u00e0 Maurin, un hameau de la commune de Lattes. Un homme de 43 ans r\u00e9side \u00e0 Montpellier. Une autre jeune femme de 23 ans appara\u00eet dans le dossier. Ces deux derniers sont d\u00e9crits comme des nourrices du trafic. La premi\u00e8re jeune femme occupe un r\u00f4le plus actif : elle organise les ventes et les livraisons. \u00c0 la t\u00eate du r\u00e9seau, un homme de 23 ans, lui aussi domicili\u00e9 \u00e0 Maurin, coordonne l\u2019ensemble.<\/p>\n<p class=\" wall-content\"><strong>Ce mardi 13 janvier 2026<\/strong>, les policiers passent \u00e0 l\u2019action. Les interpellations ont lieu dans la matin\u00e9e. Une cinqui\u00e8me personne est arr\u00eat\u00e9e. Il s\u2019agit de la s\u0153ur de la jeune femme identifi\u00e9e en premier. \u00c2g\u00e9 de 19 ans, elle sera finalement mise hors de cause. Les arrestations se d\u00e9roulent aux domiciles des int\u00e9ress\u00e9s.<\/p>\n<p>Vid\u00e9os : en ce moment sur ActuDes perquisitions aux d\u00e9couvertes lourdes<\/p>\n<p class=\" wall-content\">Les perquisitions r\u00e9v\u00e8lent l\u2019ampleur du trafic. Les agents saisissent <strong>quatre kilos de r\u00e9sine de cannabis,<\/strong> 250 grammes d\u2019herbe et 130 grammes de coca\u00efne. L\u2019arsenal surprend par sa diversit\u00e9. Trois armes de poing apparaissent, certaines approvisionn\u00e9es, entre revolvers et pistolets automatiques. <strong>Quatre armes longues<\/strong> compl\u00e8tent la liste, de la carabine \u00e0 plomb au fusil de calibre 12 \u00e0 canon sci\u00e9. Les enqu\u00eateurs trouvent aussi de nombreux emballages destin\u00e9s au conditionnement des stup\u00e9fiants. Au domicile du suspect pr\u00e9sent\u00e9 comme le chef du r\u00e9seau, <strong>plus de 30 000 euros en liquide<\/strong> sont d\u00e9couverts. Les protagonistes sont plac\u00e9s en garde \u00e0 vue, puis d\u00e9f\u00e9r\u00e9s au parquet de Montpellier en vue d\u2019une comparution \u00e0 d\u00e9lai diff\u00e9r\u00e9.<\/p>\n<p class=\" wall-content\">Au fil des investigations, les policiers prennent la mesure d\u2019un syst\u00e8me bien install\u00e9. Sur une ann\u00e9e, pr\u00e8s de 240 kilos de r\u00e9sine et d\u2019herbe auraient circul\u00e9, ainsi que six kilos de coca\u00efne. Ces volumes traduisent une \u00e9conomie souterraine solide : \u00e0 la revente, le montant approche<strong> les deux millions d\u2019euros.\u00a0<\/strong><\/p>\n<p class=\" wall-content\">Personnalisez votre actualit\u00e9 en ajoutant vos villes et m\u00e9dias en favori avec <a href=\"https:\/\/moncompte.actu.fr\" title=\"D\u00e9couvez Mon Actu\" rel=\"nofollow noopener\" data-trk=\"{&quot;cta&quot;:{&quot;action&quot;:&quot;https:\\\/\\\/moncompte.actu.fr&quot;,&quot;category&quot;:&quot;mon compte&quot;,&quot;from&quot;:&quot;article footer&quot;,&quot;name&quot;:&quot;Mon actu&quot;,&quot;type&quot;:&quot;cta&quot;}}\" target=\"_blank\">Mon Actu<\/a>.<\/p>\n","protected":false},"excerpt":{"rendered":"Par L\u00e9a Pippinato Publi\u00e9 le 16 janv. 2026 \u00e0 16h25 Tout commence au mois de novembre. Un renseignement&hellip;\n","protected":false},"author":2,"featured_media":668085,"comment_status":"","ping_status":"","sticky":false,"template":"","format":"standard","meta":{"footnotes":""},"categories":[9599],"tags":[1111,11,1261,1052,1777,674,118,1011,27,2208,12,2680,1072,25],"class_list":{"0":"post-668084","1":"post","2":"type-post","3":"status-publish","4":"format-standard","5":"has-post-thumbnail","7":"category-montpellier","8":"tag-actu","9":"tag-actualites","10":"tag-argent","11":"tag-drogue","12":"tag-eu","13":"tag-europe","14":"tag-faits-divers","15":"tag-fr","16":"tag-france","17":"tag-montpellier","18":"tag-news","19":"tag-occitanie","20":"tag-police","21":"tag-republique-francaise"},"share_on_mastodon":{"url":"https:\/\/pubeurope.com\/@fr\/115905740462363226","error":""},"_links":{"self":[{"href":"https:\/\/www.europesays.com\/fr\/wp-json\/wp\/v2\/posts\/668084","targetHints":{"allow":["GET"]}}],"collection":[{"href":"https:\/\/www.europesays.com\/fr\/wp-json\/wp\/v2\/posts"}],"about":[{"href":"https:\/\/www.europesays.com\/fr\/wp-json\/wp\/v2\/types\/post"}],"author":[{"embeddable":true,"href":"https:\/\/www.europesays.com\/fr\/wp-json\/wp\/v2\/users\/2"}],"replies":[{"embeddable":true,"href":"https:\/\/www.europesays.com\/fr\/wp-json\/wp\/v2\/comments?post=668084"}],"version-history":[{"count":0,"href":"https:\/\/www.europesays.com\/fr\/wp-json\/wp\/v2\/posts\/668084\/revisions"}],"wp:featuredmedia":[{"embeddable":true,"href":"https:\/\/www.europesays.com\/fr\/wp-json\/wp\/v2\/media\/668085"}],"wp:attachment":[{"href":"https:\/\/www.europesays.com\/fr\/wp-json\/wp\/v2\/media?parent=668084"}],"wp:term":[{"taxonomy":"category","embeddable":true,"href":"https:\/\/www.europesays.com\/fr\/wp-json\/wp\/v2\/categories?post=668084"},{"taxonomy":"post_tag","embeddable":true,"href":"https:\/\/www.europesays.com\/fr\/wp-json\/wp\/v2\/tags?post=668084"}],"curies":[{"name":"wp","href":"https:\/\/api.w.org\/{rel}","templated":true}]}}