{"id":668088,"date":"2026-01-16T16:34:12","date_gmt":"2026-01-16T16:34:12","guid":{"rendered":"https:\/\/www.europesays.com\/fr\/668088\/"},"modified":"2026-01-16T16:34:12","modified_gmt":"2026-01-16T16:34:12","slug":"le-piano-en-libre-acces-sur-les-quais-de-rouen-a-connu-une-courte-deuxieme-vie","status":"publish","type":"post","link":"https:\/\/www.europesays.com\/fr\/668088\/","title":{"rendered":"Le piano en libre acc\u00e8s sur les quais de Rouen a connu une (courte) deuxi\u00e8me vie"},"content":{"rendered":"<p>                    Par<br \/>\n        <strong><br \/>\n            <a href=\"https:\/\/actu.fr\/auteur\/mathieu-charre\" title=\"Consulter tous les articles de Mathieu Charr\u00e9\" target=\"_blank\" rel=\"noopener\">Mathieu Charr\u00e9<\/a><br \/>\n                    <\/strong><\/p>\n<p>        Publi\u00e9 le<\/p>\n<p>            16 janv. 2026 \u00e0 17h04        <\/p>\n<p>La Marche fun\u00e8bre serait de circonstance, mais elle ne peut plus \u00e9maner des cordes de ce piano en fin de parcours. Sur les <a href=\"https:\/\/actu.fr\/tag\/quais-de-rouen\" target=\"_blank\" rel=\"noopener\">quais de Rouen<\/a>, au bout de la passerelle Jeanne-d\u2019Arc, le <strong>piano en libre acc\u00e8s <\/strong>install\u00e9 par la Mairie pendant l\u2019\u00e9t\u00e9 2025 <strong>n\u2019est plus en \u00e9tat de fonctionner<\/strong>. Du tout.<\/p>\n<p class=\" wall-content\"><strong>Une installation estivale<\/strong><\/p>\n<p class=\" wall-content\">Install\u00e9 le 26\u00a0juin 2025, ce piano faisait partie d\u2019une d\u00e9marche municipale pour \u00ab<strong>\u2009d\u00e9mocratiser la pratique musicale<\/strong>\u2009\u00bb, en la rendant accessible dans l\u2019espace public. Ce piano quart de queue (plus petit des pianos \u00e0 queue) provenait du <a href=\"https:\/\/actu.fr\/normandie\/rouen_76540\/le-conservatoire-de-rouen-vous-ouvre-ses-portes_60690387.html\" target=\"_blank\" rel=\"noopener\">Conservatoire de Rouen<\/a>. Initialement destin\u00e9 au rebut, il a gagn\u00e9 une \u2013 br\u00e8ve \u2013 seconde vie sur les quais, o\u00f9 il a \u00e9t\u00e9 install\u00e9 puis accord\u00e9.<\/p>\n<p>    <img   decoding=\"async\" loading=\"lazy\" src=\"https:\/\/www.europesays.com\/fr\/wp-content\/uploads\/2026\/01\/20260115-100245-960x640.jpg\" alt=\"Le corps du piano est b\u00e2ch\u00e9, le clavier est \u00e0 nu.\" width=\"960\" height=\"640\"\/><br \/>\n    Le corps du piano est b\u00e2ch\u00e9, le clavier est \u00e0 nu. (\u00a9MC\/76actu)<\/p>\n<p class=\" wall-content\">Si le corps est couvert d\u2019une b\u00e2che, <strong>le clavier et le si\u00e8ge sont expos\u00e9s aux quatre vents<\/strong>, et aux intemp\u00e9ries. Apr\u00e8s la neige qui s\u2019est amass\u00e9e la semaine pass\u00e9e, et <a href=\"https:\/\/actu.fr\/meteo\/c-etait-presque-des-images-de-guerre-en-seine-maritime-la-tempete-goretti-a-marque-les-esprits_63676181.html\" target=\"_blank\" rel=\"noopener\">la temp\u00eate Goretti<\/a> qui a suivi, l\u2019instrument peut-il encore s\u2019animer\u2009?<\/p>\n<p>Deux touches blanches fonctionnent encore<\/p>\n<p class=\" wall-content\">Sur place, on constate que <strong>le piano n\u2019est plus en \u00e9tat<\/strong>. Les touches blanches n\u2019ont de blanc que le nom pour la plupart. Toutes sont \u00e9caill\u00e9es, r\u00e9v\u00e9lant le bois \u00e0 nu et gonfl\u00e9. Elles s\u2019agglutinent en groupes coll\u00e9s, immobiles, impossibles \u00e0 enfoncer. Seules les deux derni\u00e8res \u00e0 gauche, les plus graves, sont d\u00e9solidaris\u00e9es des autres et r\u00e9sonnent encore.<\/p>\n<p>    <img   decoding=\"async\" loading=\"lazy\" src=\"https:\/\/www.europesays.com\/fr\/wp-content\/uploads\/2026\/01\/20260115-100201-960x640.jpg\" alt=\"Seules les deux touches blanches les plus graves fonctionnent encore.\" width=\"960\" height=\"640\"\/><br \/>\n    Seules les deux touches blanches les plus graves fonctionnent encore. (\u00a9MC\/76actu)Vid\u00e9os : en ce moment sur Actu<\/p>\n<p class=\" wall-content\">Si les touches noires n\u2019ont pas meilleure mine, la plupart peuvent encore s\u2019activer. Mais \u00e0 moins de se contenter de morceaux uniquement compos\u00e9s de di\u00e8ses et de b\u00e9mols, difficile d\u2019exprimer son talent au bout de la passerelle.<\/p>\n<p>Votre r\u00e9gion, votre actu !<\/p>\n<p>Recevez chaque jour les infos qui comptent pour vous.<\/p>\n<p>\t<a href=\"https:\/\/actu.fr\/newsletter\" class=\"ac-btn ac-btn--corner ac-btn--medium ac-btn--blue800\" target=\"_blank\" rel=\"noopener\">S&rsquo;incrire<\/a><\/p>\n<p class=\" wall-content\">Contact\u00e9e, la Mairie confirme que<strong> le piano est en fin de parcours<\/strong>. S\u2019il est normal que l\u2019instrument se d\u00e9saccorde au fil du temps, avec l\u2019humidit\u00e9 et la temp\u00e9rature, \u00ab\u2009il a subi des dommages importants li\u00e9s aux intemp\u00e9ries. Nous (la Mairie, NDLR) pr\u00e9voyons de <strong>le retirer prochainement<\/strong> pour des raisons de s\u00e9curit\u00e9 et de conservation.\u2009\u00bb<\/p>\n<p class=\" wall-content\">Cette exp\u00e9rience devrait \u00eatre renouvel\u00e9e par la ville, qui entend \u00ab\u2009continuer \u00e0 d\u00e9ployer progressivement ces pianos r\u00e9form\u00e9s dans diff\u00e9rents espaces publics\u2009\u00bb. Et assure que le piano \u00e9tait \u00ab\u2009particuli\u00e8rement appr\u00e9ci\u00e9 et tr\u00e8s jou\u00e9\u2009\u00bb. Au bout de la passerelle Jeanne-d\u2019Arc, il subira encore quelque temps la m\u00e9lodie du vent.<\/p>\n<p>Suivez l\u2019actualit\u00e9 de Rouen sur <a href=\"https:\/\/www.whatsapp.com\/channel\/0029VaKfnf99hXF2ddApFB1D\" target=\"_blank\" rel=\"noopener\">notre cha\u00eene WhatsApp<\/a> et sur <a href=\"https:\/\/www.tiktok.com\/@76actu.fr?lang=fr\" target=\"_blank\" rel=\"noopener\">notre compte TikTok<\/a><\/p>\n<p class=\" wall-content\">Personnalisez votre actualit\u00e9 en ajoutant vos villes et m\u00e9dias en favori avec <a href=\"https:\/\/moncompte.actu.fr\" title=\"D\u00e9couvez Mon Actu\" rel=\"nofollow noopener\" data-trk=\"{&quot;cta&quot;:{&quot;action&quot;:&quot;https:\\\/\\\/moncompte.actu.fr&quot;,&quot;category&quot;:&quot;mon compte&quot;,&quot;from&quot;:&quot;article footer&quot;,&quot;name&quot;:&quot;Mon actu&quot;,&quot;type&quot;:&quot;cta&quot;}}\" target=\"_blank\">Mon Actu<\/a>.<\/p>\n<p>                    <script async src=\"\/\/www.tiktok.com\/embed.js\"><\/script><\/p>\n","protected":false},"excerpt":{"rendered":"Par Mathieu Charr\u00e9 Publi\u00e9 le 16 janv. 2026 \u00e0 17h04 La Marche fun\u00e8bre serait de circonstance, mais elle&hellip;\n","protected":false},"author":2,"featured_media":668089,"comment_status":"","ping_status":"","sticky":false,"template":"","format":"standard","meta":{"footnotes":""},"categories":[9587],"tags":[1111,11,1777,674,1011,27,1652,873,12,5161,76799,25,9590],"class_list":{"0":"post-668088","1":"post","2":"type-post","3":"status-publish","4":"format-standard","5":"has-post-thumbnail","7":"category-rouen","8":"tag-actu","9":"tag-actualites","10":"tag-eu","11":"tag-europe","12":"tag-fr","13":"tag-france","14":"tag-loisirs-culture","15":"tag-musique","16":"tag-news","17":"tag-normandie","18":"tag-quais-de-rouen","19":"tag-republique-francaise","20":"tag-rouen"},"share_on_mastodon":{"url":"https:\/\/pubeurope.com\/@fr\/115905748754321937","error":""},"_links":{"self":[{"href":"https:\/\/www.europesays.com\/fr\/wp-json\/wp\/v2\/posts\/668088","targetHints":{"allow":["GET"]}}],"collection":[{"href":"https:\/\/www.europesays.com\/fr\/wp-json\/wp\/v2\/posts"}],"about":[{"href":"https:\/\/www.europesays.com\/fr\/wp-json\/wp\/v2\/types\/post"}],"author":[{"embeddable":true,"href":"https:\/\/www.europesays.com\/fr\/wp-json\/wp\/v2\/users\/2"}],"replies":[{"embeddable":true,"href":"https:\/\/www.europesays.com\/fr\/wp-json\/wp\/v2\/comments?post=668088"}],"version-history":[{"count":0,"href":"https:\/\/www.europesays.com\/fr\/wp-json\/wp\/v2\/posts\/668088\/revisions"}],"wp:featuredmedia":[{"embeddable":true,"href":"https:\/\/www.europesays.com\/fr\/wp-json\/wp\/v2\/media\/668089"}],"wp:attachment":[{"href":"https:\/\/www.europesays.com\/fr\/wp-json\/wp\/v2\/media?parent=668088"}],"wp:term":[{"taxonomy":"category","embeddable":true,"href":"https:\/\/www.europesays.com\/fr\/wp-json\/wp\/v2\/categories?post=668088"},{"taxonomy":"post_tag","embeddable":true,"href":"https:\/\/www.europesays.com\/fr\/wp-json\/wp\/v2\/tags?post=668088"}],"curies":[{"name":"wp","href":"https:\/\/api.w.org\/{rel}","templated":true}]}}