{"id":668096,"date":"2026-01-16T16:38:10","date_gmt":"2026-01-16T16:38:10","guid":{"rendered":"https:\/\/www.europesays.com\/fr\/668096\/"},"modified":"2026-01-16T16:38:10","modified_gmt":"2026-01-16T16:38:10","slug":"que-faire-a-rennes-ce-week-end-voici-10-idees-de-sorties-selectionnees-par-la-redaction","status":"publish","type":"post","link":"https:\/\/www.europesays.com\/fr\/668096\/","title":{"rendered":"Que faire \u00e0 Rennes ce week-end ? Voici 10 id\u00e9es de sorties s\u00e9lectionn\u00e9es par la r\u00e9daction"},"content":{"rendered":"<p>                    Par<br \/>\n        <strong><br \/>\n            <a href=\"https:\/\/actu.fr\/auteur\/brian-legoff\" title=\"Consulter tous les articles de Brian Le Goff\" target=\"_blank\" rel=\"noopener\">Brian Le Goff<\/a><br \/>\n                    <\/strong><\/p>\n<p>        Publi\u00e9 le<\/p>\n<p>            16 janv. 2026 \u00e0 16h50        <\/p>\n<p>D\u2019une soir\u00e9e en bo\u00eete de nuit r\u00e9serv\u00e9e aux femmes, \u00e0 une apr\u00e8s-midi d\u00e9di\u00e9e \u00e0 la d\u00e9couverte des sols\u2026 <a href=\"https:\/\/actu.fr\/rennes\/\" target=\"_blank\" rel=\"noopener\">Actu Rennes<\/a> vous a une nouvelle fois s\u00e9lectionn\u00e9<strong> ses meilleures id\u00e9es de sorties<\/strong> pour ces vendredi\u00a016, samedi\u00a017 et dimanche 18\u00a0janvier dans la capitale bretonne.<\/p>\n<p>Soir\u00e9e Karaok\u00e9<\/p>\n<p class=\" wall-content\">Macumba Open Air Festival organise,<strong> vendredi 16\u00a0janvier, \u00e0 partir de 20h,<\/strong> un karaok\u00e9 au <strong>bar L\u2019Amrock,<\/strong> situ\u00e9 au pied de la tour des Horizons, rue de Brest, \u00e0 Rennes. \u00ab\u2009Des bi\u00e8res de qualit\u00e9 et des chanteurs passionn\u00e9s\u2009\u00bb, promet l\u2019organisation.<\/p>\n<p>Soir\u00e9e sp\u00e9ciale mamans<\/p>\n<p class=\" wall-content\">Avant d\u2019ouvrir ses portes au grand public, Le<strong> Satori Club<\/strong> accueille une nouvelle soir\u00e9e Maman sort ce soir,<strong> vendredi 16\u00a0janvier, de 20h \u00e0 00h<\/strong>. Cette soir\u00e9e est r\u00e9serv\u00e9e aux femmes \u00ab\u2009qui veulent danser, rire, l\u00e2cher prise\u2026 sans rentrer \u00e0 l\u2019aube\u2009\u00bb, indique l\u2019\u00e9v\u00e9nement.<\/p>\n<p class=\" wall-content\"><a href=\"https:\/\/www.instagram.com\/p\/DSXM69VCPWa\/embed\" title=\"Ouvrir le lien sur Instagram\" target=\"_blank\" rel=\"noopener\">Visualiser le contenu sur Instagram<\/a><\/p>\n<p>Tarifs\u2009: en pr\u00e9vente, 15\u00a0euros pour l\u2019entr\u00e9e et une consommation\u2009; sur place, 18\u00a0euros\u2009; une formule entr\u00e9e +\u00a0conso +\u00a0assiette de tapas est propos\u00e9e \u00e0 33\u00a0euros. <a href=\"https:\/\/www.helloasso.com\/associations\/l-entre-girls\/evenements\/soiree-maman-sort-ce-soir-rennes-1\" target=\"_blank\" rel=\"noopener\">R\u00e9servation en ligne<\/a>.Salon Rennes Voyage\u2009!<\/p>\n<p class=\" wall-content\"><strong>Organis\u00e9 tout le week-end,<\/strong> le salon des voyages \u00e0 l\u2019a\u00e9roport de Rennes est l\u2019occasion de d\u00e9couvrir toutes les possibilit\u00e9s d\u2019escapades qui sont offertes au d\u00e9part de la capitale bretonne. De <strong>tr\u00e8s nombreuses conf\u00e9rences<\/strong> sont organis\u00e9es. <a href=\"https:\/\/actu.fr\/bretagne\/rennes_35238\/corse-geneve-manchester-des-vols-a-gagner-lors-de-ce-salon-organise-a-l-aeroport-de-rennes_63703180.html\" target=\"_blank\" rel=\"noopener\">Des voyages en Corse, \u00e0 Gen\u00e8ve et Manchester sont par ailleurs \u00e0 gagner<\/a>.<\/p>\n<p>Salon du chiot et du chaton<\/p>\n<p class=\" wall-content\">D\u00e9cri\u00e9 par certains, le salon du chiot et du chaton a lieu <strong>ce week-end au Parc expo de Rennes.<\/strong> \u00ab\u2009Deux jours pour d\u00e9couvrir, apprendre et peut-\u00eatre rencontrer votre futur compagnon\u2009\u00bb, lance l\u2019organisation.<\/p>\n<p>Votre r\u00e9gion, votre actu !<\/p>\n<p>Recevez chaque jour les infos qui comptent pour vous.<\/p>\n<p>\t<a href=\"https:\/\/actu.fr\/newsletter\" class=\"ac-btn ac-btn--corner ac-btn--medium ac-btn--blue800\" target=\"_blank\" rel=\"noopener\">S&rsquo;incrire<\/a><\/p>\n<p>Infos pratiques\u2009: de 10h \u00e0 18h30 (non-stop)\u2009; billetterie sur place uniquement (esp\u00e8ces, carte bancaire)\u2009; tarifs\u2009: moins de 3\u00a0ans, gratuit\u2009; de 11 \u00e0 17\u00a0ans, 5\u00a0euros\u2009; \u00e0 partir de 18\u00a0ans\u2009: 7,50\u00a0euros.<\/p>\n<p>La chanteuse Linh au E.Leclerc de Saint-Gr\u00e9goire<\/p>\n<p class=\" wall-content\"><strong>NRJ et Saint-Gr\u00e9goire Le Centre<\/strong> organisent un \u00e9v\u00e9nement exceptionnel, <strong>samedi 17\u00a0janvier, \u00e0 13h<\/strong> au sein de la galerie commerciale. En effet, une \u00e9mission sp\u00e9ciale en direct accueillera la chanteuse Linh.<\/p>\n<p class=\" wall-content\"><a href=\"https:\/\/www.instagram.com\/nrjrennes\/embed\" title=\"Ouvrir le lien sur Instagram\" target=\"_blank\" rel=\"noopener\">Visualiser le contenu sur Instagram<\/a><\/p>\n<p class=\" wall-content\">Assistez \u00e0 l\u2019\u00e9mission puis rencontrez l\u2019artiste juste apr\u00e8s un <strong>show live exclusif<\/strong>.<\/p>\n<p>Pas d\u2019inscription n\u00e9cessaire, l\u2019\u00e9v\u00e9nement est gratuit et ouvert \u00e0 tous.<\/p>\n<p>Blindtest au Babazula<\/p>\n<p class=\" wall-content\">ThoW et le bar BabaZula organisent un <strong>blindtest \u00ab\u2009\u00e0 la gueulante\u2009\u00bb<\/strong>, \u00e0 cinq manches et bonus avec plus de 120 musiques, <strong>samedi 17\u00a0janvier<\/strong>.<\/p>\n<p>182, avenue G\u00e9n\u00e9ral George Patton, Rennes.<\/p>\n<p>Nuit techno<\/p>\n<p class=\" wall-content\">Proposer une\u00a0<strong>exp\u00e9rience culturelle forte, \u00e0 la crois\u00e9e de la musique, du visuel et de l\u2019\u00e9v\u00e9nementiel,<\/strong>\u00a0tout en valorisant la dynamique de la sc\u00e8ne \u00e9lectronique locale et nationale. Tel est<strong>\u00a0l\u2019objectif du collectif rennais Futur<\/strong>\u00a0avec Arena 17.<\/p>\n<p class=\" wall-content\"><a href=\"https:\/\/actu.fr\/bretagne\/cesson-sevigne_35051\/shlomo-miza-rdo-a-rennes-futur-organise-une-nuit-electro-et-hard-techno-exceptionnelle-le-17-janvier_63648854.html\" target=\"_blank\" rel=\"noopener\">Plus d\u2019infos dans notre article d\u00e9di\u00e9<\/a>.<\/p>\n<p>Soir\u00e9e techno aux Grands Gamins<\/p>\n<p class=\" wall-content\">Le <strong>DJ Sal\u00e8ss<\/strong> organise sa premi\u00e8re de l\u2019ann\u00e9e 2026 au bar Les Grands Gamins, situ\u00e9 sur le mail Fran\u00e7ois Mitterrand, <strong>samedi, de 21h30 \u00e0 00h45<\/strong>. \u00ab\u2009Attendez-vous \u00e0 de la techno vitesse avec des notes d\u2019eurodance ou encore de trance \u00e0 la Malugi et Marlon Hoffstad\u2009\u00bb, promet l\u2019artiste.<\/p>\n<p>Entr\u00e9e gratuite.<\/p>\n<p>\u00c0 la d\u00e9couverte de sols vivants \u00e0 l\u2019\u00e9comus\u00e9e<\/p>\n<p class=\" wall-content\">Ce <strong>dimanche 18\u00a0janvier, de 14h \u00e0 18h, l\u2019\u00c9comus\u00e9e de la Bintinais<\/strong> invite le public \u00ab\u2009\u00e0 plonger au c\u0153ur de la vie des sols\u2009\u00bb.<\/p>\n<p class=\" wall-content\">Avec les associations Wild Bretagne et Cui-Cui, les participantes et participants pourront <strong>dessiner, coller, graver, \u00e9crire et \u00e9changer afin de faire \u00e9merger, ensemble, une grande fresque<\/strong> d\u00e9di\u00e9e aux sols et \u00e0 leurs habitants. \u00ab\u2009L\u2019atelier permettra de mieux comprendre la composition des sols, les esp\u00e8ces qui y vivent et les interactions invisibles qui rendent la terre fertile et vivante.\u2009\u00bb<\/p>\n<p class=\" wall-content\">Le public pourra aussi prendre part \u00e0 une <strong>broderie collective g\u00e9ante en laine, de 14h \u00e0 16h, puis de 17h15 \u00e0 18h<\/strong>. Une proposition artistique singuli\u00e8re, nomm\u00e9e L\u2019Origine du monde, cosmologie pour un futur vivable, port\u00e9e par Sentimentale Foule et inspir\u00e9e d\u2019une aquarelle de l\u2019artiste Suzanne Husky. Pour cette exp\u00e9rience, il faut s\u2019inscrire par mail \u00e0 <a href=\"https:\/\/actu.fr\/cdn-cgi\/l\/email-protection\" class=\"__cf_email__\" data-cfemail=\"f281979c869b9f979c86939e97949d879e97b2959f939b9edc919d9f\" target=\"_blank\" rel=\"noopener\">[email\u00a0protected]<\/a> (\u00e0 partir de 11\u00a0ans, 12\u00a0personnes maximum).<\/p>\n<p class=\" wall-content\">Enfin, en milieu d\u2019apr\u00e8s-midi, de 16h \u00e0 17h30, In\u00e8s Cassigneul de Sentimentale Foule<strong> mettra en sc\u00e8ne les contes de la terre.<\/strong> Les associations Wild Bretagne et Cui-Cui poursuivent le moment avec la lecture du fanzine Cui-cui.<\/p>\n<p class=\" wall-content\">Il y aura \u00e9galement un <strong>stand de vente par la librairie de quartier<\/strong> L\u2019\u00e9tabli des mots.<\/p>\n<p>Stand-up du Ducky Comedy Club<\/p>\n<p class=\" wall-content\">Le Ducky Comedy Club<strong> dimanche, \u00e0 18h,<\/strong> organise une nouvelle <strong>sc\u00e8ne ouverte<\/strong> de stand-up\u2009:<strong> 6 artistes<\/strong> viennent tester leurs meilleures blagues \u00e0 la <strong>salle de l\u2019asso du Bourg-l\u2019\u00c9v\u00eaque,<\/strong> au 16, rue Papu, \u00e0 Rennes<\/p>\n<p>L\u2019entr\u00e9e gratuite est sur <a href=\"https:\/\/l.facebook.com\/l.php?u=https%3A%2F%2Furlr.me%2FTsfYJ4%3Ffbclid%3DIwZXh0bgNhZW0CMTAAYnJpZBExeTBiUzFRZ2lJM2FUcVFTaHNydGMGYXBwX2lkEDIyMjAzOTE3ODgyMDA4OTIAAR7Jr62H_Zsq5FimsK_fm8RwKMGAzUjgw0rYj0738mbeawrpk1QW77jifxj_lw_aem_7S2qxNCkhd_2PeNNmS1UtQ&amp;h=AT1z3G7sPTZicpVpBZVl71FI2wfpyJch_zto4wEQXiCiK8BTyovAUC80g5aAtV7G9Hi1eJQLI2K2Ea-YznXbsi8fpCZupIAdfchl1543CNixypYDZTfZr0-GPcJDK-aw0Ns2HwqUrKLIDQDa&amp;__tn__=q&amp;c%5B0%5D=AT1BVN9DeqloqvGnyzH59JBwirBlAqC_W9UlgCCyhXj4SULF7y0xPJXTLLNIBuwUBkBS6K5gk_WOucDiPXsN2ZoCKqTt5Jy5Mf0IPbqj-xwF9MLKoOXGqrdubtZKBDfsVZJDO9Bd5lNo0JlpUlqD8MOH0nvnRaCQh7o\" target=\"_blank\" rel=\"noopener\">r\u00e9servation<\/a>. La sortie se fait \u00e0 prix libre (pr\u00e9voyez de la monnaie). Une buvette est tenue par les b\u00e9n\u00e9voles.<\/p>\n<p class=\" wall-content\">Personnalisez votre actualit\u00e9 en ajoutant vos villes et m\u00e9dias en favori avec <a href=\"https:\/\/moncompte.actu.fr\" title=\"D\u00e9couvez Mon Actu\" rel=\"nofollow noopener\" data-trk=\"{&quot;cta&quot;:{&quot;action&quot;:&quot;https:\\\/\\\/moncompte.actu.fr&quot;,&quot;category&quot;:&quot;mon compte&quot;,&quot;from&quot;:&quot;article footer&quot;,&quot;name&quot;:&quot;Mon actu&quot;,&quot;type&quot;:&quot;cta&quot;}}\" target=\"_blank\">Mon Actu<\/a>.<\/p>\n<p>                    <script async src=\"\/\/www.instagram.com\/embed.js\"><\/script><\/p>\n","protected":false},"excerpt":{"rendered":"Par Brian Le Goff Publi\u00e9 le 16 janv. 2026 \u00e0 16h50 D\u2019une soir\u00e9e en bo\u00eete de nuit r\u00e9serv\u00e9e&hellip;\n","protected":false},"author":2,"featured_media":668097,"comment_status":"","ping_status":"","sticky":false,"template":"","format":"standard","meta":{"footnotes":""},"categories":[2821],"tags":[1111,11,829,1777,674,1011,27,1652,12,584,25],"class_list":{"0":"post-668096","1":"post","2":"type-post","3":"status-publish","4":"format-standard","5":"has-post-thumbnail","7":"category-rennes","8":"tag-actu","9":"tag-actualites","10":"tag-bretagne","11":"tag-eu","12":"tag-europe","13":"tag-fr","14":"tag-france","15":"tag-loisirs-culture","16":"tag-news","17":"tag-rennes","18":"tag-republique-francaise"},"share_on_mastodon":{"url":"https:\/\/pubeurope.com\/@fr\/115905764008088694","error":""},"_links":{"self":[{"href":"https:\/\/www.europesays.com\/fr\/wp-json\/wp\/v2\/posts\/668096","targetHints":{"allow":["GET"]}}],"collection":[{"href":"https:\/\/www.europesays.com\/fr\/wp-json\/wp\/v2\/posts"}],"about":[{"href":"https:\/\/www.europesays.com\/fr\/wp-json\/wp\/v2\/types\/post"}],"author":[{"embeddable":true,"href":"https:\/\/www.europesays.com\/fr\/wp-json\/wp\/v2\/users\/2"}],"replies":[{"embeddable":true,"href":"https:\/\/www.europesays.com\/fr\/wp-json\/wp\/v2\/comments?post=668096"}],"version-history":[{"count":0,"href":"https:\/\/www.europesays.com\/fr\/wp-json\/wp\/v2\/posts\/668096\/revisions"}],"wp:featuredmedia":[{"embeddable":true,"href":"https:\/\/www.europesays.com\/fr\/wp-json\/wp\/v2\/media\/668097"}],"wp:attachment":[{"href":"https:\/\/www.europesays.com\/fr\/wp-json\/wp\/v2\/media?parent=668096"}],"wp:term":[{"taxonomy":"category","embeddable":true,"href":"https:\/\/www.europesays.com\/fr\/wp-json\/wp\/v2\/categories?post=668096"},{"taxonomy":"post_tag","embeddable":true,"href":"https:\/\/www.europesays.com\/fr\/wp-json\/wp\/v2\/tags?post=668096"}],"curies":[{"name":"wp","href":"https:\/\/api.w.org\/{rel}","templated":true}]}}