{"id":668102,"date":"2026-01-16T16:41:11","date_gmt":"2026-01-16T16:41:11","guid":{"rendered":"https:\/\/www.europesays.com\/fr\/668102\/"},"modified":"2026-01-16T16:41:11","modified_gmt":"2026-01-16T16:41:11","slug":"municipales-a-strasbourg-marine-tondelier-vient-soutenir-jeanne-barseghian","status":"publish","type":"post","link":"https:\/\/www.europesays.com\/fr\/668102\/","title":{"rendered":"Municipales \u00e0 Strasbourg\u00a0: Marine Tondelier vient soutenir Jeanne Barseghian"},"content":{"rendered":"<p>La secr\u00e9taire nationale des \u00c9cologistes, Marine Tondelier, \u00e9tait en d\u00e9placement \u00e0 Strasbourg vendredi 16 janvier, pour soutenir Jeanne Barseghian, la maire sortante. \u00c0 un an des municipales, la r\u00e9\u00e9lection de l\u2019\u00e9dile \u00e9cologiste appara\u00eet fragile, notamment en raison de divisions persistantes \u00e0 gauche.<\/p>\n<p>La secr\u00e9taire g\u00e9n\u00e9rale du parti \u00e9cologiste, <strong>Marine Tondelier, \u00e9tait \u00e0 Strasbourg ce lundi pour<\/strong> afficher son soutien \u00e0 Jeanne Barseghian, maire sortante de la capitale europ\u00e9enne et candidate \u00e0 sa r\u00e9\u00e9lection.<\/p>\n<p>Avec <strong>Bordeaux et Lyon<\/strong>, Strasbourg fait partie des grandes villes conquises par les \u00e9cologistes lors de la vague verte des municipales de 2020. <strong>Mais cette position pourrait \u00eatre remise en cause lors du prochain scrutin.<\/strong><\/p>\n<p>M\u00eame si elle s\u2019en d\u00e9fend, la venue de Marine Tondelier ressemble \u00e0 une <strong>op\u00e9ration de soutien strat\u00e9gique<\/strong>, alors que Jeanne Barseghian n\u2019est pas annonc\u00e9e favorite dans les premi\u00e8res enqu\u00eates d\u2019opinion.<\/p>\n<p>\u00ab\u00a0Nos sondages \u00e0 nous, ils sont dans les urnes\u00a0! En 2020, Jeanne Barseghian \u00e9tait annonc\u00e9e largement perdante\u00a0 par les sondages, et au final , elle a gagn\u00e9\u00a0!\u00a0\u00bb,\u00a0s&rsquo;exclame Marine Tondelier.<\/p>\n<p><strong>Une gauche divis\u00e9e \u00e0 Strasbourg<\/strong><\/p>\n<p>Parmi les principaux obstacles \u00e0 une r\u00e9\u00e9lection de la maire sortante\u00a0: <strong>l\u2019absence d\u2019union avec le Parti socialiste<\/strong>. La socialiste Catherine Trautmann a en effet refus\u00e9 de s\u2019inscrire dans l\u2019union de la gauche propos\u00e9e par Jeanne Barseghian, rendant l\u2019\u00e9quation \u00e9lectorale plus complexe.<\/p>\n<p>\u00ab\u00a0Madame Trautmann a dit qu&rsquo;elle pouvait faire alliance avec tout le monde sauf LFI et la liste que je conduis\u00a0! Elle pr\u00e9f\u00e8re faire alliance avec la droite plut\u00f4t qu&rsquo;avec nous. Il faut qu&rsquo;elle prenne ses responsabilit\u00e9s car la situation de Strasbourg est une anomalie.\u00a0\u00bb, s&rsquo;agace Jeanne Barseghian, la maire de Strasbourg. A l&rsquo;\u00e9chelle nationale, les alliances des \u00e9cologistes avec le parti socialiste pour les municipales sont en effet tr\u00e8s fr\u00e9quentes.<\/p>\n<p>Rappelons cependant qu&rsquo;en 2020, apr\u00e8s sa victoire aux municipales, <strong>Jeanne Barseghian avait elle-m\u00eame d\u00e9clin\u00e9 une alliance avec le PS de Catherine Trautmann<\/strong>, une d\u00e9cision qui continue de peser sur les relations entre les deux camps.<\/p>\n","protected":false},"excerpt":{"rendered":"La secr\u00e9taire nationale des \u00c9cologistes, Marine Tondelier, \u00e9tait en d\u00e9placement \u00e0 Strasbourg vendredi 16 janvier, pour soutenir Jeanne&hellip;\n","protected":false},"author":2,"featured_media":668103,"comment_status":"","ping_status":"","sticky":false,"template":"","format":"standard","meta":{"footnotes":""},"categories":[2820],"tags":[1111,11,1777,674,1011,27,775,12,25,640],"class_list":{"0":"post-668102","1":"post","2":"type-post","3":"status-publish","4":"format-standard","5":"has-post-thumbnail","7":"category-strasbourg","8":"tag-actu","9":"tag-actualites","10":"tag-eu","11":"tag-europe","12":"tag-fr","13":"tag-france","14":"tag-grand-est","15":"tag-news","16":"tag-republique-francaise","17":"tag-strasbourg"},"share_on_mastodon":{"url":"https:\/\/pubeurope.com\/@fr\/115905775727846088","error":""},"_links":{"self":[{"href":"https:\/\/www.europesays.com\/fr\/wp-json\/wp\/v2\/posts\/668102","targetHints":{"allow":["GET"]}}],"collection":[{"href":"https:\/\/www.europesays.com\/fr\/wp-json\/wp\/v2\/posts"}],"about":[{"href":"https:\/\/www.europesays.com\/fr\/wp-json\/wp\/v2\/types\/post"}],"author":[{"embeddable":true,"href":"https:\/\/www.europesays.com\/fr\/wp-json\/wp\/v2\/users\/2"}],"replies":[{"embeddable":true,"href":"https:\/\/www.europesays.com\/fr\/wp-json\/wp\/v2\/comments?post=668102"}],"version-history":[{"count":0,"href":"https:\/\/www.europesays.com\/fr\/wp-json\/wp\/v2\/posts\/668102\/revisions"}],"wp:featuredmedia":[{"embeddable":true,"href":"https:\/\/www.europesays.com\/fr\/wp-json\/wp\/v2\/media\/668103"}],"wp:attachment":[{"href":"https:\/\/www.europesays.com\/fr\/wp-json\/wp\/v2\/media?parent=668102"}],"wp:term":[{"taxonomy":"category","embeddable":true,"href":"https:\/\/www.europesays.com\/fr\/wp-json\/wp\/v2\/categories?post=668102"},{"taxonomy":"post_tag","embeddable":true,"href":"https:\/\/www.europesays.com\/fr\/wp-json\/wp\/v2\/tags?post=668102"}],"curies":[{"name":"wp","href":"https:\/\/api.w.org\/{rel}","templated":true}]}}