{"id":668112,"date":"2026-01-16T16:48:22","date_gmt":"2026-01-16T16:48:22","guid":{"rendered":"https:\/\/www.europesays.com\/fr\/668112\/"},"modified":"2026-01-16T16:48:22","modified_gmt":"2026-01-16T16:48:22","slug":"ou-bouger-a-bordeaux-du-19-au-25-janvier","status":"publish","type":"post","link":"https:\/\/www.europesays.com\/fr\/668112\/","title":{"rendered":"O\u00f9 bouger \u00e0 Bordeaux du 19 au 25 janvier ?"},"content":{"rendered":"<p>Le mois de janvier touche bient\u00f4t \u00e0 sa fin, mais l\u2019hiver se prolonge \u00e0 Bordeaux. Ce n\u2019est pas pour autant que la ville manque d\u2019activit\u00e9. Si tu ne veux pas passer tes soir\u00e9es et\/ou journ\u00e9es \u00e0 ruminer, on a la solution pour toi ! Une semaine bien remplie, entre soir\u00e9es, blind test, jeux de soci\u00e9t\u00e9, d\u00e9gustation de vins, sport (parce qu\u2019il faut tenir ses bonnes r\u00e9solutions) et sorties culturelles. Bonne semaine !<\/p>\n<p>LUNDI 19 JANVIER<\/p>\n<p>BOUGER POUR SA SANT\u00c9 \u2013 ON AIR FITNESS BORDEAUX<\/p>\n<p style=\"font-size:16px\">En ce d\u00e9but d\u2019ann\u00e9e, pense \u00e0 <strong>bouger pour ta sant\u00e9<\/strong> et d\u00e9couvre <strong>On Air Fitness Bordeaux<\/strong>, le r\u00e9seau de salles de sport pens\u00e9 pour te faire passer \u00e0 l\u2019action, quel que soit ton objectif. Ici, le sport devient un vrai moment pour toi, que tu veuilles te d\u00e9passer ou simplement prendre soin de toi.<\/p>\n<p style=\"font-size:16px\"><strong>Bouger pour se d\u00e9passer<\/strong> : envie de repousser tes limites en ce d\u00e9but d\u2019ann\u00e9e ? On Air Bordeaux te propose un entra\u00eenement complet avec <strong>cardio, renforcement, boxe, MMA ou cross-training<\/strong>. Chaque s\u00e9ance est un d\u00e9fi \u00e0 relever, et peu importe ton niveau, tu pourras transformer ta motivation en r\u00e9sultats concrets.<\/p>\n<p style=\"font-size:16px\"><strong>Bouger pour soi<\/strong> : et si tu faisais de ton bien-\u00eatre une priorit\u00e9 ? Chez On Air, ils t\u2019accompagnent pour trouver une pratique qui te ressemble. Te d\u00e9fouler, te tonifier ou juste te sentir mieux au quotidien, tout est possible dans un cadre adapt\u00e9 et motivant.<\/p>\n<p style=\"font-size:16px\">Avec <strong>4 clubs \u00e0 Bordeaux<\/strong> \u2014 <strong><a href=\"https:\/\/www.instagram.com\/onairfitness_merignac\/?hl=fr\" target=\"_blank\" rel=\"noreferrer noopener\">M\u00e9rignac<\/a>, <a href=\"https:\/\/www.instagram.com\/onairfitness_bordeauxbaf2\/\" target=\"_blank\" rel=\"noreferrer noopener\">Bassins \u00e0 Flot<\/a>, <a href=\"https:\/\/www.instagram.com\/onairfitness_villenavedornon\/?hl=fr\" target=\"_blank\" rel=\"noreferrer noopener\">Villenave-d\u2019Ornon<\/a> et <\/strong><a href=\"https:\/\/www.instagram.com\/onairfitness_bordeauxbelvedere\/?hl=fr\" target=\"_blank\" rel=\"noreferrer noopener\"><strong>Belv\u00e9d\u00e8re<\/strong> <\/a>\u2014 tu b\u00e9n\u00e9ficies de <strong>plus de 900 m\u00b2 par salle<\/strong>, d\u2019un mat\u00e9riel haut de gamme <strong>Technogym, Hammer Strength et Gym 80<\/strong>, d\u2019espaces force, cardio, boxing et parcours ninja. Certaines salles proposent aussi des cours collectifs comme <strong>zumba, yoga, Pilates ou Les Mills<\/strong>, pour varier les plaisirs.<\/p>\n<p style=\"font-size:16px\">Chez On Air, le sport devient une exp\u00e9rience compl\u00e8te, sur mesure et toujours motivante ! Alors, c\u2019est le moment pour <strong>BOUGER POUR SA SANT\u00c9<\/strong> !<\/p>\n<p><img fetchpriority=\"high\" decoding=\"async\" width=\"1024\" height=\"683\" data-id=\"88876\" src=\"https:\/\/www.europesays.com\/fr\/wp-content\/uploads\/2026\/01\/Espace-Cardio-ON-AIR-Fitness-Bordeaux-Bassins-a-flot-1024x683.jpg\" alt=\"\" class=\"wp-image-88876\"  \/><\/p>\n<p><img loading=\"lazy\" decoding=\"async\" width=\"683\" height=\"1024\" data-id=\"88877\" src=\"https:\/\/www.europesays.com\/fr\/wp-content\/uploads\/2026\/01\/DSC00076-683x1024.jpg\" alt=\"\" class=\"wp-image-88877\"  \/><\/p>\n<p><img loading=\"lazy\" decoding=\"async\" width=\"1024\" height=\"683\" data-id=\"88878\" src=\"https:\/\/www.europesays.com\/fr\/wp-content\/uploads\/2026\/01\/DSCF6421-1024x683.jpg\" alt=\"\" class=\"wp-image-88878\"  \/><\/p>\n<p class=\"has-text-align-center\" id=\"block-28a860b4-a7ba-46cd-a61e-bf1847ce2209\" style=\"font-size:16px\"><strong>On bouge ?<\/strong><br \/>\ud83d\udccd<strong>On Air Fitness<\/strong>\u00a0\u2022 Bordeaux Belv\u00e9d\u00e8re \u2013 Bordeaux Bassins \u00e0 Flot \u2013 M\u00e9rignac \u2013 Villenave d\u2019Ornon<br \/>\ud83d\udcc5 Du lundi au vendredi : 6h \u00e0 23h \u2022 Du samedi au dimanche : 8h \u00e0 20h<br \/>\ud83d\udcf2<a href=\"https:\/\/onair-fitness.fr\/\" target=\"_blank\" rel=\"noreferrer noopener\">Site web<\/a> \u2022 <a href=\"https:\/\/www.facebook.com\/onairfitnessclubs\/\" target=\"_blank\" rel=\"noreferrer noopener\">Facebook <\/a>\u2022 <a href=\"https:\/\/www.instagram.com\/onairfitness_officiel\/?hl=fr\" target=\"_blank\" rel=\"noreferrer noopener\">Instagram<\/a><\/p>\n<p>MARDI 20 JANVIER<\/p>\n<p>SOIR\u00c9E LOUPS-GAROUS DE THIERCELIEUX \u2013 JEUX BARJO<\/p>\n<p id=\"block-d64656e5-21ac-4e47-9516-fe73caf13da9\" style=\"font-size:16px\">Cette semaine, pr\u00e9pare-toi \u00e0 aiguiser ton instinct et ton sens de la d\u00e9duction. <strong>Jeux Barjo<\/strong> t\u2019invite \u00e0 une <strong>soir\u00e9e Loups-Garous<\/strong> o\u00f9 la parano\u00efa sera reine et o\u00f9 personne ne sera vraiment innocent. Le d\u00e9cor est plant\u00e9 : le bar se r\u00e9veille, le barman est toujours en vie\u2026 trop beau pour \u00eatre vrai. Et si <strong>c\u2019\u00e9tait lui, le Loup-Garou<\/strong> ? \u00c0 toi de mener l\u2019enqu\u00eate, de bluffer, d\u2019accuser, ou de survivre jusqu\u2019\u00e0 l\u2019aube.<\/p>\n<p style=\"font-size:16px\">Que tu sois joueur aguerri ou simple curieux, cette soir\u00e9e est l\u2019occasion id\u00e9ale de passer un moment fun, tendu et plein de rebondissements autour d\u2019un jeu culte. Ici, on parle, on observe, on doute, et parfois on se trompe\u2026 souvent.<\/p>\n<p style=\"font-size:16px\">L\u2019\u00e9v\u00e9nement d\u00e9marre \u00e0 <strong>20h<\/strong>, avec une <strong>participation de 5 \u20ac<\/strong>. Attention, les <strong>places sont limit\u00e9es \u00e0 24 joueur\u00b7se\u00b7s<\/strong>, alors mieux vaut r\u00e9server ta place \u00e0 l\u2019avance, <strong>sur place ou par t\u00e9l\u00e9phone<\/strong>.<\/p>\n<p id=\"block-d64656e5-21ac-4e47-9516-fe73caf13da9\" style=\"font-size:16px\">Pour t\u2019inscrire ou obtenir plus d\u2019infos, appelle le <strong>05.56.51.00.21<\/strong>. Une chose est s\u00fbre : \u00e0 la fin de la soir\u00e9e, quelqu\u2019un aura \u00e9t\u00e9 d\u00e9masqu\u00e9\u2026 ou d\u00e9vor\u00e9.<\/p>\n<p><img loading=\"lazy\" decoding=\"async\" width=\"960\" height=\"502\" src=\"https:\/\/www.europesays.com\/fr\/wp-content\/uploads\/2026\/01\/loup-garous.jpg\" alt=\"\" class=\"wp-image-88860\" style=\"aspect-ratio:1.473401485460575;width:641px;height:auto\"  \/><\/p>\n<p class=\"has-text-align-center\" id=\"block-b58e4d53-d299-4bf0-8e73-36b2f3477ee3\" style=\"font-size:16px\"><strong>On bouge ?<\/strong><br \/>\ud83d\udccdJeux Barjo \u2022 12 rue saint James, Bordeaux<br \/>\ud83d\udcc5 Mardi 20 janvier \u2022 \u00c0 20h<br \/>\u27a1\ufe0f <a href=\"https:\/\/www.bougerabordeaux.com\/agenda\/ou-bouger-a-bordeaux-du-19-au-25-janvier\/tel:0556510021\" target=\"_blank\" rel=\"noreferrer noopener nofollow\">R\u00e9servation par t\u00e9l\u00e9phone<\/a> <br \/>\ud83d\udcf2<a href=\"https:\/\/jeuxbarjo.com\/\" target=\"_blank\" rel=\"noreferrer noopener\">Site web<\/a> \u2022 <a href=\"https:\/\/www.instagram.com\/jeuxbarjo_bar\/\" target=\"_blank\" rel=\"noreferrer noopener\">Instagram <\/a>\u2022 <a href=\"https:\/\/www.facebook.com\/jeuxbarjobordeaux\" target=\"_blank\" rel=\"noreferrer noopener\">Facebook<\/a><\/p>\n<p>MERCREDI 21 JANVIER<\/p>\n<p>RENCONTRE LITT\u00c9RAIRE EXCLUSIVE AVEC COLOMBE SCHNECK<\/p>\n<p id=\"block-79d1ffd9-072e-4939-97c2-d2103e57493d\" style=\"font-size:16px\">Si tu aimes les rendez-vous litt\u00e9raires qui laissent une vraie empreinte, note bien celui-ci dans ton agenda. Direction l\u2019Espace Culturel E.Leclerc de Saint-M\u00e9dard pour une rencontre autour de <strong>Philip &amp; moi<\/strong>, le nouveau roman de <strong>Colombe Schneck<\/strong>, et une plong\u00e9e fascinante entre m\u00e9moire, jeunesse et grandes figures am\u00e9ricaines.<\/p>\n<p style=\"font-size:16px\">Le livre t\u2019emm\u00e8ne \u00e0 l\u2019\u00e9t\u00e9 1991, dans le Connecticut. Esther a 19 ans, elle est jeune fille au pair chez Francine du Plessix, journaliste am\u00e9ricaine d\u2019origine fran\u00e7aise. Dans cette maison, tout gravite autour d\u2019un voisin mythique : <strong>Philip Roth<\/strong>. Esther observe, \u00e9coute, se fond dans ce clan singulier, t\u00e9moin discret d\u2019une amiti\u00e9 intense et d\u2019un monde intellectuel vibrant. Quarante ans plus tard, elle revient sur les lieux, alors que Philip Roth et Francine ne sont plus l\u00e0. Les souvenirs remontent, les liens se redessinent, et le temps devient un personnage \u00e0 part enti\u00e8re.<\/p>\n<p style=\"font-size:16px\">Ce <strong>mercredi 21 janvier 2026<\/strong>, tu pourras rencontrer Colombe Schneck lors d\u2019une <strong>s\u00e9ance de d\u00e9dicaces \u00e0 17h30<\/strong>, suivie d\u2019une <strong>conf\u00e9rence \u00e0 19h<\/strong>. L\u2019occasion parfaite d\u2019\u00e9changer avec l\u2019autrice et de d\u00e9couvrir les coulisses de ce r\u00e9cit sensible et captivant.<\/p>\n<p id=\"block-79d1ffd9-072e-4939-97c2-d2103e57493d\" style=\"font-size:16px\">L\u2019\u00e9v\u00e9nement est <strong>gratuit<\/strong>, ouvert \u00e0 tous, et id\u00e9al pour nourrir ton d\u00e9but d\u2019ann\u00e9e de litt\u00e9rature et de belles rencontres.<\/p>\n<p><img loading=\"lazy\" decoding=\"async\" width=\"768\" height=\"1024\" src=\"https:\/\/www.europesays.com\/fr\/wp-content\/uploads\/2026\/01\/Colombe-Schneck-06-fond-\ufffdPatrice-Normand-2-768x1024.jpg\" alt=\"\" class=\"wp-image-88857\" style=\"width:436px;height:auto\"  \/>\u00a9Patrice Normand<\/p>\n<p class=\"has-text-align-center\" id=\"block-6d99d356-f753-4976-8b0b-f471183d35db\" style=\"font-size:16px\"><strong>On bouge ?<\/strong><br \/>\ud83d\udccdEspace Culturel E.Leclerc Saint-M\u00e9dard<br \/>\ud83d\udcc5 Mercredi 21 janvier 2026 \u2022 <strong>17h30 <\/strong>: d\u00e9dicaces \u2013 <strong>19h <\/strong>: conf\u00e9rence<br \/>\ud83d\udc9b Entr\u00e9e gratuite<br \/>\u27a1\ufe0f<a href=\"https:\/\/www.google.fr\/search?q=E.Leclerc+Espace+Culturel&amp;ludocid=8970319215452126147&amp;lpsid=CIHM0ogKELWSzuCliv6-jwE&amp;source=sh\/x\/localposts\/m1\/1&amp;lsig=AB86z5WxvQ_7P4xpN66UoYxwpqHU&amp;shndl=-1&amp;shem=damc,shrtsdl&amp;kgs=d8178915f7fd310f&amp;utm_source=damc,shrtsdl,sh\/x\/localposts\/m1\/1\" target=\"_blank\" rel=\"noreferrer noopener\">Lien de l\u2019\u00e9v\u00e8nement<\/a><br \/>\ud83d\udcf2<a href=\"https:\/\/www.instagram.com\/espaceculturelsaintmedard\/\" target=\"_blank\" rel=\"noreferrer noopener\">Instagram <\/a><\/p>\n<p>JEUDI 22 JANVIER<\/p>\n<p>L\u2019ART DE SCULPTER LA VIGNE EN 3 VINS \u2013 CITE DU VIN<\/p>\n<p id=\"block-6548f588-214a-41c6-9efd-e7085ae46bfe\" style=\"font-size:16px\">Cette semaine, impossible de passer \u00e0 c\u00f4t\u00e9 de cet <strong>afterwork d\u00e9gustation<\/strong> qui m\u00eale savoir-faire, voyage et plaisir des sens. <strong>Jeudi 22 janvier 2026<\/strong>, la <strong>Cit\u00e9 du Vin<\/strong> t\u2019invite \u00e0 d\u00e9couvrir L\u2019art de sculpter la vigne, en 3 vins, une exp\u00e9rience accessible \u00e0 tous, que tu sois amateur \u00e9clair\u00e9 ou simple curieux.<\/p>\n<p style=\"font-size:16px\">Le principe est simple et s\u00e9duisant : en <strong>une heure<\/strong>, tu d\u00e9gustes <strong>trois vins<\/strong> pour comprendre comment la taille et la conduite de la vigne fa\u00e7onnent directement le go\u00fbt dans ton verre. Le voyage commence en <strong>V\u00e9n\u00e9tie<\/strong>, sur les collines du Conegliano Valdobbiadene, class\u00e9es \u00e0 l\u2019UNESCO, o\u00f9 la vigne dessine le paysage et donne naissance \u00e0 des vins d\u2019une grande fra\u00eecheur. Cap ensuite sur <strong>Maury<\/strong>, dans les Pyr\u00e9n\u00e9es-Orientales, avec ses vignes en gobelet, basses et puissantes, qui concentrent intensit\u00e9 et g\u00e9n\u00e9rosit\u00e9 aromatique. Derni\u00e8re escale en <strong>Australie<\/strong>, o\u00f9 la ma\u00eetrise technique permet de modeler avec pr\u00e9cision le profil des vins.<\/p>\n<p id=\"block-6548f588-214a-41c6-9efd-e7085ae46bfe\" style=\"font-size:16px\">Anim\u00e9e par <strong>Stefania Martinez<\/strong>, superviseuse sommellerie \u00e0 la Cit\u00e9 du Vin, cette d\u00e9gustation est propos\u00e9e en <strong>deux s\u00e9ances, \u00e0 18h30 et 20h30<\/strong> (dur\u00e9e de la s\u00e9ance : 1h). C\u00f4t\u00e9 tarifs, compte <strong>20 \u20ac<\/strong> (ou <strong>14 \u20ac en r\u00e9duit<\/strong>). Un afterwork id\u00e9al pour apprendre, d\u00e9guster et voyager sans quitter Bordeaux.<\/p>\n<p><img loading=\"lazy\" decoding=\"async\" width=\"1024\" height=\"545\" src=\"https:\/\/www.europesays.com\/fr\/wp-content\/uploads\/2026\/01\/22.01.26-1024x545.png\" alt=\"\" class=\"wp-image-88861\" style=\"aspect-ratio:1.8789319166783167;width:668px;height:auto\"  \/><\/p>\n<p class=\"has-text-align-center\" id=\"block-0f11c943-2665-4762-b77a-0c648400ebfd\" style=\"font-size:16px\"><strong>On bouge ?<\/strong><br \/>\ud83d\udccd\u00a0Cit\u00e9 du Vin, Bordeaux<br \/>\ud83d\udcc5 Jeudi 22 janvier \u2022 18h30 ou 20h30<br \/>\u27a1\ufe0f <a href=\"https:\/\/www.laciteduvin.com\/fr\/agenda\/l-art-de-sculpter-la-vigne-en-3-vins-18h30\" target=\"_blank\" rel=\"noreferrer noopener\">R\u00e9servation <\/a><br \/>\ud83d\udcf2<a href=\"https:\/\/www.laciteduvin.com\/fr\" target=\"_blank\" rel=\"noreferrer noopener\">Site web<\/a> \u2022 <a href=\"https:\/\/www.instagram.com\/laciteduvin\/\" target=\"_blank\" rel=\"noreferrer noopener\">Instagram <\/a>\u2022 <a href=\"https:\/\/www.facebook.com\/laciteduvin\/\" target=\"_blank\" rel=\"noreferrer noopener\">Facebook<\/a><\/p>\n<p>VENDREDI 23 JANVIER<\/p>\n<p>BLIND TEST \u2013 ARCHI POP RECORDS <\/p>\n<p id=\"block-e0888091-b201-49ba-a925-1786b49e1e90\" style=\"font-size:16px\">Vendredi pr\u00e9pare-toi \u00e0 tendre l\u2019oreille et \u00e0 r\u00e9viser ta culture musicale. Le <strong>Blind Test d\u2019Archi Pop<\/strong> fait son grand retour et promet une soir\u00e9e aussi d\u00e9jant\u00e9e qu\u2019\u00e9clectique. Ici, oublie les playlists trop sages : le concept repose sur des <strong>th\u00e8mes volontairement d\u00e9biles<\/strong>, des surprises \u00e0 chaque manche et surtout des <strong>lots \u00e0 gagner<\/strong> pour les oreilles les plus aff\u00fbt\u00e9es.<\/p>\n<p style=\"font-size:16px\">Install\u00e9 en plein c\u0153ur de <strong>Saint-Michel<\/strong>, <strong>Archi Pop Records<\/strong> n\u2019est pas qu\u2019un simple bar. C\u2019est aussi un disquaire passionn\u00e9 o\u00f9 tous les styles cohabitent sans complexe. Du <strong>City-Pop<\/strong> au <strong>Hip-hop<\/strong>, du <strong>Vaporwave<\/strong> au <strong>Rock<\/strong>, en passant par la <strong>Disco<\/strong>, le <strong>Jazz<\/strong>, l\u2019<strong>Hyperpop<\/strong> ou encore les <strong>VGM<\/strong>, tout peut tomber, sans pr\u00e9venir. Mainstream ou underground, vintage ou ultra-actuel : ici, aucune fronti\u00e8re musicale.<\/p>\n<p id=\"block-e0888091-b201-49ba-a925-1786b49e1e90\" style=\"font-size:16px\">Que tu viennes pour gagner, pour t\u2019ambiancer ou juste pour tester ta m\u00e9moire auditive, ce blind test est l\u2019occasion parfaite de passer une <strong>soir\u00e9e conviviale et pleine de groove.<\/strong> Une chose est s\u00fbre : tu ne repartiras pas sans avoir chantonn\u00e9 au moins un refrain.<\/p>\n<p><img loading=\"lazy\" decoding=\"async\" width=\"678\" height=\"510\" src=\"https:\/\/www.bougerabordeaux.com\/wp-content\/uploads\/2026\/01\/archi-pop.webp\" alt=\"\" class=\"wp-image-88864\" style=\"width:566px;height:auto\"  \/><\/p>\n<p class=\"has-text-align-center\" id=\"block-ff14a63a-c239-4b89-9abf-885a9badfdaf\" style=\"font-size:16px\"><strong>On bouge ?<br \/><\/strong>\ud83d\udccd Archi Pop Records \u2022 18 rue des allamandiers, Bordeaux<br \/>\ud83d\udcc5 Vendredi 23 janvier \u2022 21h<br \/>\ud83d\udc9b Ouvert \u00e0 toutes et tous<br \/>\ud83d\udcf2<a href=\"https:\/\/archi-pop.com\/\" target=\"_blank\" rel=\"noreferrer noopener\">Site web<\/a> \u2022 <a href=\"https:\/\/www.instagram.com\/archipoprecords\/\" target=\"_blank\" rel=\"noreferrer noopener\">Instagram <\/a><\/p>\n<p>SAMEDI 24 JANVIER<\/p>\n<p>HECTO DAYTIME PARTY \u2013 LES VIATIQUES<\/p>\n<p id=\"block-656e783f-df94-4b84-8532-b80c1372dbea\" style=\"font-size:16px\"><strong>Samedi 24 janvier<\/strong>, le collectif <strong>Les Viatiques<\/strong> investit l\u2019<strong>Hecto<\/strong> pour un format <strong>All Day Long<\/strong>, derri\u00e8re les vitres de ce bar-brasserie de quartier devenu spot incontournable. Une journ\u00e9e plac\u00e9e sous le signe des musiques \u00e9lectroniques ind\u00e9pendantes, de la proximit\u00e9 et d\u2019une ambiance r\u00e9solument libre.<\/p>\n<p style=\"font-size:16px\">D\u00e8s l\u2019apr\u00e8s-midi, les s\u00e9lections s\u2019encha\u00eenent avec <strong>Vadim Svoboda en live<\/strong>, <strong>Tom Joyce &amp; Roman Danilo<\/strong> et <strong>Tigo<\/strong>, le tout propuls\u00e9 par un <strong>sound system Funktion-One<\/strong> pour une exp\u00e9rience sonore \u00e0 la hauteur. Ici, pas de grosses machines impersonnelles : <strong>Les Viatiques<\/strong> revendiquent des f\u00eates intimes, sinc\u00e8res et profond\u00e9ment ancr\u00e9es dans la sc\u00e8ne bordelaise.<\/p>\n<p style=\"font-size:16px\">Et parce que la nuit ne s\u2019arr\u00eate jamais vraiment, une <strong>afterparty<\/strong> prendra le relais au <strong><a href=\"https:\/\/www.instagram.com\/bien_public_bordeaux\/?hl=fr\" target=\"_blank\" rel=\"noreferrer noopener\">Bien Public<\/a><\/strong> pour prolonger la danse. Le Hecto, ouvert 7 jours sur 7, est facilement accessible en tram ou en bus, parfait pour venir tra\u00eener toute la journ\u00e9e.<\/p>\n<p id=\"block-656e783f-df94-4b84-8532-b80c1372dbea\" style=\"font-size:16px\">C\u00f4t\u00e9 billets, compte <strong>5 \u00e0 8 \u20ac (+ frais)<\/strong>. Une excellente fa\u00e7on de d\u00e9marrer l\u2019ann\u00e9e, entour\u00e9 de bonnes vibes et de musique exigeante.<\/p>\n<p><img loading=\"lazy\" decoding=\"async\" width=\"960\" height=\"540\" src=\"https:\/\/www.europesays.com\/fr\/wp-content\/uploads\/2026\/01\/les-viatiques.jpg\" alt=\"\" class=\"wp-image-88870\" style=\"width:706px;height:auto\"  \/><\/p>\n<p class=\"has-text-align-center\" id=\"block-53439d5a-8d07-458a-a3bc-e19407c47c61\" style=\"font-size:16px\"><strong>On bouge ?<\/strong><br \/>\ud83d\udccdHecto \u2022 Place Marie de Gournay, Bordeaux<br \/>\ud83d\udcc5 Samedi 24 janvier \u2022 De 17h \u00e0 minuit<br \/>\u27a1\ufe0f<a href=\"https:\/\/shotgun.live\/fr\/events\/les-viatiques-hecto-daytime-party\" target=\"_blank\" rel=\"noreferrer noopener\">Billetterie<\/a><br \/>\ud83d\udcf2\u00a0<a href=\"https:\/\/shotgun.live\/fr\/venues\/les-viatiques\" target=\"_blank\" rel=\"noreferrer noopener\">Site web<\/a> \u2022 <a href=\"https:\/\/www.instagram.com\/les_viatiques\/#\" target=\"_blank\" rel=\"noreferrer noopener\">Instagram <\/a>\u2022 <a href=\"https:\/\/www.facebook.com\/lesviatiques\" target=\"_blank\" rel=\"noreferrer noopener\">Facebook<\/a><\/p>\n<p>DIMANCHE 25 JANVIER<\/p>\n<p>DANSER POUR L\u2019IMAGE, FILMER LA DANSE \u2013 FESTIVAL TRENTE TRENTE <\/p>\n<p id=\"block-4c670d19-c39a-44bc-8604-5def0952c1b4\" style=\"font-size:16px\">Ce dimanche 25 janvier, de <strong>10h \u00e0 13h<\/strong>, plonge dans l\u2019univers fascinant de la <strong>danse film\u00e9e<\/strong> \u00e0 la <strong>Halle des Chartrons<\/strong> avec l\u2019atelier <strong>Danser pour l\u2019image<\/strong>, anim\u00e9 par <strong>Matteo Sedda, Marco Labellarte et Giulio Boato<\/strong>. Tu y apprendras \u00e0 traduire le mouvement en langage visuel, \u00e0 capter la danse et \u00e0 questionner ta prise de vue. L\u2019accent sera mis sur la relation sensible entre la performeuse ou le performeur qui occupe l\u2019espace sc\u00e9nique et ton regard de cadreur ou cadreuse.<\/p>\n<p style=\"font-size:16px\">Cet atelier s\u2019inscrit dans le cadre du festival <strong>Trente Trente<\/strong>, qui revient pour sa <strong>23\u1d49 \u00e9dition<\/strong> avec son \u00e9nergie d\u2019exp\u00e9rimentation et son regard sur la cr\u00e9ation contemporaine. Entre <strong>danse, performance, musique, th\u00e9\u00e2tre, marionnette et cin\u00e9ma<\/strong>, le festival explore la richesse de la <strong>sc\u00e8ne locale, nationale et internationale.<\/strong><\/p>\n<p id=\"block-4c670d19-c39a-44bc-8604-5def0952c1b4\" style=\"font-size:16px\">L\u2019atelier est aussi li\u00e9 \u00e0 la performance <strong>FUCK ME BLIND<\/strong> de Matteo Sedda et au travail du vid\u00e9aste Giulio Boato, qui pr\u00e9sentera le lendemain son court-m\u00e9trage <strong>DARK HORSE<\/strong> \u00e0 l\u2019Utopia. Une exp\u00e9rience immersive pour d\u00e9velopper ton \u0153il et ton sens du mouvement.<\/p>\n<p><img loading=\"lazy\" decoding=\"async\" width=\"700\" height=\"446\" src=\"https:\/\/www.bougerabordeaux.com\/wp-content\/uploads\/2026\/01\/trente.webp\" alt=\"\" class=\"wp-image-88875\"  \/><\/p>\n<p class=\"has-text-align-center\" id=\"block-7bfafc15-9fe3-4ca4-b881-1ac981a0628c\" style=\"font-size:16px\"><strong>On bouge ?<\/strong><br \/>\ud83d\udccdHalle des Chartrons, Bordeaux <br \/>\ud83d\udcc5 Dimanche 25 janvier \u2022 De 10h \u00e0 13h<br \/>\ud83d\udc9b Ouvert aux personnes ayant un lien avec la danse et\/ou la vid\u00e9o \u2022 25 euros<br \/>\u27a1\ufe0f <a href=\"https:\/\/www.trentetrente.com\/billetterie-2026.html\" target=\"_blank\" rel=\"noreferrer noopener\">Billetterie<\/a><br \/>\ud83d\udcf2\u00a0<a href=\"https:\/\/www.trentetrente.com\/\" target=\"_blank\" rel=\"noreferrer noopener\">Site Web<\/a> \u2022 <a href=\"https:\/\/www.facebook.com\/trentetrente.lesrencontres\" target=\"_blank\" rel=\"noreferrer noopener\">Facebook <\/a>\u2022 <a href=\"https:\/\/www.instagram.com\/trentetrente.lesrencontres\/?hl=fr\" target=\"_blank\" rel=\"noreferrer noopener\">Instagram<\/a><\/p>\n<p id=\"block-b8e67c7e-b838-4edb-96bd-69076ba9d317\" style=\"font-size:16px\">Alors tu bouges o\u00f9 cette semaine ?<\/p>\n<p id=\"block-ce4a58d5-8433-4921-9804-6b48bf417b54\" style=\"font-size:16px\">couverture : \u00a9stefan_rodriguez_photographies <\/p>\n<p>\t\t<script async src=\"\/\/www.instagram.com\/embed.js\"><\/script><\/p>\n","protected":false},"excerpt":{"rendered":"Le mois de janvier touche bient\u00f4t \u00e0 sa fin, mais l\u2019hiver se prolonge \u00e0 Bordeaux. Ce n\u2019est pas&hellip;\n","protected":false},"author":2,"featured_media":668113,"comment_status":"","ping_status":"","sticky":false,"template":"","format":"standard","meta":{"footnotes":""},"categories":[2817],"tags":[1111,11,1997,1777,674,1011,27,12,2219,25],"class_list":{"0":"post-668112","1":"post","2":"type-post","3":"status-publish","4":"format-standard","5":"has-post-thumbnail","7":"category-bordeaux","8":"tag-actu","9":"tag-actualites","10":"tag-bordeaux","11":"tag-eu","12":"tag-europe","13":"tag-fr","14":"tag-france","15":"tag-news","16":"tag-nouvelle-aquitaine","17":"tag-republique-francaise"},"share_on_mastodon":{"url":"https:\/\/pubeurope.com\/@fr\/115905803864042817","error":""},"_links":{"self":[{"href":"https:\/\/www.europesays.com\/fr\/wp-json\/wp\/v2\/posts\/668112","targetHints":{"allow":["GET"]}}],"collection":[{"href":"https:\/\/www.europesays.com\/fr\/wp-json\/wp\/v2\/posts"}],"about":[{"href":"https:\/\/www.europesays.com\/fr\/wp-json\/wp\/v2\/types\/post"}],"author":[{"embeddable":true,"href":"https:\/\/www.europesays.com\/fr\/wp-json\/wp\/v2\/users\/2"}],"replies":[{"embeddable":true,"href":"https:\/\/www.europesays.com\/fr\/wp-json\/wp\/v2\/comments?post=668112"}],"version-history":[{"count":0,"href":"https:\/\/www.europesays.com\/fr\/wp-json\/wp\/v2\/posts\/668112\/revisions"}],"wp:featuredmedia":[{"embeddable":true,"href":"https:\/\/www.europesays.com\/fr\/wp-json\/wp\/v2\/media\/668113"}],"wp:attachment":[{"href":"https:\/\/www.europesays.com\/fr\/wp-json\/wp\/v2\/media?parent=668112"}],"wp:term":[{"taxonomy":"category","embeddable":true,"href":"https:\/\/www.europesays.com\/fr\/wp-json\/wp\/v2\/categories?post=668112"},{"taxonomy":"post_tag","embeddable":true,"href":"https:\/\/www.europesays.com\/fr\/wp-json\/wp\/v2\/tags?post=668112"}],"curies":[{"name":"wp","href":"https:\/\/api.w.org\/{rel}","templated":true}]}}