{"id":668114,"date":"2026-01-16T16:49:34","date_gmt":"2026-01-16T16:49:34","guid":{"rendered":"https:\/\/www.europesays.com\/fr\/668114\/"},"modified":"2026-01-16T16:49:34","modified_gmt":"2026-01-16T16:49:34","slug":"des-voeux-de-la-bastide-en-musique-avec-les-jeunes-talents-du-college-jacques-ellul","status":"publish","type":"post","link":"https:\/\/www.europesays.com\/fr\/668114\/","title":{"rendered":"des v\u0153ux de la Bastide en musique avec les jeunes talents du coll\u00e8ge Jacques-Ellul"},"content":{"rendered":"<p>Ce jeudi 15\u00a0janvier, \u00e0 la Maison cantonale de la Bastide, Fran\u00e7oise Fr\u00e9my, maire adjointe&#8230;<\/p>\n<p>Ce jeudi 15\u00a0janvier, \u00e0 la Maison cantonale de la Bastide, Fran\u00e7oise Fr\u00e9my, maire adjointe du quartier, a invit\u00e9 les Bordelais \u00e0 la c\u00e9r\u00e9monie annuelle des v\u0153ux, en pr\u00e9sence de Pierre Hurmic, maire de Bordeaux. Mais pas de longs discours, la soir\u00e9e \u00e9tait plac\u00e9e sous le signe de la convivialit\u00e9 et de la musique.<\/p>\n","protected":false},"excerpt":{"rendered":"Ce jeudi 15\u00a0janvier, \u00e0 la Maison cantonale de la Bastide, Fran\u00e7oise Fr\u00e9my, maire adjointe&#8230; Ce jeudi 15\u00a0janvier, \u00e0&hellip;\n","protected":false},"author":2,"featured_media":668115,"comment_status":"","ping_status":"","sticky":false,"template":"","format":"standard","meta":{"footnotes":""},"categories":[2817],"tags":[1111,11,1997,1777,674,1011,27,12,2219,25],"class_list":{"0":"post-668114","1":"post","2":"type-post","3":"status-publish","4":"format-standard","5":"has-post-thumbnail","7":"category-bordeaux","8":"tag-actu","9":"tag-actualites","10":"tag-bordeaux","11":"tag-eu","12":"tag-europe","13":"tag-fr","14":"tag-france","15":"tag-news","16":"tag-nouvelle-aquitaine","17":"tag-republique-francaise"},"share_on_mastodon":{"url":"https:\/\/pubeurope.com\/@fr\/115905807363548056","error":""},"_links":{"self":[{"href":"https:\/\/www.europesays.com\/fr\/wp-json\/wp\/v2\/posts\/668114","targetHints":{"allow":["GET"]}}],"collection":[{"href":"https:\/\/www.europesays.com\/fr\/wp-json\/wp\/v2\/posts"}],"about":[{"href":"https:\/\/www.europesays.com\/fr\/wp-json\/wp\/v2\/types\/post"}],"author":[{"embeddable":true,"href":"https:\/\/www.europesays.com\/fr\/wp-json\/wp\/v2\/users\/2"}],"replies":[{"embeddable":true,"href":"https:\/\/www.europesays.com\/fr\/wp-json\/wp\/v2\/comments?post=668114"}],"version-history":[{"count":0,"href":"https:\/\/www.europesays.com\/fr\/wp-json\/wp\/v2\/posts\/668114\/revisions"}],"wp:featuredmedia":[{"embeddable":true,"href":"https:\/\/www.europesays.com\/fr\/wp-json\/wp\/v2\/media\/668115"}],"wp:attachment":[{"href":"https:\/\/www.europesays.com\/fr\/wp-json\/wp\/v2\/media?parent=668114"}],"wp:term":[{"taxonomy":"category","embeddable":true,"href":"https:\/\/www.europesays.com\/fr\/wp-json\/wp\/v2\/categories?post=668114"},{"taxonomy":"post_tag","embeddable":true,"href":"https:\/\/www.europesays.com\/fr\/wp-json\/wp\/v2\/tags?post=668114"}],"curies":[{"name":"wp","href":"https:\/\/api.w.org\/{rel}","templated":true}]}}