{"id":668118,"date":"2026-01-16T16:51:12","date_gmt":"2026-01-16T16:51:12","guid":{"rendered":"https:\/\/www.europesays.com\/fr\/668118\/"},"modified":"2026-01-16T16:51:12","modified_gmt":"2026-01-16T16:51:12","slug":"municipales-2026-a-toulouse-les-ambitions-du-rn-en-haute-garonne","status":"publish","type":"post","link":"https:\/\/www.europesays.com\/fr\/668118\/","title":{"rendered":"Municipales 2026 \u00e0 Toulouse\u00a0: les ambitions du RN en Haute-Garonne"},"content":{"rendered":"<p>\n                                                                    l&rsquo;essentiel<br \/>\n                                                                Le Rassemblement national conduira des listes dans sept communes de la Haute-Garonne dont Toulouse aux municipales de mars. Les t\u00eates de liste ont \u00e9t\u00e9 pr\u00e9sent\u00e9es ce vendredi.\n                            <\/p>\n<p>De quatre candidats t\u00eates de liste en 2020, le RN passera \u00e0 sept pour les municipales 2026 en Haute-Garonne. Pour Toulouse, il s\u2019agit de Julien Leonardelli, 38 ans, d\u00e9put\u00e9 europ\u00e9en et conseiller r\u00e9gional, qui avait \u00e9t\u00e9 candidat aux municipales 2020 \u00e0 Fronton. \u00c0 Muret\u00a0: Fabio Serra, 21 ans, \u00e9tudiant en droit et sciences politiques \u00e0 l\u2019universit\u00e9 Capitole. \u00c0 Saint-Gaudens\u00a0: Lo\u00efc Delchard, 35 ans, chef d\u2019entreprise dans le BTP. \u00c0 Fontenilles\u00a0: Nadine Demange-Fierlej, 56 ans, employ\u00e9e de service, conseill\u00e8re municipale. \u00c0 Plaisance-du-Touch\u00a0: Anthony Brefel, 27 ans, ancien attach\u00e9 parlementaire europ\u00e9en. \u00c0 Mondonville\u00a0: Christophe Brosed, 57 ans, mara\u00eecher. \u00c0 Saint-Jory\u00a0: Cl\u00e9ment Blot, 27 ans, ancien militaire dans la marine, commercial.<\/p>\n<p>Les t\u00eates de liste ont \u00e9t\u00e9 pr\u00e9sent\u00e9es ce vendredi par le secr\u00e9taire d\u00e9partemental du RN, Julien Leonardelli. \u00ab\u00a0C\u2019est la premi\u00e8re fois que nous serons pr\u00e9sents dans les trois principales villes du d\u00e9partement\u00a0: Toulouse, Muret et Saint-Gaudens\u00a0\u00bb, s\u2019est-il f\u00e9licit\u00e9 en mettant de l\u2019avant trois mots d\u2019ordre\u00a0: \u00ab\u00a0plus d\u2019ordre, plus de justice, plus de respect\u00a0\u00bb. Il a insist\u00e9 sur ce dernier terme\u00a0: \u00ab\u00a0Quand, nous, Fran\u00e7ais, serons-nous respect\u00e9s\u00a0?\u00a0\u00bb<\/p>\n<p>\u00ab\u00a0Avoir des \u00e9lus au Capitole\u00a0\u00bb<\/p>\n<p>\u00c0 Toulouse, la t\u00eate de liste, finalement pr\u00e9f\u00e9r\u00e9e \u00e0 Nicolas Bonleux, repr\u00e9sentant la formation d\u2019\u00c9ric Ciotti, alli\u00e9e au RN, veut franchir le cap des 10\u00a0% de voix au premier tour et donc \u00ab\u00a0avoir des \u00e9lus\u00a0\u00bb. \u00ab\u00a0Il n\u2019est pas normal que des milliers d\u2019\u00e9lecteurs ne soient pas repr\u00e9sent\u00e9s au Capitole\u00a0\u00bb, a lanc\u00e9 Julien Leonardelli en incluant aussi le D\u00e9partement, cible des prochaines \u00e9lections locales en 2028.<\/p>\n<p>Le candidat, qui\u00a0pr\u00e9voit de pr\u00e9senter son programme\u00a0d\u00e9but f\u00e9vrier, a donn\u00e9 les grands th\u00e8mes de sa campagne\u00a0: la s\u00e9curit\u00e9 d\u2019abord, la \u00ab\u00a0vitalit\u00e9 des quartiers\u00a0\u00bb, le pouvoir d\u2019achat et la mobilit\u00e9. Julien Leonardelli affirme qu\u2019il a commenc\u00e9 \u00e0 battre le pav\u00e9 et que la premi\u00e8re des pr\u00e9occupations recueillies est la s\u00e9curit\u00e9. \u00ab\u00a0On ne sort plus de mani\u00e8re sereine la nuit et m\u00eame dans la journ\u00e9e\u00a0\u00bb, estime le candidat du RN dont la liste comprendra aussi des sympathisants non encart\u00e9s.<\/p>\n<p>Le candidat de Muret, Fabio Serra, va inaugurer son local de campagne ce samedi apr\u00e8s-midi. Ce sera le seul des sept t\u00eates de liste qui disposera d\u2019un local.<\/p>\n","protected":false},"excerpt":{"rendered":"l&rsquo;essentiel Le Rassemblement national conduira des listes dans sept communes de la Haute-Garonne dont Toulouse aux municipales de&hellip;\n","protected":false},"author":2,"featured_media":668119,"comment_status":"","ping_status":"","sticky":false,"template":"","format":"standard","meta":{"footnotes":""},"categories":[2816],"tags":[1111,11,1777,674,1011,27,329,2722,3434,12,2680,316,25,2312,37919],"class_list":{"0":"post-668118","1":"post","2":"type-post","3":"status-publish","4":"format-standard","5":"has-post-thumbnail","7":"category-toulouse","8":"tag-actu","9":"tag-actualites","10":"tag-eu","11":"tag-europe","12":"tag-fr","13":"tag-france","14":"tag-france-monde","15":"tag-haute-garonne","16":"tag-municipales-2026","17":"tag-news","18":"tag-occitanie","19":"tag-politique","20":"tag-republique-francaise","21":"tag-toulouse","22":"tag-u00c9lections"},"share_on_mastodon":{"url":"https:\/\/pubeurope.com\/@fr\/115905815109896390","error":""},"_links":{"self":[{"href":"https:\/\/www.europesays.com\/fr\/wp-json\/wp\/v2\/posts\/668118","targetHints":{"allow":["GET"]}}],"collection":[{"href":"https:\/\/www.europesays.com\/fr\/wp-json\/wp\/v2\/posts"}],"about":[{"href":"https:\/\/www.europesays.com\/fr\/wp-json\/wp\/v2\/types\/post"}],"author":[{"embeddable":true,"href":"https:\/\/www.europesays.com\/fr\/wp-json\/wp\/v2\/users\/2"}],"replies":[{"embeddable":true,"href":"https:\/\/www.europesays.com\/fr\/wp-json\/wp\/v2\/comments?post=668118"}],"version-history":[{"count":0,"href":"https:\/\/www.europesays.com\/fr\/wp-json\/wp\/v2\/posts\/668118\/revisions"}],"wp:featuredmedia":[{"embeddable":true,"href":"https:\/\/www.europesays.com\/fr\/wp-json\/wp\/v2\/media\/668119"}],"wp:attachment":[{"href":"https:\/\/www.europesays.com\/fr\/wp-json\/wp\/v2\/media?parent=668118"}],"wp:term":[{"taxonomy":"category","embeddable":true,"href":"https:\/\/www.europesays.com\/fr\/wp-json\/wp\/v2\/categories?post=668118"},{"taxonomy":"post_tag","embeddable":true,"href":"https:\/\/www.europesays.com\/fr\/wp-json\/wp\/v2\/tags?post=668118"}],"curies":[{"name":"wp","href":"https:\/\/api.w.org\/{rel}","templated":true}]}}