{"id":668122,"date":"2026-01-16T16:53:20","date_gmt":"2026-01-16T16:53:20","guid":{"rendered":"https:\/\/www.europesays.com\/fr\/668122\/"},"modified":"2026-01-16T16:53:20","modified_gmt":"2026-01-16T16:53:20","slug":"a-lille-les-candidats-sopposent-a-nouveau-sur-lamenagement-de-la-friche-saint%e2%80%90sauveur","status":"publish","type":"post","link":"https:\/\/www.europesays.com\/fr\/668122\/","title":{"rendered":"\u00c0 Lille, les candidats s\u2019opposent \u00e0 nouveau sur l\u2019am\u00e9nagement de la friche Saint\u2010Sauveur"},"content":{"rendered":"<p>\u00ab\u202fMa question aux candidats\u00a0: quel est votre projet pour la friche Saint\u2010Sauveur\u202f? \u00bb Ce jeudi 15 janvier dans le grand amphi de Sciences Po Lille, c\u2019\u00e9tait un peu \u201cretour vers le futur\u201d pour les candidats \u00e0 l\u2019\u00e9lection municipale. Alors que le devenir de l\u2019ancienne gare de marchandise avait d\u00e9j\u00e0 \u00e9t\u00e9 le sujet majeur de la campagne de 2020, le voici \u00e0 nouveau remis sur la table\u2026 et les candidats pri\u00e9s de clarifier leurs positions.\u00a0<\/p>\n<p>Il faut rappeler que la lutte, port\u00e9e notamment par l\u2019association PARC (Protection Am\u00e9nagement R\u00e9appropriation Collective du site Saint\u2010Sauveur et de son belv\u00e9d\u00e8re) va prochainement f\u00eater ses 10 ans\u202f! Et si les activistes \u00e9cologistes ont \u00e9t\u00e9 chass\u00e9s de la ZAD \u00e0 l\u2019\u00e9t\u00e9 2023, leur \u201cbeffroi\u201d \u2013 <a href=\"https:\/\/mrmondialisation.org\/lille-un-doigt-dhonneur-geant\/\" target=\"_blank\" rel=\"noopener\">en r\u00e9alit\u00e9 un doigt d\u2019honneur g\u00e9ant<\/a> \u2013 d\u00e9mantel\u00e9, et <a href=\"https:\/\/www.lavoixdunord.fr\/1428358\/article\/2024-02-08\/apres-des-annees-de-suspense-premiers-coups-de-pioche-pour-la-metamorphose-de-la\" target=\"_blank\" rel=\"noopener\">de premiers travaux entam\u00e9s<\/a>, le feuilleton semble loin d\u2019\u00eatre termin\u00e9.<\/p>\n<p>La demande de PARC demeure toujours la m\u00eame et a le m\u00e9rite de la clart\u00e9\u00a0: que Saint\u2010Sauveur soit <a href=\"https:\/\/www.mediacites.fr\/tribune\/lille\/2020\/03\/11\/tribune-exigeons-zero-construction-sur-saint-sauveur\/\" target=\"_blank\" rel=\"noopener\">transform\u00e9 en un grand parc de 23 hectares<\/a> (la superficie totale du site). Devant plus d\u2019une centaine de personnes, B\u00e9n\u00e9dicte Vidaillet, porte\u2010parole du collectif, a une nouvelle fois d\u00e9taill\u00e9 les raisons de cette opini\u00e2tret\u00e9\u00a0: trois quart des Lillois, Lommois, Hellemmois \u2013 soit pr\u00e8s de 180 000 personnes au total \u2013 ne b\u00e9n\u00e9ficient pas d\u2019un acc\u00e8s suffisant aux espaces verts de proximit\u00e9 au regard\u00a0\u2026<\/p>\n<p>Nous vous offrons l\u2019acc\u00e8s \u00e0 cet article<\/p>\n<p>Et \u00e0 toutes nos enqu\u00eates pendant deux jours\u00a0\u00a0! <br \/>Oui, on est g\u00e9n\u00e9reux \ud83d\ude09 Mais pensez aussi \u00e0 <a href=\"https:\/\/www.mediacites.fr\/sabonner\/\" target=\"_blank\" style=\"color:#fff\" rel=\"noopener\">vous abonner<\/a>\u00a0\u00a0!<\/p>\n<p>\t\tEn renseignant votre adresse, vous acceptez nos <a href=\"https:\/\/www.mediacites.fr\/conditions-generales-d-utilisation\/\" target=\"_blank\" rel=\"noopener\">conditions g\u00e9n\u00e9rales d\u2019utilisation<\/a>. <br \/>Mediacit\u00e9s s\u2019engage \u00e0 ne pas c\u00e9der votre adresse \u00e0 des tiers. En cas d\u2019\u00e9chec, \u00e9crivez \u00e0 <a href=\"https:\/\/www.mediacites.fr\/reportage\/lille\/2026\/01\/16\/a-lille-les-candidats-sopposent-a-nouveau-sur-lamenagement-de-la-friche-saint-sauveur\/mailto:contact@mediacites.fr\" target=\"_blank\" rel=\"noopener\">contact@mediacites.fr<\/a><\/p>\n<ul>\n<li>J\u2019acc\u00e8de aux 4 \u00e9ditions de Mediacit\u00e9s (Lille, Lyon, Nantes et Toulouse)<\/li>\n<li>Je d\u00e9couvre un m\u00e9dia 100 % ind\u00e9pendant, avec 0 % de publicit\u00e9<\/li>\n<\/ul>\n<p>Envie de lire la\u00a0suite\u202f?<\/p>\n<p>Depuis neuf ans, Mediacit\u00e9s enqu\u00eate en toute ind\u00e9pendance dans votre ville. Gr\u00e2ce \u00e0 ses lecteurs\u202f! Abonnez\u2010vous pour ne rien manquer de nos enqu\u00eates, suivre les \u00e9lections municipales et soutenir un journal local d\u2019investigation.<\/p>\n<ul>\n<li>Acc\u00e8s aux 4 \u00e9ditions de Mediacit\u00e9s (Lille, Lyon, Nantes et Toulouse)<\/li>\n<li>100 % ind\u00e9pendant, avec 0 % de publicit\u00e9<\/li>\n<li>R\u00e9siliation facile \u00e0 tout moment<\/li>\n<\/ul>\n<p>Mediacit\u00e9s offre l\u2019acc\u00e8s \u00e0 cet article aux lecteurs de News2Com<\/p>\n<p>Et \u00e0 toutes nos enqu\u00eates pendant deux jours\u00a0\u00a0! <br \/>Oui, on est g\u00e9n\u00e9reux \ud83d\ude09 Mais pensez aussi \u00e0 <a href=\"https:\/\/www.mediacites.fr\/sabonner\/\" target=\"_blank\" style=\"color:#fff\" rel=\"noopener\">vous abonner<\/a>\u00a0\u00a0!<\/p>\n<p>\t\tEn renseignant votre adresse, vous acceptez nos <a href=\"https:\/\/www.mediacites.fr\/conditions-generales-d-utilisation\/\" target=\"_blank\" rel=\"noopener\">conditions g\u00e9n\u00e9rales d\u2019utilisation<\/a>. <br \/>Mediacit\u00e9s s\u2019engage \u00e0 ne pas c\u00e9der votre adresse \u00e0 des tiers. En cas d\u2019\u00e9chec, \u00e9crivez \u00e0 <a href=\"https:\/\/www.mediacites.fr\/reportage\/lille\/2026\/01\/16\/a-lille-les-candidats-sopposent-a-nouveau-sur-lamenagement-de-la-friche-saint-sauveur\/mailto:contact@mediacites.fr\" target=\"_blank\" rel=\"noopener\">contact@mediacites.fr<\/a><\/p>\n<ul>\n<li>J\u2019acc\u00e8de aux 4 \u00e9ditions de Mediacit\u00e9s (Lille, Lyon, Nantes et Toulouse)<\/li>\n<li>Je d\u00e9couvre un m\u00e9dia 100 % ind\u00e9pendant, avec 0 % de publicit\u00e9<\/li>\n<\/ul>\n","protected":false},"excerpt":{"rendered":"\u00ab\u202fMa question aux candidats\u00a0: quel est votre projet pour la friche Saint\u2010Sauveur\u202f? \u00bb Ce jeudi 15 janvier dans&hellip;\n","protected":false},"author":2,"featured_media":668123,"comment_status":"","ping_status":"","sticky":false,"template":"","format":"standard","meta":{"footnotes":""},"categories":[2815],"tags":[1111,11,54232,1292,1777,674,1011,27,811,76800,1307,3434,49775,12,2687,25,5168,76801,76802,50493],"class_list":{"0":"post-668122","1":"post","2":"type-post","3":"status-publish","4":"format-standard","5":"has-post-thumbnail","7":"category-lille","8":"tag-actu","9":"tag-actualites","10":"tag-arnaud-deslandes","11":"tag-debat","12":"tag-eu","13":"tag-europe","14":"tag-fr","15":"tag-france","16":"tag-hauts-de-france","17":"tag-lahouaria-addouche","18":"tag-lille","19":"tag-municipales-2026","20":"tag-municipales2026","21":"tag-news","22":"tag-reportage","23":"tag-republique-francaise","24":"tag-saint-sauveur","25":"tag-sciences-po-lille","26":"tag-stephane-baly","27":"tag-violette-spillebout"},"share_on_mastodon":{"url":"https:\/\/pubeurope.com\/@fr\/115905823044580068","error":""},"_links":{"self":[{"href":"https:\/\/www.europesays.com\/fr\/wp-json\/wp\/v2\/posts\/668122","targetHints":{"allow":["GET"]}}],"collection":[{"href":"https:\/\/www.europesays.com\/fr\/wp-json\/wp\/v2\/posts"}],"about":[{"href":"https:\/\/www.europesays.com\/fr\/wp-json\/wp\/v2\/types\/post"}],"author":[{"embeddable":true,"href":"https:\/\/www.europesays.com\/fr\/wp-json\/wp\/v2\/users\/2"}],"replies":[{"embeddable":true,"href":"https:\/\/www.europesays.com\/fr\/wp-json\/wp\/v2\/comments?post=668122"}],"version-history":[{"count":0,"href":"https:\/\/www.europesays.com\/fr\/wp-json\/wp\/v2\/posts\/668122\/revisions"}],"wp:featuredmedia":[{"embeddable":true,"href":"https:\/\/www.europesays.com\/fr\/wp-json\/wp\/v2\/media\/668123"}],"wp:attachment":[{"href":"https:\/\/www.europesays.com\/fr\/wp-json\/wp\/v2\/media?parent=668122"}],"wp:term":[{"taxonomy":"category","embeddable":true,"href":"https:\/\/www.europesays.com\/fr\/wp-json\/wp\/v2\/categories?post=668122"},{"taxonomy":"post_tag","embeddable":true,"href":"https:\/\/www.europesays.com\/fr\/wp-json\/wp\/v2\/tags?post=668122"}],"curies":[{"name":"wp","href":"https:\/\/api.w.org\/{rel}","templated":true}]}}