{"id":668124,"date":"2026-01-16T16:54:10","date_gmt":"2026-01-16T16:54:10","guid":{"rendered":"https:\/\/www.europesays.com\/fr\/668124\/"},"modified":"2026-01-16T16:54:10","modified_gmt":"2026-01-16T16:54:10","slug":"grave-accident-a-marseille-le-frein-a-main-lache-un-fourgon-percute-plusieurs-enfants","status":"publish","type":"post","link":"https:\/\/www.europesays.com\/fr\/668124\/","title":{"rendered":"Grave accident \u00e0 Marseille. Le frein \u00e0 main l\u00e2che, un fourgon percute plusieurs enfants"},"content":{"rendered":"<p>                    Par<br \/>\n        <strong><br \/>\n            <a href=\"https:\/\/actu.fr\/auteur\/thibault-nadal-actu-fr\" title=\"Consulter tous les articles de Thibault Nadal\" target=\"_blank\" rel=\"noopener\">Thibault Nadal<\/a><br \/>\n                    <\/strong><\/p>\n<p>        Publi\u00e9 le<\/p>\n<p>            16 janv. 2026 \u00e0 17h39        <\/p>\n<p>Ce vendredi 16\u00a0janvier 2026, un grave <a href=\"https:\/\/actu.fr\/tag\/accident\" target=\"_blank\" rel=\"noopener\">accident<\/a> a eu lieu dans le 9e arrondissement de <a href=\"https:\/\/actu.fr\/marseille\/\" target=\"_blank\" rel=\"noopener\">Marseille<\/a>. Quatre enfants ont \u00e9t\u00e9 <strong>bless\u00e9s et transport\u00e9s \u00e0 l\u2019h\u00f4pital<\/strong>, indiquent <a href=\"https:\/\/actu.fr\/tag\/marin-pompier\" target=\"_blank\" rel=\"noopener\">les marins-pompiers,<\/a> confirmant une information de <a href=\"https:\/\/www.laprovence.com\/article\/faits-divers-justice\/24886972728531\/un-groupe-denfants-percute-par-un-fourgon-de-livraison-lors-dune-sortie-scolaire-a-marseille\" target=\"_blank\" rel=\"noopener\">La Provence.<\/a><\/p>\n<p>Le frein \u00e0 main d\u2019un v\u00e9hicule \u00e0 l\u2019arr\u00eat a l\u00e2ch\u00e9<\/p>\n<p class=\" wall-content\">Il \u00e9tait 15h45 ce vendredi quand un groupe de <strong>24\u00a0enfants<\/strong> se trouve sur <strong>l\u2019avenue Colgate,<\/strong> dans le quartier des Baumettes, o\u00f9 se trouve l\u2019\u00e9cole \u00e9l\u00e9mentaire La Baume.<\/p>\n<p>    <a href=\"https:\/\/www.google.com\/maps\/embed?pb=!1m18!1m12!1m3!1d1711.867827196307!2d5.408415687101802!3d43.23345182311935!2m3!1f0!2f0!3f0!3m2!1i1024!2i768!4f13.1!3m3!1m2!1s0x12c9b866b0f76a15%3A0xe94af66236d068f4!2zw4ljb2xlIMOpbMOpbWVudGFpcmUgTGEgQmF1bWU!5e0!3m2!1sfr!2sfr!4v1768581306161!5m2!1sfr!2sfr\" title=\"Ouvrie le lien\" target=\"_blank\" rel=\"noopener\">Cliquez ici pour visualiser le contenu<\/a><\/p>\n<p class=\" wall-content\"><strong>Un v\u00e9hicule, un fourgon selon nos confr\u00e8res de La Provence, est stationn\u00e9 juste \u00e0 c\u00f4t\u00e9<\/strong>. Selon les secours, le frein \u00e0 main a l\u00e2ch\u00e9 et plusieurs enfants ont \u00e9t\u00e9 percut\u00e9s. Quatre d\u2019entre eux ont \u00e9t\u00e9 transport\u00e9s \u00e0 l\u2019h\u00f4pital.<\/p>\n<p>L\u2019adjoint \u00e0 l\u2019\u00c9ducation sur place<\/p>\n<p class=\" wall-content\">Il s\u2019agit de deux gar\u00e7ons de 8\u00a0ans, un de 9\u00a0ans et une fillette de 9\u00a0ans \u00e9galement.<\/p>\n<p class=\" wall-content\">Apr\u00e8s ce choc, l\u2019adjoint \u00e0 l\u2019\u00c9ducation de Beno\u00eet Payan, <strong>Pierre Huguet<\/strong>, s\u2019est imm\u00e9diatement rendu sur place, r\u00e9v\u00e8lent les marins-pompiers.<\/p>\n<p class=\" wall-content\">Personnalisez votre actualit\u00e9 en ajoutant vos villes et m\u00e9dias en favori avec <a href=\"https:\/\/moncompte.actu.fr\" title=\"D\u00e9couvez Mon Actu\" rel=\"nofollow noopener\" data-trk=\"{&quot;cta&quot;:{&quot;action&quot;:&quot;https:\\\/\\\/moncompte.actu.fr&quot;,&quot;category&quot;:&quot;mon compte&quot;,&quot;from&quot;:&quot;article footer&quot;,&quot;name&quot;:&quot;Mon actu&quot;,&quot;type&quot;:&quot;cta&quot;}}\" target=\"_blank\">Mon Actu<\/a>.<\/p>\n","protected":false},"excerpt":{"rendered":"Par Thibault Nadal Publi\u00e9 le 16 janv. 2026 \u00e0 17h39 Ce vendredi 16\u00a0janvier 2026, un grave accident a&hellip;\n","protected":false},"author":2,"featured_media":99500,"comment_status":"","ping_status":"","sticky":false,"template":"","format":"standard","meta":{"footnotes":""},"categories":[2814],"tags":[119,1111,11,1777,674,118,1011,27,17289,884,12,882,25],"class_list":{"0":"post-668124","1":"post","2":"type-post","3":"status-publish","4":"format-standard","5":"has-post-thumbnail","7":"category-marseille","8":"tag-accident","9":"tag-actu","10":"tag-actualites","11":"tag-eu","12":"tag-europe","13":"tag-faits-divers","14":"tag-fr","15":"tag-france","16":"tag-marin-pompier","17":"tag-marseille","18":"tag-news","19":"tag-provence-alpes-cote-dazur","20":"tag-republique-francaise"},"share_on_mastodon":{"url":"https:\/\/pubeurope.com\/@fr\/115905826960259423","error":""},"_links":{"self":[{"href":"https:\/\/www.europesays.com\/fr\/wp-json\/wp\/v2\/posts\/668124","targetHints":{"allow":["GET"]}}],"collection":[{"href":"https:\/\/www.europesays.com\/fr\/wp-json\/wp\/v2\/posts"}],"about":[{"href":"https:\/\/www.europesays.com\/fr\/wp-json\/wp\/v2\/types\/post"}],"author":[{"embeddable":true,"href":"https:\/\/www.europesays.com\/fr\/wp-json\/wp\/v2\/users\/2"}],"replies":[{"embeddable":true,"href":"https:\/\/www.europesays.com\/fr\/wp-json\/wp\/v2\/comments?post=668124"}],"version-history":[{"count":0,"href":"https:\/\/www.europesays.com\/fr\/wp-json\/wp\/v2\/posts\/668124\/revisions"}],"wp:featuredmedia":[{"embeddable":true,"href":"https:\/\/www.europesays.com\/fr\/wp-json\/wp\/v2\/media\/99500"}],"wp:attachment":[{"href":"https:\/\/www.europesays.com\/fr\/wp-json\/wp\/v2\/media?parent=668124"}],"wp:term":[{"taxonomy":"category","embeddable":true,"href":"https:\/\/www.europesays.com\/fr\/wp-json\/wp\/v2\/categories?post=668124"},{"taxonomy":"post_tag","embeddable":true,"href":"https:\/\/www.europesays.com\/fr\/wp-json\/wp\/v2\/tags?post=668124"}],"curies":[{"name":"wp","href":"https:\/\/api.w.org\/{rel}","templated":true}]}}