{"id":668132,"date":"2026-01-16T17:00:18","date_gmt":"2026-01-16T17:00:18","guid":{"rendered":"https:\/\/www.europesays.com\/fr\/668132\/"},"modified":"2026-01-16T17:00:18","modified_gmt":"2026-01-16T17:00:18","slug":"mon-commerce-et-mes-salaries-sont-jetes-en-pature-un-vendeur-de-poupees-sexuelles-denonce-un-amalgame","status":"publish","type":"post","link":"https:\/\/www.europesays.com\/fr\/668132\/","title":{"rendered":"\u00ab\u00a0Mon commerce et mes salari\u00e9s sont jet\u00e9s en p\u00e2ture\u00a0\u00bb\u00a0: un vendeur de poup\u00e9es sexuelles d\u00e9nonce un amalgame"},"content":{"rendered":"<p class=\"paragraph text_align_left lp-f-body-02\">C\u00e9dric Primeaux ne cache pas sa col\u00e8re teint\u00e9e d\u2019amertume. \u00ab Mon commerce et mes salari\u00e9s sont jet\u00e9s en p\u00e2ture alors que nous ne vendons que des poup\u00e9es sexuelles \u00e0 la morphologie d\u2019adultes et des milliers de r\u00e9f\u00e9rences de sex-toys \u00bb, s\u2019insurge le responsable de l\u2019entreprise Love and Vibes, situ\u00e9e \u00e0 Castelginest (Haute-Garonne), au nord de l\u2019agglom\u00e9ration toulousaine. \u00ab Notre secteur, c\u2019est le bien-\u00eatre sexuel pour les adultes, ce qui n\u2019a rien \u00e0 voir avec les <a href=\"https:\/\/www.leparisien.fr\/societe\/poupees-sexuelles-a-leffigie-denfants-pourquoi-des-sites-de-vente-echappent-aux-regles-des-plates-formes-pornos-06-11-2025-FGJMW2R7KBAIFG2ETCGNRO7BMY.php\" target=\"_self\" rel=\"noopener\">poup\u00e9es p\u00e9dopornographiques<\/a> vendues par <a href=\"https:\/\/www.leparisien.fr\/economie\/shein\/\" target=\"_self\" rel=\"noopener\">Shein<\/a> qui sont une honte \u00bb, ajoute celui qui s\u2019est retrouv\u00e9 \u00ab affich\u00e9 \u00bb comme un fournisseur de produits convoit\u00e9s par certains p\u00e9docriminels.<\/p>\n<p class=\"\">Ce vendredi matin, vers 7h30, le chef d\u2019entreprise a \u00e9t\u00e9 alert\u00e9 par l\u2019un de ses employ\u00e9s que leur boutique \u00e9tait <a href=\"https:\/\/www.leparisien.fr\/hauts-de-seine-92\/vente-de-poupees-sexuelles-enfantines-en-ligne-une-descente-de-police-a-levallois-une-enquete-ouverte-12-01-2026-ASKWTIEYV5G7VK54HTSFR4ITDY.php\" target=\"_self\" rel=\"noopener\">accus\u00e9e par Mouv\u2019Enfants<\/a> de vendre des poup\u00e9es sexuelles aux visages d\u2019adolescentes. Depuis le scandale des poup\u00e9es p\u00e9dopornographiques vendues sur le site de Shein, l\u2019association qui lutte contre toutes les formes de violence faites aux enfants cible les commerces en France proposant de tels produits. Elle a fait un signalement \u00e0 la justice concernant la soci\u00e9t\u00e9 Love and Vibes, r\u00e9clamant sa fermeture et que les acheteurs soient poursuivis par la justice. Une accusation totalement fausse selon cet acteur de l\u2019e-commerce qui poss\u00e8de des locaux \u00e0 Castelginest et emploie 12 salari\u00e9s.<\/p>\n","protected":false},"excerpt":{"rendered":"C\u00e9dric Primeaux ne cache pas sa col\u00e8re teint\u00e9e d\u2019amertume. \u00ab Mon commerce et mes salari\u00e9s sont jet\u00e9s en&hellip;\n","protected":false},"author":2,"featured_media":668133,"comment_status":"","ping_status":"","sticky":false,"template":"","format":"standard","meta":{"footnotes":""},"categories":[1888],"tags":[1111,1928,11,1927,459,1777,674,118,1011,27,12,1926,626,1925,25],"class_list":{"0":"post-668132","1":"post","2":"type-post","3":"status-publish","4":"format-standard","5":"has-post-thumbnail","7":"category-paris","8":"tag-actu","9":"tag-actu-paris","10":"tag-actualites","11":"tag-actualites-paris","12":"tag-departements-horsidfo","13":"tag-eu","14":"tag-europe","15":"tag-faits-divers","16":"tag-fr","17":"tag-france","18":"tag-news","19":"tag-news-paris","20":"tag-paris","21":"tag-paris-news","22":"tag-republique-francaise"},"share_on_mastodon":{"url":"https:\/\/pubeurope.com\/@fr\/115905850851731290","error":""},"_links":{"self":[{"href":"https:\/\/www.europesays.com\/fr\/wp-json\/wp\/v2\/posts\/668132","targetHints":{"allow":["GET"]}}],"collection":[{"href":"https:\/\/www.europesays.com\/fr\/wp-json\/wp\/v2\/posts"}],"about":[{"href":"https:\/\/www.europesays.com\/fr\/wp-json\/wp\/v2\/types\/post"}],"author":[{"embeddable":true,"href":"https:\/\/www.europesays.com\/fr\/wp-json\/wp\/v2\/users\/2"}],"replies":[{"embeddable":true,"href":"https:\/\/www.europesays.com\/fr\/wp-json\/wp\/v2\/comments?post=668132"}],"version-history":[{"count":0,"href":"https:\/\/www.europesays.com\/fr\/wp-json\/wp\/v2\/posts\/668132\/revisions"}],"wp:featuredmedia":[{"embeddable":true,"href":"https:\/\/www.europesays.com\/fr\/wp-json\/wp\/v2\/media\/668133"}],"wp:attachment":[{"href":"https:\/\/www.europesays.com\/fr\/wp-json\/wp\/v2\/media?parent=668132"}],"wp:term":[{"taxonomy":"category","embeddable":true,"href":"https:\/\/www.europesays.com\/fr\/wp-json\/wp\/v2\/categories?post=668132"},{"taxonomy":"post_tag","embeddable":true,"href":"https:\/\/www.europesays.com\/fr\/wp-json\/wp\/v2\/tags?post=668132"}],"curies":[{"name":"wp","href":"https:\/\/api.w.org\/{rel}","templated":true}]}}