{"id":668134,"date":"2026-01-16T17:01:12","date_gmt":"2026-01-16T17:01:12","guid":{"rendered":"https:\/\/www.europesays.com\/fr\/668134\/"},"modified":"2026-01-16T17:01:12","modified_gmt":"2026-01-16T17:01:12","slug":"voici-le-prix-a-payer-pour-etre-leur-voisin-a-la-villa-montmorency-on-na-pas-le-sentiment-detre-a-paris","status":"publish","type":"post","link":"https:\/\/www.europesays.com\/fr\/668134\/","title":{"rendered":"voici le prix \u00e0 payer pour \u00eatre leur voisin \u00e0 la Villa Montmorency, \u00ab\u00a0On n\u2019a pas le sentiment d\u2019\u00eatre \u00e0 Paris\u00a0\u00bb"},"content":{"rendered":"<p>Depuis plus de dix ans, <a href=\"https:\/\/www.mariefrance.fr\/news-people\/carla-bruni-et-nicolas-sarkozy-oeufs-mayonnaise-a-16-e-combien-a-coute-leur-dejeuner-de-retrouvailles-au-tres-chic-restaurant-le-flandrin-a-paris-1219129.html\" target=\"_blank\" rel=\"noopener\">Nicolas Sarkozy et Carla Bruni<\/a><br \/>\nont choisi de se faire discrets, loin de l\u2019agitation politique et<br \/>\nm\u00e9diatique qui a longtemps rythm\u00e9 leur quotidien. Derri\u00e8re de hauts<br \/>\nmurs et des grilles soigneusement gard\u00e9es, <strong>le couple vit<br \/>\naujourd\u2019hui dans un lieu \u00e0 part<\/strong>, presque hors du<br \/>\ntemps.<\/p>\n<p>Un endroit dont le nom fait r\u00eaver et que beaucoup voient comme<br \/>\nun symbole d\u2019ultra-luxe inaccessible. Mais combien faut-il<br \/>\nr\u00e9ellement d\u00e9bourser pour esp\u00e9rer vivre dans ce quartier pas comme<br \/>\nles autres ? Selon <a href=\"https:\/\/www.gala.fr\/lifestyle\/nicolas-sarkozy-et-carla-bruni-combien-ca-coute-d-etre-leurs-voisins-a-la-villa-montmorency-20260114\" target=\"_blank\" rel=\"nofollow noopener\">Gala<\/a>, les<br \/>\nchiffres donnent rapidement le vertige. Et ils expliquent pourquoi<br \/>\nsi peu de Parisiens peuvent pr\u00e9tendre y poser leurs valises.<\/p>\n<p>La famille Sarkozy dans un refuge ultra-s\u00e9curis\u00e9 au c\u0153ur de<br \/>\nParis<\/p>\n<p>Depuis leur d\u00e9part de l\u2019\u00c9lys\u00e9e en 2012, Nicolas Sarkozy et<br \/>\n<a href=\"https:\/\/www.mariefrance.fr\/news-people\/avant-nicolas-sarkozy-carla-bruni-trouple-raphael-enthoven-pere-1219095.html\" target=\"_blank\" rel=\"noopener\">Carla Bruni<\/a> se sont install\u00e9s<br \/>\ndans une maison situ\u00e9e au sein de la Villa Montmorency. C\u2019est une<br \/>\nenclave priv\u00e9e nich\u00e9e dans le tr\u00e8s chic 16\u1d49 arrondissement de<br \/>\nParis. Ce quartier r\u00e9sidentiel ferm\u00e9 fonctionne comme une v\u00e9ritable<br \/>\n\u00ab gated community \u00bb, <strong>un concept encore rare en<br \/>\nFrance<\/strong>. L\u2019acc\u00e8s y est strictement contr\u00f4l\u00e9, avec une<br \/>\nsurveillance permanente.<\/p>\n<p>\u00ab L\u2019\u00e9norme vertu de la Villa Montmorency, c\u2019est d\u2019\u00eatre<br \/>\nferm\u00e9, gardienn\u00e9 24h\/24, avec ma\u00eetre-chien et cam\u00e9ras \u00bb,<br \/>\nexplique Charles-Marie Jottras, pr\u00e9sident du groupe immobilier haut<br \/>\nde gamme Daniel F\u00e9au. Un dispositif qui s\u00e9duit des<br \/>\npersonnalit\u00e9s soucieuses de leur tranquillit\u00e9. \u00c0 l\u2019image de Nicolas<br \/>\nSarkozy, mais aussi <strong>d\u2019autres c\u00e9l\u00e9brit\u00e9s comme Myl\u00e8ne Farmer<br \/>\nou David Hallyday<\/strong>. La s\u00e9curit\u00e9 est ici un argument<br \/>\ncentral, presque aussi important que le cadre de vie lui-m\u00eame.<\/p>\n<p><img loading=\"lazy\" decoding=\"async\" aria-describedby=\"caption-attachment-935873\" itemprop=\"thumbnailUrl\" class=\"size-full wp-image-935873 img-responsive\" src=\"https:\/\/www.europesays.com\/fr\/wp-content\/uploads\/2026\/01\/3-337.jpg\" alt=\"Villa Montmorency\" width=\"1200\" height=\"630\"\/><br \/>\n\u00a9<br \/>\nShutterstock<\/p>\n<p id=\"caption-attachment-935873\" class=\"wp-caption-text\">C\u2019est ici<br \/>\nque Nicolas Sarkozy, Carla Bruni et leur fille Giulia vivent en<br \/>\ntoute tranquillit\u00e9 depuis une dizaine d\u2019ann\u00e9es.<\/p>\n<p>Nicolas Sarkozy et Carla bruni : une vie au luxe discret<\/p>\n<p>Au-del\u00e0 de la s\u00e9curit\u00e9, c\u2019est l\u2019atmosph\u00e8re unique de la <a href=\"https:\/\/www.mariefrance.fr\/news-people\/carla-bruni-ouvre-portes-spectaculaire-maison-villa-montmorency-coule-jours-heureux-nicolas-giula-sarkozy-1230242.html\" target=\"_blank\" rel=\"noopener\">Villa Montmorency<\/a> qui attire une<br \/>\nclient\u00e8le tr\u00e8s sp\u00e9cifique. \u00ab On n\u2019a pas le sentiment d\u2019\u00eatre \u00e0<br \/>\nParis. On est un peu \u00e0 la campagne. C\u2019est extr\u00eamement calme \u00bb,<br \/>\nd\u00e9taille Charles-Marie Jottras. <strong>Un paradoxe assum\u00e9 pour ce<br \/>\nquartier pourtant situ\u00e9 en plein c\u0153ur de la capitale<\/strong>.<br \/>\nAppr\u00e9ci\u00e9e par une client\u00e8le \u00ab fortun\u00e9e, essentiellement fran\u00e7aise,<br \/>\net familiale \u00bb, la Villa Montmorency s\u00e9duit aussi pour son ambiance<br \/>\nbucolique et la pr\u00e9sence de bonnes \u00e9coles \u00e0 proximit\u00e9.<\/p>\n<p>Les maisons, entour\u00e9es de jardins arbor\u00e9s, donnent l\u2019impression<br \/>\nde vivre loin du tumulte urbain. R\u00e9sultat : les biens sont<br \/>\nextr\u00eamement rares sur le march\u00e9. Le groupe Daniel F\u00e9au<br \/>\nn\u2019en vendrait qu\u2019\u00ab environ deux par an \u00bb. Et <strong>le<br \/>\nmarch\u00e9 locatif est, lui, quasi inexistant<\/strong>. Vivre dans le<br \/>\nm\u00eame quartier que la famille Sarkozy, c\u2019est donc autant une<br \/>\nquestion de moyens que d\u2019opportunit\u00e9.<\/p>\n<p><img loading=\"lazy\" decoding=\"async\" aria-describedby=\"caption-attachment-935872\" class=\"size-full wp-image-935872 img-responsive\" src=\"https:\/\/www.europesays.com\/fr\/wp-content\/uploads\/2026\/01\/4-318.jpg\" alt=\"Nicolas Sarkozy et Carla Bruni\" width=\"1200\" height=\"630\"\/> \u00a9 Shutterstock<\/p>\n<p id=\"caption-attachment-935872\" class=\"wp-caption-text\">C&rsquo;est<br \/>\ndans un quartier ultra-s\u00e9curis\u00e9 que vit la famille Sarkozy.<\/p>\n<p>Pour devenir le voisin des Sarkozy, il<br \/>\nfaut mettre le prix<\/p>\n<p>C\u2019est l\u00e0 que la r\u00e9alit\u00e9 financi\u00e8re s\u2019impose. Les maisons mises<br \/>\nen vente \u00e0 la Villa Montmorency affichent des surfaces autour de<br \/>\n350 \u00e0 400 m\u00b2, avec jardin. \u00ab Les prix d\u00e9pendent de l\u2019\u00e9tat de la<br \/>\nvilla, de ses qualit\u00e9s \u00bb, pr\u00e9cise Charles-Marie Jottras. Avant<br \/>\nd\u2019annoncer une fourchette qui donne le ton : <strong>entre 5 et 15<br \/>\nmillions d\u2019euros<\/strong>. En moyenne, il faut compter entre 7 et<br \/>\n10 millions d\u2019euros pour une maison de 400 m\u00b2. Tandis que certaines<br \/>\nvillas atteignent les 30 millions d\u2019euros. Le prix au m\u00e8tre carr\u00e9<br \/>\nest tout aussi impressionnant. \u00ab On est autour de 20 000 euros<br \/>\ndu m\u00b2 \u00bb, confirme le sp\u00e9cialiste de l\u2019immobilier de luxe.<\/p>\n<blockquote class=\"twitter-tweet\"><p><a class=\"twitter-link\" rel=\"noindex, nofollow noopener\" href=\"https:\/\/twitter.com\/mariefrancemag\/status\/1869383845033767245\" target=\"_blank\"><\/p><\/blockquote>\n<p>\u00c0 titre de comparaison, le prix m\u00e9dian du m\u00b2 dans le 16\u1d49<br \/>\narrondissement de Paris s\u2019\u00e9l\u00e8ve \u00e0 12 281 euros, selon Le Figaro<br \/>\nImmobilier. Et il tombe \u00e0 10 426 euros pour l\u2019ensemble de la<br \/>\ncapitale. L\u2019\u00e9cart est donc colossal : jusqu\u2019\u00e0 10 000 euros de plus<br \/>\npar m\u00e8tre carr\u00e9 pour vivre dans ce micro-quartier ultra-privil\u00e9gi\u00e9.<br \/>\n<strong>Un prix exorbitant, mais assum\u00e9<\/strong> par ceux qui<br \/>\nrecherchent une forme de luxe rare : celui d\u2019une maison de campagne<br \/>\nen plein Paris, et \u00e0 quelques pas de Nicolas Sarkozy et Carla<br \/>\nBruni.<\/p>\n<p><script async src=\"https:\/\/platform.twitter.com\/widgets.js\" charset=\"utf-8\"><\/script><\/p>\n","protected":false},"excerpt":{"rendered":"Depuis plus de dix ans, Nicolas Sarkozy et Carla Bruni ont choisi de se faire discrets, loin de&hellip;\n","protected":false},"author":2,"featured_media":668135,"comment_status":"","ping_status":"","sticky":false,"template":"","format":"standard","meta":{"footnotes":""},"categories":[1888],"tags":[1111,1928,11,1927,21303,1777,674,1011,27,12,1926,626,1925,25],"class_list":{"0":"post-668134","1":"post","2":"type-post","3":"status-publish","4":"format-standard","5":"has-post-thumbnail","7":"category-paris","8":"tag-actu","9":"tag-actu-paris","10":"tag-actualites","11":"tag-actualites-paris","12":"tag-buzz_nonli","13":"tag-eu","14":"tag-europe","15":"tag-fr","16":"tag-france","17":"tag-news","18":"tag-news-paris","19":"tag-paris","20":"tag-paris-news","21":"tag-republique-francaise"},"share_on_mastodon":{"url":"https:\/\/pubeurope.com\/@fr\/115905854679571714","error":""},"_links":{"self":[{"href":"https:\/\/www.europesays.com\/fr\/wp-json\/wp\/v2\/posts\/668134","targetHints":{"allow":["GET"]}}],"collection":[{"href":"https:\/\/www.europesays.com\/fr\/wp-json\/wp\/v2\/posts"}],"about":[{"href":"https:\/\/www.europesays.com\/fr\/wp-json\/wp\/v2\/types\/post"}],"author":[{"embeddable":true,"href":"https:\/\/www.europesays.com\/fr\/wp-json\/wp\/v2\/users\/2"}],"replies":[{"embeddable":true,"href":"https:\/\/www.europesays.com\/fr\/wp-json\/wp\/v2\/comments?post=668134"}],"version-history":[{"count":0,"href":"https:\/\/www.europesays.com\/fr\/wp-json\/wp\/v2\/posts\/668134\/revisions"}],"wp:featuredmedia":[{"embeddable":true,"href":"https:\/\/www.europesays.com\/fr\/wp-json\/wp\/v2\/media\/668135"}],"wp:attachment":[{"href":"https:\/\/www.europesays.com\/fr\/wp-json\/wp\/v2\/media?parent=668134"}],"wp:term":[{"taxonomy":"category","embeddable":true,"href":"https:\/\/www.europesays.com\/fr\/wp-json\/wp\/v2\/categories?post=668134"},{"taxonomy":"post_tag","embeddable":true,"href":"https:\/\/www.europesays.com\/fr\/wp-json\/wp\/v2\/tags?post=668134"}],"curies":[{"name":"wp","href":"https:\/\/api.w.org\/{rel}","templated":true}]}}