{"id":668138,"date":"2026-01-16T17:03:11","date_gmt":"2026-01-16T17:03:11","guid":{"rendered":"https:\/\/www.europesays.com\/fr\/668138\/"},"modified":"2026-01-16T17:03:11","modified_gmt":"2026-01-16T17:03:11","slug":"ou-voir-la-finale-senegal-maroc-de-la-can-2025","status":"publish","type":"post","link":"https:\/\/www.europesays.com\/fr\/668138\/","title":{"rendered":"O\u00f9 voir la finale S\u00e9n\u00e9gal\u2013Maroc de la CAN 2025"},"content":{"rendered":"<p>  Permettre aux fans de foot de profiter des meilleurs matchs de la CAN dans l&rsquo;ancien TATI Barb\u00e8s (18e)\u00a0? C&rsquo;est le projet \u00ab\u00a0Tribune Barb\u00e8s\u00a0\u00bb, initi\u00e9 par l&rsquo;<a href=\"https:\/\/www.instagram.com\/p\/DTdJy1rDau4\/?hl=fr\" target=\"_blank\" rel=\"noopener\" title=\"Ouverture dans un nouvel onglet\">Union de la Jeunesse Internationale<\/a> et la plateforme culturelle <a href=\"https:\/\/www.instagram.com\/airafrique_\/?hl=fr\" target=\"_blank\" rel=\"noopener\" title=\"Ouverture dans un nouvel onglet\">Air Afrique<\/a>. Ce dimanche, la finale est diffus\u00e9e gratuitement dans l&rsquo;ancien magasin du 18e. Des animations sont pr\u00e9vues en amont du match, dont un stand de flocage gratuit de maillots (vierges). \u00c9v\u00e9nement sans inscription, mais soumis \u00e0 une jauge.<br \/>\n<script async src=\"\/\/www.instagram.com\/embed.js\"><\/script><\/p>\n","protected":false},"excerpt":{"rendered":"Permettre aux fans de foot de profiter des meilleurs matchs de la CAN dans l&rsquo;ancien TATI Barb\u00e8s (18e)\u00a0?&hellip;\n","protected":false},"author":2,"featured_media":668139,"comment_status":"","ping_status":"","sticky":false,"template":"","format":"standard","meta":{"footnotes":""},"categories":[1888],"tags":[11,1777,674,1011,27,12,626,25],"class_list":{"0":"post-668138","1":"post","2":"type-post","3":"status-publish","4":"format-standard","5":"has-post-thumbnail","7":"category-paris","8":"tag-actualites","9":"tag-eu","10":"tag-europe","11":"tag-fr","12":"tag-france","13":"tag-news","14":"tag-paris","15":"tag-republique-francaise"},"share_on_mastodon":{"url":"https:\/\/pubeurope.com\/@fr\/115905862274731709","error":""},"_links":{"self":[{"href":"https:\/\/www.europesays.com\/fr\/wp-json\/wp\/v2\/posts\/668138","targetHints":{"allow":["GET"]}}],"collection":[{"href":"https:\/\/www.europesays.com\/fr\/wp-json\/wp\/v2\/posts"}],"about":[{"href":"https:\/\/www.europesays.com\/fr\/wp-json\/wp\/v2\/types\/post"}],"author":[{"embeddable":true,"href":"https:\/\/www.europesays.com\/fr\/wp-json\/wp\/v2\/users\/2"}],"replies":[{"embeddable":true,"href":"https:\/\/www.europesays.com\/fr\/wp-json\/wp\/v2\/comments?post=668138"}],"version-history":[{"count":0,"href":"https:\/\/www.europesays.com\/fr\/wp-json\/wp\/v2\/posts\/668138\/revisions"}],"wp:featuredmedia":[{"embeddable":true,"href":"https:\/\/www.europesays.com\/fr\/wp-json\/wp\/v2\/media\/668139"}],"wp:attachment":[{"href":"https:\/\/www.europesays.com\/fr\/wp-json\/wp\/v2\/media?parent=668138"}],"wp:term":[{"taxonomy":"category","embeddable":true,"href":"https:\/\/www.europesays.com\/fr\/wp-json\/wp\/v2\/categories?post=668138"},{"taxonomy":"post_tag","embeddable":true,"href":"https:\/\/www.europesays.com\/fr\/wp-json\/wp\/v2\/tags?post=668138"}],"curies":[{"name":"wp","href":"https:\/\/api.w.org\/{rel}","templated":true}]}}